{"id":49396,"date":"2026-03-13T12:18:45","date_gmt":"2026-03-13T11:18:45","guid":{"rendered":"https:\/\/www.streetchildrenofkinshasa.org\/?p=49396"},"modified":"2026-03-13T12:18:46","modified_gmt":"2026-03-13T11:18:46","slug":"le-nonce-apostolique-en-rdc-aupres-des-jeunes-de-la-rue-de-ndako-ya-biso","status":"publish","type":"post","link":"https:\/\/www.streetchildrenofkinshasa.org\/fr\/le-nonce-apostolique-en-rdc-aupres-des-jeunes-de-la-rue-de-ndako-ya-biso\/","title":{"rendered":"LE NONCE APOSTOLIQUE EN RDC AUPR\u00c8S DES JEUNES DE LA RUE DE NDAKO YA BISO"},"content":{"rendered":"\n<div class=\"wp-block-columns is-layout-flex wp-container-core-columns-is-layout-9d6595d7 wp-block-columns-is-layout-flex\">\n<div class=\"wp-block-column is-layout-flow wp-block-column-is-layout-flow\" style=\"flex-basis:66.66%\">\n<p>Le dimanche 15 janvier a eu lieu une messe avec le nonce apostolique dans notre nouveau centre d\u2019accueil des grands jeunes de la rue.<\/p>\n\n\n\n<p>Invit\u00e9 au mois de novembre dernier \u00e0 l&rsquo;inauguration de ce dernier, il n\u2019avait pas pu venir et s\u2019\u00e9tait excus\u00e9 mais il nous avait t\u00e9l\u00e9phon\u00e9 pour proposer lui-m\u00eame une autre date pour venir nous visiter.<\/p>\n\n\n\n<p>Nous avons \u00e9t\u00e9 honor\u00e9s de sa pr\u00e9sence, par la messe et surtout par sa parole de responsabilisation et d&rsquo;esp\u00e9rance. Une centaine de grands jeunes de la rue ainsi que nos enfants de nos deux centres des gar\u00e7ons et des filles \u00e9taient pr\u00e9sents et ont chant\u00e9 et dans\u00e9 la messe avec enthousiasme. La lecture a \u00e9t\u00e9 faite par une de nos grandes jeunes qui a termin\u00e9 son alphab\u00e9tisation au centre.<\/p>\n\n\n\n<p>Le nonce a focalis\u00e9 son hom\u00e9lie sur la responsabilit\u00e9 de chacun face au choix. L&rsquo;homme n&rsquo;est pas une machine programm\u00e9e ni un robot qui s&rsquo;ex\u00e9cute sans r\u00e9fl\u00e9chir. Nous sommes des arbitres libres.<\/p>\n\n\n\n<p>La lecture a \u00e9t\u00e9 tir\u00e9e dans le livre de <strong><em>SIRA 15 : 15-20<\/em><\/strong>. Pour le nonce, chaque jeune doit bien choisir : plut\u00f4t demander que voler, plut\u00f4t pardonner que rendre le mal, plut\u00f4t faire la paix que faire la violence. Il a exhort\u00e9 l&rsquo;assembl\u00e9e \u00e0 demander la force de l&rsquo;Esprit Saint.<\/p>\n<\/div>\n\n\n\n<div class=\"wp-block-column is-layout-flow wp-block-column-is-layout-flow\" style=\"flex-basis:33.33%\">\n<figure class=\"wp-block-image size-full\"><img loading=\"lazy\" decoding=\"async\" width=\"344\" height=\"509\" src=\"https:\/\/www.streetchildrenofkinshasa.org\/wp-content\/uploads\/2026\/03\/Image2-1.png\" alt=\"\" class=\"wp-image-49401\" srcset=\"https:\/\/www.streetchildrenofkinshasa.org\/wp-content\/uploads\/2026\/03\/Image2-1.png 344w, https:\/\/www.streetchildrenofkinshasa.org\/wp-content\/uploads\/2026\/03\/Image2-1-203x300.png 203w\" sizes=\"auto, (max-width: 344px) 100vw, 344px\" \/><\/figure>\n<\/div>\n<\/div>\n\n\n\n<div class=\"wp-block-columns is-layout-flex wp-container-core-columns-is-layout-9d6595d7 wp-block-columns-is-layout-flex\">\n<div class=\"wp-block-column is-layout-flow wp-block-column-is-layout-flow\" style=\"flex-basis:100%\">\n<div class=\"wp-block-columns is-layout-flex wp-container-core-columns-is-layout-9d6595d7 wp-block-columns-is-layout-flex\">\n<div class=\"wp-block-column is-layout-flow wp-block-column-is-layout-flow\" style=\"flex-basis:33.33%\">\n<figure class=\"wp-block-image size-large\"><img loading=\"lazy\" decoding=\"async\" width=\"835\" height=\"1024\" src=\"https:\/\/www.streetchildrenofkinshasa.org\/wp-content\/uploads\/2026\/03\/Image3-835x1024.png\" alt=\"\" class=\"wp-image-49402\" srcset=\"https:\/\/www.streetchildrenofkinshasa.org\/wp-content\/uploads\/2026\/03\/Image3-835x1024.png 835w, https:\/\/www.streetchildrenofkinshasa.org\/wp-content\/uploads\/2026\/03\/Image3-245x300.png 245w, https:\/\/www.streetchildrenofkinshasa.org\/wp-content\/uploads\/2026\/03\/Image3-768x942.png 768w, https:\/\/www.streetchildrenofkinshasa.org\/wp-content\/uploads\/2026\/03\/Image3.png 1186w\" sizes=\"auto, (max-width: 835px) 100vw, 835px\" \/><\/figure>\n<\/div>\n\n\n\n<div class=\"wp-block-column is-layout-flow wp-block-column-is-layout-flow\" style=\"flex-basis:66.66%\">\n<p>Les responsables du centre ont expliqu\u00e9 l\u2019importance de ce nouveau lieu d&rsquo;accueil et les quatre \u00e9tapes d&rsquo;accompagnement des grands jeunes \u00e0 savoir : l&rsquo;accueil et le suivi psychologique, l&rsquo;alphab\u00e9tisation, la formation professionnelle et l&rsquo;insertion professionnelle. Puis le nonce demanda aux jeunes : \u00ab Qu&rsquo;en dites- vous ? \u00bb Sous forme des t\u00e9moignages, trois jeunes ont pris la parole.<\/p>\n\n\n\n<p><strong>J. : <\/strong><em>\u201cJ&rsquo;\u00e9tais connu de tout mon quartier comme d\u00e9linquant. Je m&rsquo;en foutais des invitations des \u00e9ducateurs. C\u2019est en voyant le changement des amis que j&rsquo;ai fini par accepter. Je suis dans la derni\u00e8re partie de ma formation en peinture. Je gagne d\u00e9j\u00e0 positivement ma vie.\u201d<\/em><\/p>\n\n\n\n<p><strong>A. : <em>\u201c<\/em><\/strong><em>je n&rsquo;ai jamais \u00e9t\u00e9 \u00e0 l&rsquo;\u00e9cole et je n\u2019\u00e9tais pas consid\u00e9r\u00e9e par ma famille. Ce qui m&rsquo;a pouss\u00e9 dans la rue et la prostitution. L&rsquo;alphab\u00e9tisation m&rsquo;a permis d&rsquo;\u00e9crire de lire et de calculer et de retrouver ma dignit\u00e9. Je remercie le centre Ndako Ya Biso et maintenant je finis ma formation en esth\u00e9tique.\u201d<\/em><\/p>\n\n\n\n<p><strong>S. <\/strong>: <em>\u201cM\u00e8re de trois enfants avec diff\u00e9rents p\u00e8res. Je gagnais ma vie de la prostitution mais je ne voyais pas que je me d\u00e9truisais. L&rsquo;encadrement du centre, les rencontres avec le Psy et les sensibilisations m&rsquo;ont chang\u00e9. J&rsquo;apprends l&rsquo;esth\u00e9tique et coiffure.<\/em> <em>Avec cette formation je m&rsquo;occupe d\u00e9j\u00e0 tr\u00e8s bien de moi-m\u00eame et de mes enfants. je ne vivrai plus jamais de la prostitution mais de mon m\u00e9tier.<\/em>\u00ab\u00a0<\/p>\n<\/div>\n<\/div>\n\n\n\n<div class=\"wp-block-columns is-layout-flex wp-container-core-columns-is-layout-9d6595d7 wp-block-columns-is-layout-flex\">\n<div class=\"wp-block-column is-layout-flow wp-block-column-is-layout-flow\">\n<p>Le nonce a encourag\u00e9 les jeunes \u00e0 bien suivre leur formation tout en faisant des bons choix ; des choix pour la vie.<\/p>\n\n\n\n<p>Apr\u00e8s ces \u00e9changes, et le partage d&rsquo;un g\u00e2teau et d\u2019 une boisson sucr\u00e9e, le nonce s&rsquo;est excus\u00e9 de partir un peu vite \u00e0 cause d&rsquo;autres occupations.<\/p>\n\n\n\n<p>Les jeunes voulaient poursuivre avec la musique et la danse, heureux de cette belle visite, malheureusement cela n\u2019avait pas \u00e9t\u00e9 pr\u00e9vu.<\/p>\n\n\n\n<p>Apr\u00e8s la messe, une rencontre directe s\u2019est tenue avec une soixantaine de grands jeunes.<\/p>\n<\/div>\n\n\n\n<div class=\"wp-block-column is-layout-flow wp-block-column-is-layout-flow\">\n<figure class=\"wp-block-image size-full\"><img loading=\"lazy\" decoding=\"async\" width=\"350\" height=\"231\" src=\"https:\/\/www.streetchildrenofkinshasa.org\/wp-content\/uploads\/2026\/03\/Image4.jpg\" alt=\"\" class=\"wp-image-49403\" srcset=\"https:\/\/www.streetchildrenofkinshasa.org\/wp-content\/uploads\/2026\/03\/Image4.jpg 350w, https:\/\/www.streetchildrenofkinshasa.org\/wp-content\/uploads\/2026\/03\/Image4-300x198.jpg 300w\" sizes=\"auto, (max-width: 350px) 100vw, 350px\" \/><\/figure>\n<\/div>\n<\/div>\n<\/div>\n<\/div>\n\n\n\n<div class=\"wp-block-columns is-layout-flex wp-container-core-columns-is-layout-9d6595d7 wp-block-columns-is-layout-flex\">\n<div class=\"wp-block-column is-layout-flow wp-block-column-is-layout-flow\" style=\"flex-basis:33.33%\">\n<div class=\"wp-block-columns is-style-restricted-width is-layout-flex wp-container-core-columns-is-layout-9d6595d7 wp-block-columns-is-layout-flex\">\n<div class=\"wp-block-column is-layout-flow wp-block-column-is-layout-flow\" style=\"flex-basis:100%\">\n<div class=\"wp-block-columns is-layout-flex wp-container-core-columns-is-layout-9d6595d7 wp-block-columns-is-layout-flex\">\n<div class=\"wp-block-column is-layout-flow wp-block-column-is-layout-flow\" style=\"flex-basis:100%\"><\/div>\n<\/div>\n<\/div>\n<\/div>\n\n\n<\/div>\n<\/div>\n\n\n\n<div class=\"wp-block-columns are-vertically-aligned-center is-style-default is-layout-flex wp-container-core-columns-is-layout-9d6595d7 wp-block-columns-is-layout-flex\">\n<div class=\"wp-block-column is-layout-flow wp-block-column-is-layout-flow\" style=\"flex-basis:33.33%\">\n\n<\/div>\n\n\n\n<div class=\"wp-block-column is-layout-flow wp-block-column-is-layout-flow\" style=\"flex-basis:66.66%\"><\/div>\n<\/div>\n\n\n\n<div class=\"wp-block-columns is-layout-flex wp-container-core-columns-is-layout-9d6595d7 wp-block-columns-is-layout-flex\">\n<div class=\"wp-block-column is-layout-flow wp-block-column-is-layout-flow\" style=\"flex-basis:100%\">\n<div class=\"wp-block-columns are-vertically-aligned-center is-style-default is-layout-flex wp-container-core-columns-is-layout-9d6595d7 wp-block-columns-is-layout-flex\">\n<div class=\"wp-block-column is-vertically-aligned-center is-layout-flow wp-block-column-is-layout-flow\">\n\n\n<div class=\"wp-block-columns is-layout-flex wp-container-core-columns-is-layout-9d6595d7 wp-block-columns-is-layout-flex\">\n<div class=\"wp-block-column is-layout-flow wp-block-column-is-layout-flow\"><\/div>\n<\/div>\n\n\n\n<div class=\"wp-block-columns is-layout-flex wp-container-core-columns-is-layout-9d6595d7 wp-block-columns-is-layout-flex\">\n<div class=\"wp-block-column is-layout-flow wp-block-column-is-layout-flow\" style=\"flex-basis:66.66%\"><\/div>\n<\/div>\n\n\n\n<div class=\"wp-block-columns is-layout-flex wp-container-core-columns-is-layout-9d6595d7 wp-block-columns-is-layout-flex\">\n<div class=\"wp-block-column is-layout-flow wp-block-column-is-layout-flow\">\n<div class=\"wp-block-columns is-layout-flex wp-container-core-columns-is-layout-9d6595d7 wp-block-columns-is-layout-flex\">\n<div class=\"wp-block-column is-layout-flow wp-block-column-is-layout-flow\"><\/div>\n<\/div>\n\n\n<\/div>\n<\/div>\n\n\n\n<p><\/p>\n\n\n<\/div>\n<\/div>\n<\/div>\n<\/div>\n\n\n\n<p><\/p>\n\n\n\n<div class=\"wp-block-columns is-layout-flex wp-container-core-columns-is-layout-9d6595d7 wp-block-columns-is-layout-flex\">\n<div class=\"wp-block-column is-layout-flow wp-block-column-is-layout-flow\" style=\"flex-basis:100%\">\n<p><\/p>\n\n\n\n<p><\/p>\n\n\n\n<p><\/p>\n\n\n\n<p><\/p>\n\n\n\n<p><\/p>\n<\/div>\n<\/div>\n\n\n\n<div class=\"wp-block-columns is-layout-flex wp-container-core-columns-is-layout-9d6595d7 wp-block-columns-is-layout-flex\">\n<div class=\"wp-block-column is-layout-flow wp-block-column-is-layout-flow\" style=\"flex-basis:100%\">\n<p><\/p>\n<\/div>\n<\/div>\n\n\n\n<div class=\"wp-block-columns is-layout-flex wp-container-core-columns-is-layout-9d6595d7 wp-block-columns-is-layout-flex\">\n<div class=\"wp-block-column is-layout-flow wp-block-column-is-layout-flow\" style=\"flex-basis:100%\">\n<p><\/p>\n<\/div>\n\n\n\n<div class=\"wp-block-column is-layout-flow wp-block-column-is-layout-flow\" style=\"flex-basis:100%\">\n<p><\/p>\n<\/div>\n<\/div>\n\n\n\n<div class=\"wp-block-columns is-layout-flex wp-container-core-columns-is-layout-9d6595d7 wp-block-columns-is-layout-flex\">\n<div class=\"wp-block-column is-layout-flow wp-block-column-is-layout-flow\" style=\"flex-basis:100%\">\n<p><\/p>\n<\/div>\n<\/div>\n\n\n\n<div class=\"wp-block-columns is-layout-flex wp-container-core-columns-is-layout-9d6595d7 wp-block-columns-is-layout-flex\">\n<div class=\"wp-block-column is-layout-flow wp-block-column-is-layout-flow\" style=\"flex-basis:100%\">\n<p><\/p>\n<\/div>\n<\/div>\n\n\n\n<div class=\"wp-block-columns is-layout-flex wp-container-core-columns-is-layout-9d6595d7 wp-block-columns-is-layout-flex\">\n<div class=\"wp-block-column is-layout-flow wp-block-column-is-layout-flow\" style=\"flex-basis:100%\">\n<p><\/p>\n<\/div>\n<\/div>\n\n\n\n<div class=\"wp-block-columns is-layout-flex wp-container-core-columns-is-layout-9d6595d7 wp-block-columns-is-layout-flex\">\n<div class=\"wp-block-column is-layout-flow wp-block-column-is-layout-flow\" style=\"flex-basis:100%\">\n<div class=\"wp-block-columns is-layout-flex wp-container-core-columns-is-layout-9d6595d7 wp-block-columns-is-layout-flex\">\n<div class=\"wp-block-column is-layout-flow wp-block-column-is-layout-flow\" style=\"flex-basis:100%\">\n<p><\/p>\n<\/div>\n<\/div>\n<\/div>\n<\/div>\n\n\n\n<div class=\"wp-block-columns is-layout-flex wp-container-core-columns-is-layout-9d6595d7 wp-block-columns-is-layout-flex\">\n<div class=\"wp-block-column is-layout-flow wp-block-column-is-layout-flow\" style=\"flex-basis:100%\">\n<p><\/p>\n<\/div>\n<\/div>\n\n\n\n<div class=\"wp-block-columns is-layout-flex wp-container-core-columns-is-layout-9d6595d7 wp-block-columns-is-layout-flex\">\n<div class=\"wp-block-column is-layout-flow wp-block-column-is-layout-flow\" style=\"flex-basis:100%\">\n<p><\/p>\n<\/div>\n<\/div>\n\n\n\n<div class=\"wp-block-columns is-layout-flex wp-container-core-columns-is-layout-9d6595d7 wp-block-columns-is-layout-flex\">\n<div class=\"wp-block-column is-layout-flow wp-block-column-is-layout-flow\" style=\"flex-basis:100%\">\n<p><\/p>\n\n\n\n<p><\/p>\n<\/div>\n<\/div>\n\n\n\n<div class=\"wp-block-columns is-layout-flex wp-container-core-columns-is-layout-9d6595d7 wp-block-columns-is-layout-flex\">\n<div class=\"wp-block-column is-layout-flow wp-block-column-is-layout-flow\" style=\"flex-basis:100%\">\n<p><\/p>\n<\/div>\n<\/div>\n\n\n\n<div class=\"wp-block-columns is-layout-flex wp-container-core-columns-is-layout-9d6595d7 wp-block-columns-is-layout-flex\">\n<div class=\"wp-block-column is-layout-flow wp-block-column-is-layout-flow\" style=\"flex-basis:100%\">\n<p><\/p>\n<\/div>\n<\/div>\n\n\n\n<div class=\"wp-block-columns is-layout-flex wp-container-core-columns-is-layout-9d6595d7 wp-block-columns-is-layout-flex\">\n<div class=\"wp-block-column is-layout-flow wp-block-column-is-layout-flow\" style=\"flex-basis:100%\">\n<p><\/p>\n<\/div>\n<\/div>\n\n\n\n<div class=\"wp-block-columns is-layout-flex wp-container-core-columns-is-layout-9d6595d7 wp-block-columns-is-layout-flex\">\n<div class=\"wp-block-column is-layout-flow wp-block-column-is-layout-flow\" style=\"flex-basis:100%\">\n<p><\/p>\n<\/div>\n<\/div>\n\n\n\n<div class=\"wp-block-columns is-layout-flex wp-container-core-columns-is-layout-9d6595d7 wp-block-columns-is-layout-flex\">\n<div class=\"wp-block-column is-layout-flow wp-block-column-is-layout-flow\" style=\"flex-basis:100%\">\n<p><\/p>\n<\/div>\n<\/div>\n\n\n\n<div class=\"wp-block-columns is-layout-flex wp-container-core-columns-is-layout-9d6595d7 wp-block-columns-is-layout-flex\">\n<div class=\"wp-block-column is-layout-flow wp-block-column-is-layout-flow\" style=\"flex-basis:100%\">\n<p><\/p>\n<\/div>\n<\/div>\n\n\n\n<div class=\"wp-block-columns is-layout-flex wp-container-core-columns-is-layout-9d6595d7 wp-block-columns-is-layout-flex\">\n<div class=\"wp-block-column is-layout-flow wp-block-column-is-layout-flow\" style=\"flex-basis:100%\">\n<p><\/p>\n<\/div>\n<\/div>\n\n\n\n<div class=\"wp-block-columns is-layout-flex wp-container-core-columns-is-layout-9d6595d7 wp-block-columns-is-layout-flex\">\n<div class=\"wp-block-column is-layout-flow wp-block-column-is-layout-flow\" style=\"flex-basis:100%\">\n<p><\/p>\n<\/div>\n\n\n\n<div class=\"wp-block-column is-layout-flow wp-block-column-is-layout-flow\" style=\"flex-basis:100%\">\n<p><\/p>\n<\/div>\n<\/div>\n\n\n\n<p><\/p>\n\n\n\n<p><\/p>\n","protected":false},"excerpt":{"rendered":"<p>centre d\u2019accueil des grands jeunes de la rue<\/p>\n","protected":false},"author":13,"featured_media":49399,"comment_status":"open","ping_status":"open","sticky":false,"template":"","format":"standard","meta":{"_acf_changed":false,"footnotes":""},"categories":[1],"tags":[],"class_list":["post-49396","post","type-post","status-publish","format-standard","has-post-thumbnail","hentry","category-coup-doeil-sur-lactualite"],"acf":[],"yoast_head":"<!-- This site is optimized with the Yoast SEO plugin v27.5 - https:\/\/yoast.com\/product\/yoast-seo-wordpress\/ -->\n<title>LE NONCE APOSTOLIQUE EN RDC AUPR\u00c8S DES JEUNES DE LA RUE DE NDAKO YA BISO % -<\/title>\n<meta name=\"description\" content=\"centre d\u2019accueil des grands jeunes de la rue\" \/>\n<meta name=\"robots\" content=\"index, follow, max-snippet:-1, max-image-preview:large, max-video-preview:-1\" \/>\n<link rel=\"canonical\" href=\"https:\/\/www.streetchildrenofkinshasa.org\/fr\/le-nonce-apostolique-en-rdc-aupres-des-jeunes-de-la-rue-de-ndako-ya-biso\/\" \/>\n<meta property=\"og:locale\" content=\"fr_FR\" \/>\n<meta property=\"og:type\" content=\"article\" \/>\n<meta property=\"og:title\" content=\"LE NONCE APOSTOLIQUE EN RDC AUPR\u00c8S DES JEUNES DE LA RUE DE NDAKO YA BISO % -\" \/>\n<meta property=\"og:description\" content=\"centre d\u2019accueil des grands jeunes de la rue\" \/>\n<meta property=\"og:url\" content=\"https:\/\/www.streetchildrenofkinshasa.org\/fr\/le-nonce-apostolique-en-rdc-aupres-des-jeunes-de-la-rue-de-ndako-ya-biso\/\" \/>\n<meta property=\"og:site_name\" content=\"Ndako Ya Biso - Enfants de Kinshasa\" \/>\n<meta property=\"article:publisher\" content=\"https:\/\/www.facebook.com\/enfantsdelaruedekinshasa\/\" \/>\n<meta property=\"article:published_time\" content=\"2026-03-13T11:18:45+00:00\" \/>\n<meta property=\"article:modified_time\" content=\"2026-03-13T11:18:46+00:00\" \/>\n<meta property=\"og:image\" content=\"https:\/\/www.streetchildrenofkinshasa.org\/wp-content\/uploads\/2026\/03\/Image1-scaled.png\" \/>\n\t<meta property=\"og:image:width\" content=\"1810\" \/>\n\t<meta property=\"og:image:height\" content=\"2560\" \/>\n\t<meta property=\"og:image:type\" content=\"image\/png\" \/>\n<meta name=\"author\" content=\"Philippe Englebert\" \/>\n<meta name=\"twitter:card\" content=\"summary_large_image\" \/>\n<meta name=\"twitter:label1\" content=\"\u00c9crit par\" \/>\n\t<meta name=\"twitter:data1\" content=\"Philippe Englebert\" \/>\n\t<meta name=\"twitter:label2\" content=\"Dur\u00e9e de lecture est.\" \/>\n\t<meta name=\"twitter:data2\" content=\"6 minutes\" \/>\n<script type=\"application\/ld+json\" class=\"yoast-schema-graph\">{\"@context\":\"https:\\\/\\\/schema.org\",\"@graph\":[{\"@type\":\"Article\",\"@id\":\"https:\\\/\\\/www.streetchildrenofkinshasa.org\\\/fr\\\/le-nonce-apostolique-en-rdc-aupres-des-jeunes-de-la-rue-de-ndako-ya-biso\\\/#article\",\"isPartOf\":{\"@id\":\"https:\\\/\\\/www.streetchildrenofkinshasa.org\\\/fr\\\/le-nonce-apostolique-en-rdc-aupres-des-jeunes-de-la-rue-de-ndako-ya-biso\\\/\"},\"author\":{\"name\":\"Philippe Englebert\",\"@id\":\"https:\\\/\\\/www.streetchildrenofkinshasa.org\\\/fr\\\/#\\\/schema\\\/person\\\/a516a2618dd79acf99b1a9dc1b711320\"},\"headline\":\"LE NONCE APOSTOLIQUE EN RDC AUPR\u00c8S DES JEUNES DE LA RUE DE NDAKO YA BISO\",\"datePublished\":\"2026-03-13T11:18:45+00:00\",\"dateModified\":\"2026-03-13T11:18:46+00:00\",\"mainEntityOfPage\":{\"@id\":\"https:\\\/\\\/www.streetchildrenofkinshasa.org\\\/fr\\\/le-nonce-apostolique-en-rdc-aupres-des-jeunes-de-la-rue-de-ndako-ya-biso\\\/\"},\"wordCount\":598,\"commentCount\":0,\"publisher\":{\"@id\":\"https:\\\/\\\/www.streetchildrenofkinshasa.org\\\/fr\\\/#organization\"},\"image\":{\"@id\":\"https:\\\/\\\/www.streetchildrenofkinshasa.org\\\/fr\\\/le-nonce-apostolique-en-rdc-aupres-des-jeunes-de-la-rue-de-ndako-ya-biso\\\/#primaryimage\"},\"thumbnailUrl\":\"https:\\\/\\\/www.streetchildrenofkinshasa.org\\\/wp-content\\\/uploads\\\/2026\\\/03\\\/Image1-scaled.png\",\"articleSection\":[\"Coup d'\u0153il sur l'actualit\u00e9\"],\"inLanguage\":\"fr-BE\",\"potentialAction\":[{\"@type\":\"CommentAction\",\"name\":\"Comment\",\"target\":[\"https:\\\/\\\/www.streetchildrenofkinshasa.org\\\/fr\\\/le-nonce-apostolique-en-rdc-aupres-des-jeunes-de-la-rue-de-ndako-ya-biso\\\/#respond\"]}]},{\"@type\":\"WebPage\",\"@id\":\"https:\\\/\\\/www.streetchildrenofkinshasa.org\\\/fr\\\/le-nonce-apostolique-en-rdc-aupres-des-jeunes-de-la-rue-de-ndako-ya-biso\\\/\",\"url\":\"https:\\\/\\\/www.streetchildrenofkinshasa.org\\\/fr\\\/le-nonce-apostolique-en-rdc-aupres-des-jeunes-de-la-rue-de-ndako-ya-biso\\\/\",\"name\":\"LE NONCE APOSTOLIQUE EN RDC AUPR\u00c8S DES JEUNES DE LA RUE DE NDAKO YA BISO % -\",\"isPartOf\":{\"@id\":\"https:\\\/\\\/www.streetchildrenofkinshasa.org\\\/fr\\\/#website\"},\"primaryImageOfPage\":{\"@id\":\"https:\\\/\\\/www.streetchildrenofkinshasa.org\\\/fr\\\/le-nonce-apostolique-en-rdc-aupres-des-jeunes-de-la-rue-de-ndako-ya-biso\\\/#primaryimage\"},\"image\":{\"@id\":\"https:\\\/\\\/www.streetchildrenofkinshasa.org\\\/fr\\\/le-nonce-apostolique-en-rdc-aupres-des-jeunes-de-la-rue-de-ndako-ya-biso\\\/#primaryimage\"},\"thumbnailUrl\":\"https:\\\/\\\/www.streetchildrenofkinshasa.org\\\/wp-content\\\/uploads\\\/2026\\\/03\\\/Image1-scaled.png\",\"datePublished\":\"2026-03-13T11:18:45+00:00\",\"dateModified\":\"2026-03-13T11:18:46+00:00\",\"description\":\"centre d\u2019accueil des grands jeunes de la rue\",\"breadcrumb\":{\"@id\":\"https:\\\/\\\/www.streetchildrenofkinshasa.org\\\/fr\\\/le-nonce-apostolique-en-rdc-aupres-des-jeunes-de-la-rue-de-ndako-ya-biso\\\/#breadcrumb\"},\"inLanguage\":\"fr-BE\",\"potentialAction\":[{\"@type\":\"ReadAction\",\"target\":[\"https:\\\/\\\/www.streetchildrenofkinshasa.org\\\/fr\\\/le-nonce-apostolique-en-rdc-aupres-des-jeunes-de-la-rue-de-ndako-ya-biso\\\/\"]}]},{\"@type\":\"ImageObject\",\"inLanguage\":\"fr-BE\",\"@id\":\"https:\\\/\\\/www.streetchildrenofkinshasa.org\\\/fr\\\/le-nonce-apostolique-en-rdc-aupres-des-jeunes-de-la-rue-de-ndako-ya-biso\\\/#primaryimage\",\"url\":\"https:\\\/\\\/www.streetchildrenofkinshasa.org\\\/wp-content\\\/uploads\\\/2026\\\/03\\\/Image1-scaled.png\",\"contentUrl\":\"https:\\\/\\\/www.streetchildrenofkinshasa.org\\\/wp-content\\\/uploads\\\/2026\\\/03\\\/Image1-scaled.png\",\"width\":1810,\"height\":2560},{\"@type\":\"BreadcrumbList\",\"@id\":\"https:\\\/\\\/www.streetchildrenofkinshasa.org\\\/fr\\\/le-nonce-apostolique-en-rdc-aupres-des-jeunes-de-la-rue-de-ndako-ya-biso\\\/#breadcrumb\",\"itemListElement\":[{\"@type\":\"ListItem\",\"position\":1,\"name\":\"Home\",\"item\":\"https:\\\/\\\/www.streetchildrenofkinshasa.org\\\/fr\\\/\"},{\"@type\":\"ListItem\",\"position\":2,\"name\":\"LE NONCE APOSTOLIQUE EN RDC AUPR\u00c8S DES JEUNES DE LA RUE DE NDAKO YA BISO\"}]},{\"@type\":\"WebSite\",\"@id\":\"https:\\\/\\\/www.streetchildrenofkinshasa.org\\\/fr\\\/#website\",\"url\":\"https:\\\/\\\/www.streetchildrenofkinshasa.org\\\/fr\\\/\",\"name\":\"Ndako Ya Biso - Enfants de Kinshasa\",\"description\":\"Donnons aux enfants des rues de Kinshasa un espoir et un avenir.\",\"publisher\":{\"@id\":\"https:\\\/\\\/www.streetchildrenofkinshasa.org\\\/fr\\\/#organization\"},\"potentialAction\":[{\"@type\":\"SearchAction\",\"target\":{\"@type\":\"EntryPoint\",\"urlTemplate\":\"https:\\\/\\\/www.streetchildrenofkinshasa.org\\\/fr\\\/?s={search_term_string}\"},\"query-input\":{\"@type\":\"PropertyValueSpecification\",\"valueRequired\":true,\"valueName\":\"search_term_string\"}}],\"inLanguage\":\"fr-BE\"},{\"@type\":\"Organization\",\"@id\":\"https:\\\/\\\/www.streetchildrenofkinshasa.org\\\/fr\\\/#organization\",\"name\":\"Communaut\u00e9 du Chemin Neuf\",\"url\":\"https:\\\/\\\/www.streetchildrenofkinshasa.org\\\/fr\\\/\",\"logo\":{\"@type\":\"ImageObject\",\"inLanguage\":\"fr-BE\",\"@id\":\"https:\\\/\\\/www.streetchildrenofkinshasa.org\\\/fr\\\/#\\\/schema\\\/logo\\\/image\\\/\",\"url\":\"https:\\\/\\\/www.streetchildrenofkinshasa.org\\\/wp-content\\\/uploads\\\/2022\\\/05\\\/logo-cte-couleur_evide.png\",\"contentUrl\":\"https:\\\/\\\/www.streetchildrenofkinshasa.org\\\/wp-content\\\/uploads\\\/2022\\\/05\\\/logo-cte-couleur_evide.png\",\"width\":1280,\"height\":736,\"caption\":\"Communaut\u00e9 du Chemin Neuf\"},\"image\":{\"@id\":\"https:\\\/\\\/www.streetchildrenofkinshasa.org\\\/fr\\\/#\\\/schema\\\/logo\\\/image\\\/\"},\"sameAs\":[\"https:\\\/\\\/www.facebook.com\\\/enfantsdelaruedekinshasa\\\/\",\"https:\\\/\\\/www.youtube.com\\\/channel\\\/UCIDv6Uc3gdp1RP_HrlK5VHw\"]},{\"@type\":\"Person\",\"@id\":\"https:\\\/\\\/www.streetchildrenofkinshasa.org\\\/fr\\\/#\\\/schema\\\/person\\\/a516a2618dd79acf99b1a9dc1b711320\",\"name\":\"Philippe Englebert\",\"image\":{\"@type\":\"ImageObject\",\"inLanguage\":\"fr-BE\",\"@id\":\"https:\\\/\\\/secure.gravatar.com\\\/avatar\\\/9595e9d9e03824ab1513eb2842d6919786ce3781a0dbeb9e5fdef68c988b09b8?s=96&d=mm&r=g\",\"url\":\"https:\\\/\\\/secure.gravatar.com\\\/avatar\\\/9595e9d9e03824ab1513eb2842d6919786ce3781a0dbeb9e5fdef68c988b09b8?s=96&d=mm&r=g\",\"contentUrl\":\"https:\\\/\\\/secure.gravatar.com\\\/avatar\\\/9595e9d9e03824ab1513eb2842d6919786ce3781a0dbeb9e5fdef68c988b09b8?s=96&d=mm&r=g\",\"caption\":\"Philippe Englebert\"}}]}<\/script>\n<!-- \/ Yoast SEO plugin. -->","yoast_head_json":{"title":"LE NONCE APOSTOLIQUE EN RDC AUPR\u00c8S DES JEUNES DE LA RUE DE NDAKO YA BISO % -","description":"centre d\u2019accueil des grands jeunes de la rue","robots":{"index":"index","follow":"follow","max-snippet":"max-snippet:-1","max-image-preview":"max-image-preview:large","max-video-preview":"max-video-preview:-1"},"canonical":"https:\/\/www.streetchildrenofkinshasa.org\/fr\/le-nonce-apostolique-en-rdc-aupres-des-jeunes-de-la-rue-de-ndako-ya-biso\/","og_locale":"fr_FR","og_type":"article","og_title":"LE NONCE APOSTOLIQUE EN RDC AUPR\u00c8S DES JEUNES DE LA RUE DE NDAKO YA BISO % -","og_description":"centre d\u2019accueil des grands jeunes de la rue","og_url":"https:\/\/www.streetchildrenofkinshasa.org\/fr\/le-nonce-apostolique-en-rdc-aupres-des-jeunes-de-la-rue-de-ndako-ya-biso\/","og_site_name":"Ndako Ya Biso - Enfants de Kinshasa","article_publisher":"https:\/\/www.facebook.com\/enfantsdelaruedekinshasa\/","article_published_time":"2026-03-13T11:18:45+00:00","article_modified_time":"2026-03-13T11:18:46+00:00","og_image":[{"width":1810,"height":2560,"url":"https:\/\/www.streetchildrenofkinshasa.org\/wp-content\/uploads\/2026\/03\/Image1-scaled.png","type":"image\/png"}],"author":"Philippe Englebert","twitter_card":"summary_large_image","twitter_misc":{"\u00c9crit par":"Philippe Englebert","Dur\u00e9e de lecture est.":"6 minutes"},"schema":{"@context":"https:\/\/schema.org","@graph":[{"@type":"Article","@id":"https:\/\/www.streetchildrenofkinshasa.org\/fr\/le-nonce-apostolique-en-rdc-aupres-des-jeunes-de-la-rue-de-ndako-ya-biso\/#article","isPartOf":{"@id":"https:\/\/www.streetchildrenofkinshasa.org\/fr\/le-nonce-apostolique-en-rdc-aupres-des-jeunes-de-la-rue-de-ndako-ya-biso\/"},"author":{"name":"Philippe Englebert","@id":"https:\/\/www.streetchildrenofkinshasa.org\/fr\/#\/schema\/person\/a516a2618dd79acf99b1a9dc1b711320"},"headline":"LE NONCE APOSTOLIQUE EN RDC AUPR\u00c8S DES JEUNES DE LA RUE DE NDAKO YA BISO","datePublished":"2026-03-13T11:18:45+00:00","dateModified":"2026-03-13T11:18:46+00:00","mainEntityOfPage":{"@id":"https:\/\/www.streetchildrenofkinshasa.org\/fr\/le-nonce-apostolique-en-rdc-aupres-des-jeunes-de-la-rue-de-ndako-ya-biso\/"},"wordCount":598,"commentCount":0,"publisher":{"@id":"https:\/\/www.streetchildrenofkinshasa.org\/fr\/#organization"},"image":{"@id":"https:\/\/www.streetchildrenofkinshasa.org\/fr\/le-nonce-apostolique-en-rdc-aupres-des-jeunes-de-la-rue-de-ndako-ya-biso\/#primaryimage"},"thumbnailUrl":"https:\/\/www.streetchildrenofkinshasa.org\/wp-content\/uploads\/2026\/03\/Image1-scaled.png","articleSection":["Coup d'\u0153il sur l'actualit\u00e9"],"inLanguage":"fr-BE","potentialAction":[{"@type":"CommentAction","name":"Comment","target":["https:\/\/www.streetchildrenofkinshasa.org\/fr\/le-nonce-apostolique-en-rdc-aupres-des-jeunes-de-la-rue-de-ndako-ya-biso\/#respond"]}]},{"@type":"WebPage","@id":"https:\/\/www.streetchildrenofkinshasa.org\/fr\/le-nonce-apostolique-en-rdc-aupres-des-jeunes-de-la-rue-de-ndako-ya-biso\/","url":"https:\/\/www.streetchildrenofkinshasa.org\/fr\/le-nonce-apostolique-en-rdc-aupres-des-jeunes-de-la-rue-de-ndako-ya-biso\/","name":"LE NONCE APOSTOLIQUE EN RDC AUPR\u00c8S DES JEUNES DE LA RUE DE NDAKO YA BISO % -","isPartOf":{"@id":"https:\/\/www.streetchildrenofkinshasa.org\/fr\/#website"},"primaryImageOfPage":{"@id":"https:\/\/www.streetchildrenofkinshasa.org\/fr\/le-nonce-apostolique-en-rdc-aupres-des-jeunes-de-la-rue-de-ndako-ya-biso\/#primaryimage"},"image":{"@id":"https:\/\/www.streetchildrenofkinshasa.org\/fr\/le-nonce-apostolique-en-rdc-aupres-des-jeunes-de-la-rue-de-ndako-ya-biso\/#primaryimage"},"thumbnailUrl":"https:\/\/www.streetchildrenofkinshasa.org\/wp-content\/uploads\/2026\/03\/Image1-scaled.png","datePublished":"2026-03-13T11:18:45+00:00","dateModified":"2026-03-13T11:18:46+00:00","description":"centre d\u2019accueil des grands jeunes de la rue","breadcrumb":{"@id":"https:\/\/www.streetchildrenofkinshasa.org\/fr\/le-nonce-apostolique-en-rdc-aupres-des-jeunes-de-la-rue-de-ndako-ya-biso\/#breadcrumb"},"inLanguage":"fr-BE","potentialAction":[{"@type":"ReadAction","target":["https:\/\/www.streetchildrenofkinshasa.org\/fr\/le-nonce-apostolique-en-rdc-aupres-des-jeunes-de-la-rue-de-ndako-ya-biso\/"]}]},{"@type":"ImageObject","inLanguage":"fr-BE","@id":"https:\/\/www.streetchildrenofkinshasa.org\/fr\/le-nonce-apostolique-en-rdc-aupres-des-jeunes-de-la-rue-de-ndako-ya-biso\/#primaryimage","url":"https:\/\/www.streetchildrenofkinshasa.org\/wp-content\/uploads\/2026\/03\/Image1-scaled.png","contentUrl":"https:\/\/www.streetchildrenofkinshasa.org\/wp-content\/uploads\/2026\/03\/Image1-scaled.png","width":1810,"height":2560},{"@type":"BreadcrumbList","@id":"https:\/\/www.streetchildrenofkinshasa.org\/fr\/le-nonce-apostolique-en-rdc-aupres-des-jeunes-de-la-rue-de-ndako-ya-biso\/#breadcrumb","itemListElement":[{"@type":"ListItem","position":1,"name":"Home","item":"https:\/\/www.streetchildrenofkinshasa.org\/fr\/"},{"@type":"ListItem","position":2,"name":"LE NONCE APOSTOLIQUE EN RDC AUPR\u00c8S DES JEUNES DE LA RUE DE NDAKO YA BISO"}]},{"@type":"WebSite","@id":"https:\/\/www.streetchildrenofkinshasa.org\/fr\/#website","url":"https:\/\/www.streetchildrenofkinshasa.org\/fr\/","name":"Ndako Ya Biso - Enfants de Kinshasa","description":"Donnons aux enfants des rues de Kinshasa un espoir et un avenir.","publisher":{"@id":"https:\/\/www.streetchildrenofkinshasa.org\/fr\/#organization"},"potentialAction":[{"@type":"SearchAction","target":{"@type":"EntryPoint","urlTemplate":"https:\/\/www.streetchildrenofkinshasa.org\/fr\/?s={search_term_string}"},"query-input":{"@type":"PropertyValueSpecification","valueRequired":true,"valueName":"search_term_string"}}],"inLanguage":"fr-BE"},{"@type":"Organization","@id":"https:\/\/www.streetchildrenofkinshasa.org\/fr\/#organization","name":"Communaut\u00e9 du Chemin Neuf","url":"https:\/\/www.streetchildrenofkinshasa.org\/fr\/","logo":{"@type":"ImageObject","inLanguage":"fr-BE","@id":"https:\/\/www.streetchildrenofkinshasa.org\/fr\/#\/schema\/logo\/image\/","url":"https:\/\/www.streetchildrenofkinshasa.org\/wp-content\/uploads\/2022\/05\/logo-cte-couleur_evide.png","contentUrl":"https:\/\/www.streetchildrenofkinshasa.org\/wp-content\/uploads\/2022\/05\/logo-cte-couleur_evide.png","width":1280,"height":736,"caption":"Communaut\u00e9 du Chemin Neuf"},"image":{"@id":"https:\/\/www.streetchildrenofkinshasa.org\/fr\/#\/schema\/logo\/image\/"},"sameAs":["https:\/\/www.facebook.com\/enfantsdelaruedekinshasa\/","https:\/\/www.youtube.com\/channel\/UCIDv6Uc3gdp1RP_HrlK5VHw"]},{"@type":"Person","@id":"https:\/\/www.streetchildrenofkinshasa.org\/fr\/#\/schema\/person\/a516a2618dd79acf99b1a9dc1b711320","name":"Philippe Englebert","image":{"@type":"ImageObject","inLanguage":"fr-BE","@id":"https:\/\/secure.gravatar.com\/avatar\/9595e9d9e03824ab1513eb2842d6919786ce3781a0dbeb9e5fdef68c988b09b8?s=96&d=mm&r=g","url":"https:\/\/secure.gravatar.com\/avatar\/9595e9d9e03824ab1513eb2842d6919786ce3781a0dbeb9e5fdef68c988b09b8?s=96&d=mm&r=g","contentUrl":"https:\/\/secure.gravatar.com\/avatar\/9595e9d9e03824ab1513eb2842d6919786ce3781a0dbeb9e5fdef68c988b09b8?s=96&d=mm&r=g","caption":"Philippe Englebert"}}]}},"_links":{"self":[{"href":"https:\/\/www.streetchildrenofkinshasa.org\/fr\/wp-json\/wp\/v2\/posts\/49396","targetHints":{"allow":["GET"]}}],"collection":[{"href":"https:\/\/www.streetchildrenofkinshasa.org\/fr\/wp-json\/wp\/v2\/posts"}],"about":[{"href":"https:\/\/www.streetchildrenofkinshasa.org\/fr\/wp-json\/wp\/v2\/types\/post"}],"author":[{"embeddable":true,"href":"https:\/\/www.streetchildrenofkinshasa.org\/fr\/wp-json\/wp\/v2\/users\/13"}],"replies":[{"embeddable":true,"href":"https:\/\/www.streetchildrenofkinshasa.org\/fr\/wp-json\/wp\/v2\/comments?post=49396"}],"version-history":[{"count":6,"href":"https:\/\/www.streetchildrenofkinshasa.org\/fr\/wp-json\/wp\/v2\/posts\/49396\/revisions"}],"predecessor-version":[{"id":49411,"href":"https:\/\/www.streetchildrenofkinshasa.org\/fr\/wp-json\/wp\/v2\/posts\/49396\/revisions\/49411"}],"wp:featuredmedia":[{"embeddable":true,"href":"https:\/\/www.streetchildrenofkinshasa.org\/fr\/wp-json\/wp\/v2\/media\/49399"}],"wp:attachment":[{"href":"https:\/\/www.streetchildrenofkinshasa.org\/fr\/wp-json\/wp\/v2\/media?parent=49396"}],"wp:term":[{"taxonomy":"category","embeddable":true,"href":"https:\/\/www.streetchildrenofkinshasa.org\/fr\/wp-json\/wp\/v2\/categories?post=49396"},{"taxonomy":"post_tag","embeddable":true,"href":"https:\/\/www.streetchildrenofkinshasa.org\/fr\/wp-json\/wp\/v2\/tags?post=49396"}],"curies":[{"name":"wp","href":"https:\/\/api.w.org\/{rel}","templated":true}]}}