{"id":48175,"date":"2026-01-20T17:34:34","date_gmt":"2026-01-20T16:34:34","guid":{"rendered":"https:\/\/www.streetchildrenofkinshasa.org\/?p=48175"},"modified":"2026-01-20T17:34:35","modified_gmt":"2026-01-20T16:34:35","slug":"rapport-dactivite-aout-2024-a-aout-2025","status":"publish","type":"post","link":"https:\/\/www.streetchildrenofkinshasa.org\/fr\/rapport-dactivite-aout-2024-a-aout-2025\/","title":{"rendered":"RAPPORT D&rsquo;ACTIVITE AO\u00dbT 2024 A AO\u00dbT 2025"},"content":{"rendered":"\n\n\n<div class=\"wp-block-columns is-layout-flex wp-container-core-columns-is-layout-9d6595d7 wp-block-columns-is-layout-flex\">\n<div class=\"wp-block-column is-layout-flow wp-block-column-is-layout-flow\" style=\"flex-basis:100%\">\n<pre class=\"wp-block-verse has-large-font-size\">RAPPORT ANNUEL DU 1er SEPTEMBRE 2024 AU 31 AOUT 2025<br><br>LISTE DES ABREVIATIONS<br>NYB \t : Ndako Ya Biso<br>EDR\t\t : Enfant de la Rue<br>EDAR\t : Enfant dans la rue<br>CCN\t\t : Communaut\u00e9 du Chemin Neuf<br>SAP\t\t : Syst\u00e8me d\u2019Alerte Pr\u00e9coce<br>LPPE\t : Loi Portant Protection de l\u2019Enfant<br>CEVB \t : Communaut\u00e9 Eccl\u00e9siastique Vivante de Base<br>TPE\t\t : Tribunal Pour Enfant<br>IST \t\t : Infection Sexuellement Transmissible<br>RDC\t\t : R\u00e9publique D\u00e9mocratique du Congo<br>CDE \t : Convention relatif aux Droits de l\u2019Enfant<br>UNIKIN \t : Universit\u00e9 de Kinshasa<br>AA \t\t : Apprentis d\u2019Auteuil<br>LC \t\t : Louvain Coop\u00e9ration<br>LBM \t : Lisanga mpo ya Bokolisi Mboka<br>CFP \t\t : Centre de Formation Professionnelle<br>REEJER \t :  R\u00e9seau des Educateurs des Enfants et Jeunes de la Rue<br>DUAS \t : Division Urbaine des Affaires Sociales<br>PEPVS \t : Police de Protection de L\u2019enfance et Violences bas\u00e9es sur<br>                   le  genre<br><br>\u2003<br><strong>INTRODUCTION<\/strong><br>Ndako ya Biso, \u00ab Notre maison \u00bb en lingala, est le nom que les enfants en situation de rue ont donn\u00e9 \u00e0 nos centres qui les accueillent chaque jour et leur offrent un lieu de paix et de s\u00e9curit\u00e9, leur rendent confiance et esp\u00e9rance et leur ouvrent un chemin de r\u00e9tablissement des liens familiaux. Compos\u00e9e de 42 salari\u00e9s et d\u2019une quinzaine de b\u00e9n\u00e9voles (Educateurs de terrain et permanents pour la vie des diff\u00e9rents centres, alphab\u00e9tiseurs, intendants, infirmiers, psychologues, l\u2019\u00e9quipe de gestion et de coordination administrative et financi\u00e8re\u2026), le projet Ndako Ya Biso est en lien avec un bon millier d\u2019enfants de la rue : sur les sites de concentration des EDR, dans nos trois centres d\u2019accueil, avec nos d\u00e9marches de r\u00e9unification et dans les appuis de stabilisation des enfants et de leurs familles pr\u00e9vues pendant trois ans.<br>NYB n\u2019a aucune source d\u2019autofinancement mais dispose de nombreux amis et partenaires qui appuient et encouragent notre travail. Notre premier bailleur est la Communaut\u00e9 du Chemin Neuf (CCN) qui participe au financement de notre travail et a mis \u00e0 la disposition de nos centres son patrimoine immobilier. Des conventions d\u2019appui existent pour l\u2018instant avec les partenaires suivants : Louvain (juillet 2022-d\u00e9cembre 2026), Fondation d\u2018Auteuil (2023 - 2025), Mis\u00e9reor (2023- 2026), SOS Enfants, la Caritas Belgique, Rotary, Abbaye Westmalle. Nous avons \u00e9galement des conventions d\u2019appui avec des entreprises locales \u00e0 Kinshasa (Total, Utex\u2026).<br>L\u2019ann\u00e9e 2024-25 a \u00e9t\u00e9 caract\u00e9ris\u00e9e par la c\u00e9l\u00e9bration des 20 ans d\u2019existence de notre structure, avec plus de trois mille enfants r\u00e9unifi\u00e9s dans leurs familles depuis 2004, mais aussi par le chantier de la construction de notre nouveau centre d\u2019accueil des grands jeunes de la rue qui pourra \u00eatre inaugur\u00e9 \u00e0 la fin de 2025.<br>La soutenance publique d\u2019une th\u00e8se de doctorat intitul\u00e9e : \u00ab La famille de la rue dans la ville de Kinshasa : une d\u00e9construction de mod\u00e8le familial traditionnel \u00bb, \u00e0 l\u2019Universit\u00e9 de Kinshasa par notre coll\u00e8gue Arnold Mushiete, en Mars 2025, en vue de l\u2019obtention du titre de Docteur en Anthropologie, ouvre \u00e0 notre travail de nouvelles perspectives.   <br><br>Ce rapport annuel comprend les points suivants :<br>\t1. La sensibilisation sur les sites de concentration des EDR<br>\t2. L\u2019accueil, les d\u00e9marches de r\u00e9unification, et les outils de                                            stabilisation des gar\u00e7ons et filles accueillis dans nos deux centres<br>\t3. Le travail r\u00e9alis\u00e9 avec les grands jeunes de la rue<br>\t4. Rencontres et formations des membres du personnel<br>\t5. L\u2019\u00e9valuation du travail<br>\t6. Les Relations avec les partenaires locaux<br>\t7. Administration de la structure<br>\t8. Les \u00e9v\u00e9nements de l\u2019ann\u00e9e<br>\t9. Les probl\u00e8mes rencontr\u00e9s<br>\t10. Les perspectives pour l\u2019ann\u00e9e 2025-26<br><br>1. <strong>Le travail sur sept sites de concentration des EDR (enfants de la rue), autour du rond-point Ngaba :<br><\/strong><br>\t- Contact avec les enfants sur les sites :  300 nouveaux enfants (152 G et 148 F) ont \u00e9t\u00e9 rencontr\u00e9s et \u00e9cout\u00e9s, au cours de 97 visites des \u00e9ducateurs sur les sites. 314 (178 G et 136 F) l\u2019ann\u00e9e pr\u00e9c\u00e9dente, avec 91 visites. L\u2019objectif annuel \u00e9tant de 400 enfants identifi\u00e9s, r\u00e9f\u00e9r\u00e9s et sensibilis\u00e9s.<br> <br>\t- R\u00e9unifications des enfants \u00e0 partir des sites : 116 enfants (89 enfants, l\u2019ann\u00e9e pr\u00e9c\u00e9dente). L\u2019objectif annuel \u00e9tant de 100 enfants r\u00e9unifi\u00e9s \u00e0 partir des sites sans passer par nos centres.<br><br>\t- Sensibilisation sur les sites :  une rencontre mensuelle de sensibilisation sur chacun des sites retenus a permis de sensibiliser 741 personnes au cours de l\u2019ann\u00e9e : des assistants sociaux, policiers, mamans commer\u00e7antes, chefs des rues et quartiers, pasteurs d\u2019\u00e9glises de r\u00e9veil et autres responsables d\u2019Eglises. L\u2019objectif annuel \u00e9tait de 500 personnes sensibilis\u00e9es.  <br><br>\t- Voici les cibles sensibilis\u00e9s et th\u00e8mes exploit\u00e9s chaque mois : <br><br>Septembre 2024 : les commer\u00e7ants pour \u00ab La non exploitation des enfants \u00bb cfr Art 58 de la Loi portant protection de l\u2019enfant (LPPE).<br><br>Octobre 2024 : les responsables de communaut\u00e9s eccl\u00e9siastiques vivantes de base (CEVB) de l\u2019archidioc\u00e8se de Kinshasa pour pr\u00e9senter le travail de NYB aupr\u00e8s des enfants en situation de rue ainsi que leur protection. Ces rencontres ont \u00e9t\u00e9 organis\u00e9es en lien avec les cur\u00e9s de paroisses Sainte Bernadette (Mbanza Lemba), Saint Kizito (Kingabwa), Saint Cl\u00e9ment et Sainte Christine (Makala), Saint Daniel Comboni (Kindele), Saint Ambroise (Kisenso) et Saint Augustin (Lemba).<br><br>D\u00e9cembre 2024 : les parents des enfants r\u00e9unifi\u00e9s et suivis par NYB pour rappeler les 4 piliers des droits des enfants.<br><br>Janvier 2025 : les responsables de sites \tpour une relecture des activit\u00e9s r\u00e9alis\u00e9es sur les sites en 2024.<br><br>F\u00e9vrier 2025 : les responsables de communaut\u00e9s eccl\u00e9siastiques vivantes de base (CEVB) de l\u2019archidioc\u00e8se de Kinshasa pour pr\u00e9senter le travail de NYB aupr\u00e8s des enfants en situation de rue ainsi que leur protection. Ces rencontres ont \u00e9t\u00e9 organis\u00e9es en lien avec les cur\u00e9s de paroisses Saint Maximilien Colbe (Selembao), Mama wa bosawa (Kimbanseke), Sainte F\u00e9licit\u00e9 (Kinseso), Saint C\u00e9lestin (Kindele), Sainte Bernadette (Mbanza Lemba), Saint Kizito (Kingabwa).<br><br>Mars 2025 : les commer\u00e7ants et jeunes leaders sur les march\u00e9s pour parler de la non exclusion des enfants en situation de rue dans la soci\u00e9t\u00e9 : comment nous comportons-nous \u00e0 l\u2019\u00e9gard de ces enfants ?<br><br>Avril 2025 : les chefs de quartier et leurs adjoints, les pasteurs d\u2019\u00e9glises, administrateurs de march\u00e9s locaux, commandants de Police, et leaders communautaires pour donner aux enfants de rue les moyens de participer \u00e0 la d\u00e9fense de leurs droits.<br><br>Mai 2025\t: les commer\u00e7ants, chefs des rues et quartiers, assistants sociaux et responsables de services sociaux communaux pour la non exclusion des enfants en situation de rue dans la soci\u00e9t\u00e9 :  Consid\u00e9rer les EDR comme les autres enfants et veiller \u00e0 l\u2019\u00e9galit\u00e9. Implication des autorit\u00e9s locales dans la pr\u00e9vention de descente des enfants dans la rue : Alerter les \u00e9ducateurs de situation d\u2019enfants en difficult\u00e9. Mettre en place un SAP. <br><br>Juillet 2025 : les parents des enfants r\u00e9unifi\u00e9s et suivis par NYB pour la protection des enfants pendant les grandes vacances avec un accent particulier sur l'importance du dialogue entre les parents et les enfants.<br><br>Ao\u00fbt 2025 : les commer\u00e7ants pour la protection des enfants pendant les vacances.  <br><br> - Sensibilisation \u00e0 travers les m\u00e9dias : 8 sensibilisations anim\u00e9es via les radios communautaires \u00e9mettant dans des march\u00e9s locaux, \u00e0 proximit\u00e9 de nos sites.  Plusieurs th\u00e8mes exploit\u00e9s, notamment \u00ab la non exploitation des enfants \u00bb cfr Art 58 de la Loi portant protection de l\u2019enfant (LPPE) en vigueur en RDC ; le droit \u00e0 la vie, \u00e0 la survie et au d\u00e9veloppement des enfants. Nous n\u2019avons pas pu r\u00e9aliser cette ann\u00e9e des sensibilisations sur les m\u00e9dias publics.<br><br>2.\t<strong>L\u2019accueil des enfants dans nos deux centres, les d\u00e9marches de r\u00e9unification et les outils de stabilisation <\/strong><br><br>2.1. L\u2019accueil des enfants :<br><br> - Les gar\u00e7ons : Le travail a commenc\u00e9 en 2005 dans une maison prise en location. C\u2019est en 2011 que notre centre ouvert a \u00e9t\u00e9 construit sur un terrain acquis par la CCN. Il accueille une quarantaine de gar\u00e7ons par jour et h\u00e9berge une quinzaine de gar\u00e7ons pour la nuit. 130 nouveaux gar\u00e7ons ont \u00e9t\u00e9 accueillis au cours de l\u2019ann\u00e9e (126 pour l\u2018ann\u00e9e pr\u00e9c\u00e9dente). L\u2019objectif annuel \u00e9tant de 250 enfants (G et F) accueillis, \u00e9cout\u00e9s et reconstruits dans nos centres.<br><br> - Les filles : inaugur\u00e9 en 2012, ce centre ferm\u00e9 accueille et h\u00e9berge une quinzaine de filles. 35 nouvelles filles ont \u00e9t\u00e9 accueillies au cours de l\u2019ann\u00e9e (33, pour l\u2019ann\u00e9e pr\u00e9c\u00e9dente).  <br><br> - Placement des enfants dans nos centres : Obtention de 38 documents d\u2019homologation du tribunal pour enfants (TPE) pour r\u00e9gulariser le placement des enfants dans nos centres (Octobre 2024 \u00e0 Ao\u00fbt 2025).<br><br> - Sensibilisations des enfants : pr\u00e8s de 100 sensibilisations et causeries \u00e9ducatives ont \u00e9t\u00e9 organis\u00e9es durant l\u2019ann\u00e9e autour des th\u00e8mes : le bienfait d'\u00eatre propre pour pr\u00e9venir les maladies , l'entretien de l'environnement pour une meilleure hygi\u00e8ne de vie,  l\u2019assainissement de nos centres, les droits et devoirs des enfants, les festivit\u00e9s de fin d'ann\u00e9e, quel danger encourt-on dans la rue ?, mon projet de vie pour 2025, la propret\u00e9 corporelle et hygi\u00e8ne bucco-dentaire,  la lutte contre la faim et l'avantage de bien manger,  le savoir-vivre, mon regard vers le futur, la n\u00e9cessit\u00e9 de dire la v\u00e9rit\u00e9, le respect, la dignit\u00e9 d'une femme, la famille : source de b\u00e9n\u00e9dictions, l\u2019acceptation de soi et de son identit\u00e9. <br><br> - Prise en charge de la sant\u00e9 des enfants et jeunes : 3.350 consultations d\u2019EDR ont \u00e9t\u00e9 r\u00e9alis\u00e9es dans notre dispensaire sp\u00e9cialis\u00e9 dans la prise en charge des enfants et jeunes en situation de rue \u00e0 Kinshasa. Une moyenne mensuelle de 145 enfants et jeunes diff\u00e9rents ont \u00e9t\u00e9 soign\u00e9s chaque mois (161 l\u2019ann\u00e9e pr\u00e9c\u00e9dente).  Une moyenne mensuelle de 60 membres du personnel ainsi que leurs familles et les b\u00e9n\u00e9voles ont \u00e9galement \u00e9t\u00e9 consult\u00e9s et re\u00e7u un appui. <br>Les cinq principaux probl\u00e8mes rencontr\u00e9s sont le Paludisme, les parasitoses intestinales, les traumatismes li\u00e9s \u00e0 la violence dans la rue, les verminoses et les IST ainsi que les probl\u00e8mes li\u00e9s \u00e0 la consommation de drogues. <br><br>62 cas ont \u00e9t\u00e9 r\u00e9f\u00e9r\u00e9s pour une meilleure prise en charge dans les centres hospitaliers Monkole, Mont Amba et, Clinic Onyx pour les cas de maladies mentales et d\u2019\u00e9pilepsie. 5 enfants et grands jeunes sont d\u00e9c\u00e9d\u00e9s au cours de l\u2019ann\u00e9e, suite \u00e0 des maladies, d\u2019overdose ou des violences subies dans la rue. <br><br> - Suivi psychologique : nos trois psychologues ont suivi 499 enfants et jeunes et r\u00e9alis\u00e9 1.014 consultations individuelles et th\u00e9rapies de groupe (1.774, l\u2019ann\u00e9e pr\u00e9c\u00e9dente).<br><br> - Repas : les centres des gar\u00e7ons et des filles fournissent des repas quotidiens aux enfants. Toutes les filles re\u00e7oivent 3 repas (petit-d\u00e9jeuner, d\u00e9jeuner et diner). Et, les gar\u00e7ons re\u00e7oivent un petit-d\u00e9jeuner, d\u00e9jeuner.  Un diner est offert pour les gar\u00e7ons h\u00e9berg\u00e9s dans le centre.<br><br>18.220 repas ont \u00e9t\u00e9 servis aux gar\u00e7ons (21.255, l\u2019ann\u00e9e pass\u00e9e)<br>12.491 repas ont \u00e9t\u00e9 servis aux filles (12.346, l\u2019ann\u00e9e pass\u00e9e)<br><br> - Sorties : chaque mois, tant les filles que les gar\u00e7ons fr\u00e9quentant nos centres ont une journ\u00e9e de sortie au bord d\u2019une petite rivi\u00e8re, \u00e0 la sortie de Kinshasa en vue de leur assurer un temps de d\u00e9tente et d\u2019\u00e9coute loin de toutes les violences de la rue : 17 journ\u00e9es de sortie ont \u00e9t\u00e9 organis\u00e9es cette ann\u00e9e avec chaque fois de vingt \u00e0 trente jeunes et une sensibilisation, une \u00e9coute individuelle et des plongeons dans l\u2018eau (18, l\u2019ann\u00e9e pr\u00e9c\u00e9dente).<br> L\u2019objectif annuel \u00e9tant de 16 sorties-d\u00e9tentes.<br><br> - Colonies de vacances : <br>\t* 29 gar\u00e7ons ont particip\u00e9 \u00e0 une colonie de vacances du 17 au 22\/08, sur le th\u00e8me : \u00ab L\u2019image que j\u2019ai de moi-m\u00eame \u00bb. Le but \u00e9tait d\u2019intensifier les sensibilisations et le dialogue avec les enfants dans un cadre propice en vue d\u2019une r\u00e9unification familiale et leur scolarisation (30 l\u2019ann\u00e9e pr\u00e9c\u00e9dente). 10 enfants ont pu \u00eatre r\u00e9unifi\u00e9s au retour de la colonie.<br>\t* 13 filles en situation de rue ont particip\u00e9 \u00e0 une colonie organis\u00e9e, \u00e0 Menkao, loin de la ville, du 26 au 31 mai 2025, sous le th\u00e8me : \u00ab Ma famille, source des b\u00e9n\u00e9dictions \u00bb. L\u2019objectif principal \u00e9tait d\u2019aider les filles \u00e0 apprendre \u00e0 renouer leurs liens avec leurs familles. Elles ont b\u00e9n\u00e9fici\u00e9 des activit\u00e9s groupales sur les blessures narcissiques et l\u2019importance de la famille, anim\u00e9es par notre psychologue.  <br><br> - Plaidoyer et sensibilisation des enfants sur les questions li\u00e9es aux droits : <br>\t* C\u00e9l\u00e9bration de l\u2019adoption de la CDE (20 novembre) : les enfants, sensibilis\u00e9s sur leurs droits et devoirs, ont pr\u00e9sent\u00e9 un spectacle mettant en cause les mauvais traitements dont ils sont victimes de la part de la communaut\u00e9 avant d\u2019appeler \u00e0 leur protection. Le message v\u00e9hicul\u00e9 \u00e9tait bien clair : \u00ab Je suis juste un enfant ! \u00bb. L\u2019objectif \u00e9tait d\u2019\u00e9veiller les consciences sur le respect de leurs droits et dignit\u00e9. La c\u00e9l\u00e9bration a \u00e9t\u00e9 organis\u00e9e en ville, au centre Wallonie-Bruxelles, avec le soutien de Louvain coop\u00e9ration. <br>\t* C\u00e9l\u00e9bration de la journ\u00e9e internationale de droits des femmes (8 mars) : une sensibilisation a \u00e9t\u00e9 organis\u00e9e dans notre centre avec une quinzaine de filles de la rue surs leur droits et leur dignit\u00e9.<br>\t* C\u00e9l\u00e9bration de la journ\u00e9e internationale des droits des enfants de la rue (12 avril) : 60 enfants accueillis dans nos centres ont \u00e9t\u00e9 sensibilis\u00e9s durant 2 jours, sur leur droit de participer dans les d\u00e9cisions qui les concernent. Des ateliers organis\u00e9s ont permis aux enfants de choisir quelques droits qu\u2019ils pensent ne pas \u00eatre respect\u00e9s et de discuter, sous la facilitation d\u2019un \u00e9ducateur social, comment doivent-ils s\u2019impliquer pour que ces droits soient respect\u00e9s. Outill\u00e9s, ces enfants accompagn\u00e9s des \u00e9ducateurs sociaux ont sensibilis\u00e9 les responsables de cinq sites diff\u00e9rents de concentration des enfants de la rue dans les grands quartiers populaires de la ville de Kinshasa.<br><br>\t* C\u00e9l\u00e9bration de la journ\u00e9e de l\u2019enfant africain (16 juin) :  15 enfants (7G et 8F) en situation de rue accueillis dans nos centres ont \u00e9t\u00e9 invit\u00e9s, le 16 juin 2025, \u00e0 un colloque organis\u00e9 par les 5 TPE (Tribunal pour enfants) de la ville province de Kinshasa, sur le th\u00e8me \u00ab La planification et la budg\u00e9tisation des droits de l\u2019enfant : progr\u00e8s depuis 2010 \u00bb, dans la salle P\u00e8re BOKA dans la commune de la Gombe. Ils \u00e9taient contents d\u2019\u00eatre invit\u00e9s et consid\u00e9r\u00e9s, m\u00eame s\u2019ils n\u2019ont pas eu acc\u00e8s \u00e0 la parole ce jour-l\u00e0.<br><br>\t* 11 enfants (6G et 5F) ont anim\u00e9 deux sensibilisations sur les droits de l\u2019enfant en situation de rue, \u00e0 l\u2019intention des \u00e9tudiants de la facult\u00e9 de Droit de l\u2019Universit\u00e9 de Kinshasa, les 18 et 21\/6\/2025, en collaboration avec le vice-Doyen de ladite facult\u00e9 dans un des grands auditoires de la facult\u00e9.  Ces sensibilisations ont \u00e9t\u00e9 r\u00e9alis\u00e9es dans le cadre d\u2019un projet de sensibilisation sur les droits des EDR financ\u00e9 par les Apprentis d\u2019Auteuil (Activit\u00e9 : appels \u00e0 projets dans le cadre du programme ARCADE). A travers leurs t\u00e9moignages de vie, les EDR ont d\u00e9nonc\u00e9 les maltraitances dont ils ont souvent \u00e9t\u00e9 victimes en familles ainsi que les abus, exploitations de tout genre qu\u2019ils subissent dans la rue de la part d\u2019autres jeunes, des policiers, des autres adultes ou m\u00eame de certains \u00e9tudiants. <br><br>- Accompagnement des enfants et jeunes en conflit avec la loi : 11 enfants incarc\u00e9r\u00e9s ont \u00e9t\u00e9 suivis par notre \u00e9quipe \u00e9ducative en vue de leur lib\u00e9ration.<br>Nous n\u2019avons pas pu, comme les ann\u00e9es pr\u00e9c\u00e9dentes, offrir un repas de Noel aux enfants incarc\u00e9r\u00e9s dans la prison centrale de Kinshasa, le nouveau directeur de la prison n\u2019ayant pas accept\u00e9 notre proposition.<br><br> - Mise en \u0153uvre des politiques de protection de l\u2019enfance : <br>\t* Les r\u00e8glements d'ordre int\u00e9rieur de nos centres mis au point avec les enfants eux-m\u00eames ont \u00e9t\u00e9 affich\u00e9s en lingala dans chacun de nos centres et vulgaris\u00e9s r\u00e9guli\u00e8rement aupr\u00e8s des enfants.<br>\t* Des bo\u00eetes \u00e0 d\u00e9nonciation ont \u00e9t\u00e9 install\u00e9es dans nos centres en vue de faciliter la d\u00e9nonciation de tout acte d\u2019abus subi par les enfants et jeunes b\u00e9n\u00e9ficiaires de la part d\u2019un adulte.  De m\u00eame une personne a \u00e9t\u00e9 choisie par les \u00e9ducateurs dans chacun des centres comme point focal d\u2019accueil des d\u00e9nonciations d\u2019abus potentiels et son nom affich\u00e9 dans le centre.<br><br>\t* Une politique de sauvegarde des enfants et jeunes a \u00e9t\u00e9 r\u00e9dig\u00e9e et le code de conduite, sign\u00e9 par tous les \u00e9ducateurs, revu. Ces documents seront soumis \u00e0 l\u2019approbation de la prochaine assembl\u00e9e g\u00e9n\u00e9rale de l\u2019association.<br><br>2.2.\tLes d\u00e9marches de r\u00e9unification familiale :<br><br> - Ecoute des enfants : 526 fiches d\u2019\u00e9coute ont \u00e9t\u00e9 remplies (721 l\u2019ann\u00e9e pr\u00e9c\u00e9dente).<br> - Enqu\u00eates et m\u00e9diations :  436 fiches ont \u00e9t\u00e9 remplies (630 l\u2019ann\u00e9e pr\u00e9c\u00e9dente)<br> - R\u00e9unifications : 181 r\u00e9unifications ont \u00e9t\u00e9 r\u00e9alis\u00e9es (97 G et 84F) (181 : 106 G et 85 F, l\u2019ann\u00e9e pr\u00e9c\u00e9dente). L\u2019objectif annuel \u00e9tant de 200 r\u00e9unifications familiales. <br>Parmi ces r\u00e9unifications, 116 ont \u00e9t\u00e9 faite \u00e0 partir des sites et les autres \u00e0 partir de notre centre (92 l\u2019ann\u00e9e pr\u00e9c\u00e9dente).<br>Le taux de rechute des enfants r\u00e9unifi\u00e9s est de 16%.<br><br>2.3.\tLes outils de stabilisation des enfants r\u00e9unifi\u00e9s dans leurs familles :<br><br> - Scolarisation des enfants : chaque enfant r\u00e9unifi\u00e9 b\u00e9n\u00e9ficie d\u2019un appui de 3 ans pour sa scolarisation, mais parfois en raison de la pr\u00e9carit\u00e9 de vie de certaines familles, les enfants sont soutenus plus longtemps pour les aider \u00e0 terminer leurs \u00e9tudes secondaires, s\u2019ils ont le niveau n\u00e9cessaire. <br>339 enfants (179 G et 159 F) ont \u00e9t\u00e9 scolaris\u00e9s dans une cinquantaine d\u2018\u00e9coles diff\u00e9rentes avec lesquelles des conventions ont \u00e9t\u00e9 sign\u00e9es (388 enfants, l\u2019ann\u00e9e pr\u00e9c\u00e9dente, 222 G et 166 F). Parmi ces enfants, 164 ont \u00e9t\u00e9 scolaris\u00e9s au primaire et 175 au secondaire (l\u2019ann\u00e9e pr\u00e9c\u00e9dente 242 au primaire et 146 au secondaire). L\u2019objectif annuel \u00e9tant de 400 enfants scolaris\u00e9s. <br>21 abandons ont \u00e9t\u00e9 enregistr\u00e9s en cours d\u2019ann\u00e9e (19, l\u2019ann\u00e9e pr\u00e9c\u00e9dente). <br>Chaque ann\u00e9e, il y a des enfants qui, arriv\u00e9s en terminale, d\u00e9crochent leurs dipl\u00f4mes d\u2019Etat (baccalaur\u00e9at). Pour l\u2019ann\u00e9e scolaire derni\u00e8re (2024-2025), il y a eu 23 laur\u00e9ats (16 l\u2019ann\u00e9e pr\u00e9c\u00e9dente). Un document est disponible avec les t\u00e9moignages de ces jeunes.<br>4 rencontres de concertation sur l\u2019accompagnement scolaire des enfants ayant connu une situation de rue ont \u00e9t\u00e9 organis\u00e9es en Janvier, Mai et Ao\u00fbt 2025, avec une trentaine de directeurs et de pr\u00e9fets, afin d\u2019assurer un bon suivi p\u00e9dagogique. L\u2019objectif \u00e9tait d\u2019\u00e9laborer, ensemble, une strat\u00e9gie d\u2019int\u00e9gration de ces enfants en milieu scolaire.  <br> - Formation professionnelle (FP) :  <br>39 jeunes ont pu suivre une formation professionnelle (23 G et 16 F) dont 26 abandons (66,6 %) et 13 ont fini leur ann\u00e9e de formation. L\u2019ann\u00e9e derni\u00e8re, 57 jeunes ont pu suivre une formation professionnelle (35 G et 22 F) dont 24 abandons. L\u2019objectif annuel \u00e9tant de 50 jeunes. <br><br> - Microcr\u00e9dits (MC) : 201 microcr\u00e9dits de 50 \u00e0 100$ pour un total de 13. 820$ (\u00e9quivalents \u00e0 276 cr\u00e9dits de 50$) ont \u00e9t\u00e9 octroy\u00e9s aux mamans des enfants r\u00e9unifi\u00e9s en vue d\u2019aider la maman \u00e0 pouvoir prendre en charge ses enfants et trouver l\u2019autonomisation de la famille (cr\u00e9dits octroy\u00e9s sans int\u00e9r\u00eat). (L\u2019ann\u00e9e pr\u00e9c\u00e9dente 195 MC avaient \u00e9t\u00e9 octroy\u00e9s, \u00e9quivalents \u00e0 356 MC de 50$).  L\u2019objectif annuel fix\u00e9 est de 300 MC de 50$ sur l\u2019ann\u00e9e. Le taux de remboursement des cr\u00e9dits a \u00e9t\u00e9 de 69%. Notons que 87 MC ont \u00e9t\u00e9 octroy\u00e9s \u00e0 des mamans nouvelles (leur premier MC).<br><br> - Garanties locatives (GL) : 38 garanties locatives et appuis r\u00e9paration des maisons (d\u2019un montant de 150$, en moyenne) ont \u00e9t\u00e9 octroy\u00e9es \u00e0 des familles vivant dans un logement insalubre ou trop petit afin de pouvoir d\u00e9m\u00e9nager et trouver un meilleur logement ou restaurer leur logement, s\u2019il \u00e9tait de propri\u00e9t\u00e9 familiale. (34 GL avaient \u00e9t\u00e9 octroy\u00e9es l\u2019ann\u00e9e pr\u00e9c\u00e9dente). L\u2019objectif fix\u00e9 \u00e9tait de 60 GL sur l\u2019ann\u00e9e.<br><br> - Visites de suivi dans les familles et les familles d\u2019accueil : 2.349 visites en familles ont \u00e9t\u00e9 r\u00e9alis\u00e9es au cours de l\u2019ann\u00e9e (contre 2.446 l\u2019ann\u00e9e pr\u00e9c\u00e9dente) et 1.454 dans les \u00e9coles o\u00f9 sont plac\u00e9s les enfants (contre 1.360 l\u2019ann\u00e9e pr\u00e9c\u00e9dente). En principe chaque enfant r\u00e9unifi\u00e9 doit \u00eatre visit\u00e9 au moins une fois par mois dans sa famille.<br>6 gar\u00e7ons et 9 filles plac\u00e9s en familles d\u2019accueil transitoires ont \u00e9t\u00e9 suivis dans ces familles (FAT). Pour plusieurs d\u2018entre eux, nous n\u2019arrivons toujours pas \u00e0 trouver un membre de leur famille pour les recevoir.<br><br> - Rencontres de parents des enfants r\u00e9unifi\u00e9s : 16 rencontres d\u2019\u00e9changes d\u2019exp\u00e9riences entre parents des enfants r\u00e9unifi\u00e9s (rencontres parents-parents) ont \u00e9t\u00e9 organis\u00e9es avec une moyenne de 13 parents pr\u00e9sents par rencontre (contre 23 avec une moyenne de 12 parents pr\u00e9sents l\u2019ann\u00e9e pr\u00e9c\u00e9dente).<br><br>3.\tLe travail r\u00e9alis\u00e9 avec les grands jeunes de la rue (18-30 ans)<br>Un premier centre a \u00e9t\u00e9 construit et inaugur\u00e9 en 2014, mais le centre, trop petit et mal install\u00e9, \u00e0 l\u2019int\u00e9rieur du centre des filles, avait besoin d\u2019\u00eatre d\u00e9plac\u00e9 dans un lieu plus appropri\u00e9. Une nouvelle parcelle a \u00e9t\u00e9 achet\u00e9e en 2023 et un nouveau b\u00e2timent construit en 2024-25. Il sera inaugur\u00e9 \u00e0 la fin de l\u2019ann\u00e9e. Le centre est un lieu d\u2019accueil, d\u2019\u00e9coute et d\u2019orientation des jeunes de 18 \u00e0 30 ans.<br><br> - Contact avec les grands jeunes dans leurs bases : 63 grands jeunes ont \u00e9t\u00e9 rencontr\u00e9s et sensibilis\u00e9s au cours de 3 visites de bases (120 jeunes sensibilis\u00e9s au cours de 6 visites de bases, l\u2019ann\u00e9e pr\u00e9c\u00e9dente).  L\u2019objectif annuel \u00e9tant de 100 jeunes sensibilis\u00e9s dans les bases.<br><br> - Accueil de jeunes dans notre centre : 217 grands jeunes diff\u00e9rents ont \u00e9t\u00e9 accueillis cette ann\u00e9e (92 G et 125 F) (269 jeunes, l\u2019ann\u00e9e pr\u00e9c\u00e9dente). L\u2019objectif annuel \u00e9tant de 100 jeunes accueillis et \u00e9cout\u00e9s.<br><br> - Appui psychologique : 116 jeunes ont b\u00e9n\u00e9fici\u00e9 d\u2019un suivi psychologique dont 65 nouveaux.<br><br> - Alphab\u00e9tisation : 122 grands jeunes ont pu suivre un programme d\u2019alphab\u00e9tisation de six mois (43 G et 79F) ; 16 ont abandonn\u00e9 en cours de route. 50 jeunes ont pu obtenir leur brevet d\u2019alphab\u00e9tisation (13 G et 37 files) apr\u00e8s une \u00e9valuation \u00e0 la fin de leur parcours.<br>Notre manuel d\u2019alphab\u00e9tisation en lingala a pu \u00eatre \u00e9dit\u00e9 par M\u00e9diasPaul avec l\u2019appui de Misereor et publi\u00e9 \u00e0 500 exemplaires.<br><br> - Formation professionnelle : 122 Grands jeunes ont pu suivre une formation professionnelle (43 G et 79 F) dont 36 abandons (29,5 %) et 86 ont fini leur ann\u00e9e de formation dans les fili\u00e8res suivantes : construction, soudure, menuiserie, peinture b\u00e2timent, m\u00e9canique moto et auto, couture, esth\u00e9tique, restauration\u2026. L\u2019ann\u00e9e derni\u00e8re, 139 jeunes ont pu suivre une formation professionnelle (61 G et 78 F) dont 33 abandons. L\u2019objectif annuel \u00e9tant de 50 grands jeunes. <br>Ces jeunes et grands jeunes ont b\u00e9n\u00e9fici\u00e9 de 743 visites de suivi sur leur lieu de formation (309, l\u2018ann\u00e9e pr\u00e9c\u00e9dente).<br>Des filles s\u2019int\u00e9ressent aux fili\u00e8res autrefois qualifi\u00e9es de \u00ab masculines \u00bb telles que la plomberie, peinture b\u00e2timent, ma\u00e7onnerie, menuisi\u00e8re aluminium\u2026 <br>5 rencontres de responsables d\u2019ateliers partenaires de NYB, ont \u00e9t\u00e9 organis\u00e9es durant l\u2019ann\u00e9e, avec chaque fois la participation d\u2019une quinzaine de responsables d\u2019ateliers. Ces rencontres ont eu un triple objectif : d\u00e9velopper le r\u00e9seau de maitres d\u2019apprentissage, favoriser leur collaboration dans l\u2019apprentissage des jeunes et s\u2019enqu\u00e9rir de l\u2019\u00e9volution des jeunes.<br><br> - Insertion professionnelle : 59 jeunes (24G et 35 F) ont pu terminer leur formation professionnelle, suivre leur formation en entreprenariat et recevoir leur kit d\u2019insertion professionnelle dans les m\u00e9tiers suivis (couture, esth\u00e9tique, cuisine, menuiserie, construction, peinture, m\u00e9canique\u2026) tout en \u00e9tant suivis par notre \u00e9quipe d\u2019insertion pour d\u00e9marrer leur petit atelier.<br>Cette ann\u00e9e, le nombre de jeunes en formation et en insertion professionnelle a doubl\u00e9 par rapport aux ann\u00e9es pr\u00e9c\u00e9dentes o\u00f9 l\u2019objectif \u00e9tait de 50 grands jeunes en FP, en raison de l\u2019appui de deux projets d\u2019une dur\u00e9e de deux ans chacun, l\u2019un de la coop\u00e9ration belge via Enabel et l\u2019autre de la r\u00e9gion de Bruxelles Capitale (RBC).  <br><br> - Sensibilisation \u00e0 la masculinit\u00e9 et \u00e0 la f\u00e9minit\u00e9 positive <br>\t* 75 filles-m\u00e8res en situation de rue ont \u00e9t\u00e9 sensibilis\u00e9es sur l\u2019hygi\u00e8ne corporelle et alimentaire afin de bien prendre soin de leurs enfants qui vivent avec elles, dans une grande pr\u00e9carit\u00e9, dans la rue.<br>\t* A l\u2019occasion de la journ\u00e9e de la femme, le 8 mars,70 jeunes femmes en situation de rue ont \u00e9t\u00e9 r\u00e9unies \u00e9t\u00e9 sensibilis\u00e9e sur les droits et la dignit\u00e9 de la femme et la n\u00e9cessit\u00e9 pour elle d\u2019\u00eatre attentive \u00e0 sa propre dignit\u00e9.<br>\t* 26 jeunes femmes en situation de rue ont b\u00e9n\u00e9fici\u00e9 d\u2019une session, du 08 au 11 Juillet 2025, dans un lieu calme loin de la vile, \u00e0 Menkao, autour du th\u00e8me : \u00ab Conna\u00eetre sa valeur pour mieux s\u2019aimer, se respecter et poser des limites dans ses relations \u00bb. L\u2019objectif g\u00e9n\u00e9ral \u00e9tait de ramener les jeunes \u00e0 la prise de conscience, savoir dire non et \u00e0 prendre de bonnes d\u00e9cisions pour leur avenir. Malheureusement une semaine de sortie pour les grands jeunes gar\u00e7ons de la rue n\u2019a pas pu \u00eatre organis\u00e9e cette ann\u00e9e.<br><br>4)\t<strong>Le personnel <\/strong><br>Dans le domaine du personnel, nous avons enregistr\u00e9 plusieurs changements : <br>\t* 4 embauches : un gardien de nuit pour le nouveau centre de grands jeunes, un gardien de jour pour le centre des gar\u00e7ons, deux \u00e9ducateurs sociaux (les trois derniers pour remplacer du personnel partant)<br>\t * 2 d\u00e9parts :  la responsable adjointe du centre des gar\u00e7ons charg\u00e9e de l\u2019alphab\u00e9tisation et un \u00e9ducateur social<br>Nous avons \u00e9galement effectu\u00e9 des permutations pour redynamiser nos \u00e9quipes de suivi des microcr\u00e9dits et celle de suivi des grands jeunes en formation professionnelle. <br><br>Formation continue <br>Pour un meilleur rendement, notre \u00e9quipe a b\u00e9n\u00e9fici\u00e9 d\u2019un renforcement des comp\u00e9tences professionnelles. Deux journ\u00e9es de formation pour toute notre \u00e9quipe ont \u00e9t\u00e9 organis\u00e9es au cours de l\u2019ann\u00e9e :  <br>\t* Une rencontre interprofessionnelle anim\u00e9e par le Consultant et la Psychologue flying de Louvain Coop\u00e9ration autour du th\u00e8me : \u00ab l\u2019Ethique et D\u00e9ontologie des m\u00e9tiers du Travail social et du Psychologue \u00bb. <br>\t* Une journ\u00e9e de formation anim\u00e9e par le professeur Ol\u00e9a BALAYULU de la facult\u00e9 de Psychologie de l\u2019Unikin sur le th\u00e8me : \u00ab V\u00e9cu psychologique et probl\u00e8mes de sant\u00e9 mentale des enfants en situation de rue \u00bb.<br>L\u2019objectif retenu est en principe de neuf journ\u00e9es de formation sur l\u2019ann\u00e9e. <br>Mais il faut consid\u00e9rer que plusieurs membres du personnel ont pu b\u00e9n\u00e9ficier des formations organis\u00e9es et\/ou financ\u00e9es par nos partenaires : <br>\t* 13 travailleurs sociaux suivent une formation en ligne via les carnets num\u00e9riques mise en place par les Apprentis d\u2019Auteuil. Un ordinateur portable dot\u00e9 d\u2019une connexion internet a \u00e9t\u00e9 install\u00e9 avec le financement des AA pour permettre aux travailleurs sociaux de suivre la formation en toute qui\u00e9tude. <br>\t* 6 \u00e9ducateurs sociaux ont b\u00e9n\u00e9fici\u00e9 d\u2019une journ\u00e9e de formation sur le code de conduite des centres d\u2019accueil des enfants en situation difficile anim\u00e9e par le P\u00e8re S\u00e9verin Mukoko, sj, (16\/10\/2024). <br>\t * 3 travailleurs sociaux et une psychologue ont b\u00e9n\u00e9fici\u00e9 d\u2019une formation la gestion de la violence dans nos centres, anim\u00e9e par les Apprentis d\u2019Auteuil. (04 au 08\/11\/2024). <br>\t* 2 travailleurs sociaux et un psychologue ont particip\u00e9 \u00e0 2 sessions du trajet d\u2019apprentissage en sant\u00e9 mentale : atelier d\u2019\u00e9change d\u2019exp\u00e9rience et des bonnes pratiques sur la prise en charge psychosociale des enfants et jeunes en situation de rue \u00e0 Kinshasa.  Deux matin\u00e9es de restitution ont \u00e9t\u00e9 organis\u00e9s, \u00e0 l\u2019intention de toute l\u2019\u00e9quipe \u00e9ducative de NYB, avec la facilitation des formateurs. Ce trajet d\u2019apprentissage est organis\u00e9 par Louvain Coop\u00e9ration.   <br>\t  * 4 administratifs ont b\u00e9n\u00e9fici\u00e9 d'une formation sur la gestion des ressources humaines, la fiscalit\u00e9 et une initiation aux nouveaux outils de gestion comptable propos\u00e9 par LC (le directeur du Personnel de LBM, les directeurs de Budget de NYB et du CFP saint Joseph, ainsi que l\u2019administrateur du CFP Saint Joseph).<br>\t* Le P\u00e8re Thomas Pr\u00e9vost, Coordonnateur des activit\u00e9s a particip\u00e9 au comit\u00e9 d'orientation des Apprentis d'Auteuil, du 16 au 20 juin 2025, \u00e0 Paris. <br>\t  * Les psychologues ont particip\u00e9 \u00e0 3 rencontres d\u2019\u00e9changes anim\u00e9es par le Reejer sur les th\u00e9matiques suivants :  travail en milieu ouvert, h\u00e9bergement transitoire et la sant\u00e9 mentale.<br><br>5) <strong>Les \u00e9valuations<\/strong><br> - Une auto-\u00e9valuation de nos activit\u00e9s r\u00e9alis\u00e9e au cours de l\u2019ann\u00e9e, a \u00e9t\u00e9 faite avec l\u2019ensemble de notre personnel en date du 25\/10\/2024. Des rapports trimestriels de nos r\u00e9alisations ont \u00e9t\u00e9 r\u00e9guli\u00e8rement diffus\u00e9s. <br> - Quatre audits financiers ont \u00e9t\u00e9 r\u00e9alis\u00e9s par des auditeurs ind\u00e9pendants (Cabinet Audirec). <br> - 50 r\u00e9unions hebdomadaires d\u2019\u00e9valuation et de planification ont \u00e9t\u00e9 organis\u00e9es chaque samedi matin dans chacun de nos trois centres.<br> - Chaque mois des rencontres d\u2019\u00e9valuation du travail sont organis\u00e9es suivant les secteurs d\u2019activit\u00e9s, notamment les sites (travail de rue), les microcr\u00e9dits, la formation professionnelle, la scolarisation et l\u2019accompagnement psychologique. <br><br>6) <strong>Les relations avec les partenaires locaux <\/strong><br> - Dans chaque site de concentration des enfants en situation de rue, les \u00e9ducateurs identifient des alli\u00e9s (acteurs dans la protection des enfants) et mettent en place des syst\u00e8mes d\u2019alerte pr\u00e9coce (SAP) qui identifient les nouvelles descentes des enfants dans la rue pour faciliter la r\u00e9unification rapide des enfants. <br> - Avec les structures s\u0153urs (Bana Poveda, Centre Monseigneur Muzihirwa et Orper), CCN participe \u00e0 des rencontres mensuelles de concertation pour l\u2019harmonisation des pratiques.  <br> - Les psychologues participent aux s\u00e9ances mensuelles de partage d\u2019exp\u00e9riences avec des autres psychologues des structures s\u0153urs (Orper et Bana Poveda, Centre Monseigneur Muzihirwa).<br> - Avec les autorit\u00e9s nationales et locales, un responsable des relations ext\u00e9rieures assure la liaison entre NYB et les autres instances, notamment la Division urbaine des affaires sociales (DUAS), la Police de Protection de l\u2019enfance et violences bas\u00e9es sur le genre (PEPVS), le Tribunal pour enfants et les services sociaux de communes. Tous ces services interviennent dans notre travail notamment pour l\u2019obtention des d\u00e9cisions de placement des enfants ainsi que leur homologation et, la protection des enfants en cas d\u2019abus et tout acte de violence.<br><br>7) <strong>L\u2019administration de la structure<\/strong><br>Les comit\u00e9s de pilotage et de gestion de l\u2019association LBM de CCN se r\u00e9unissent chaque mois pour \u00e9valuer l\u2019\u00e9volution du travail et mettre en place des strat\u00e9gies pour l\u2019avancement des activit\u00e9s mais \u00e9galement faire le point sur les finances de la structure. 18 r\u00e9unions ont \u00e9t\u00e9 tenues cette ann\u00e9e (19, l\u2019ann\u00e9e pr\u00e9c\u00e9dente).<br>L\u2019Assembl\u00e9e g\u00e9n\u00e9rale de la structure se r\u00e9unit deux fois par an pour \u00e9valuer l\u2019ensemble du travail r\u00e9alis\u00e9 et les probl\u00e8mes rencontr\u00e9s. L\u2019Assembl\u00e9e g\u00e9n\u00e9rale tenue le 28 novembre 2024 a approuv\u00e9 les rapports annuels et les comptes de l\u2019ann\u00e9e.<br><br>8) <strong>Les \u00e9v\u00e9nements de l\u2019ann\u00e9e <\/strong>:<br><br> - Auto\u00e9valuation annuelle des activit\u00e9s r\u00e9alis\u00e9es dans la p\u00e9riode de septembre 2023 \u00e0 Ao\u00fbt 2024. (25\/10\/2024).  <br> - C\u00e9l\u00e9bration de la journ\u00e9e comm\u00e9morative de l'adoption de la CDE au centre Wallonie-Bruxelles organis\u00e9e par Louvain coop\u00e9ration (20\/11\/2024).<br> - Assembl\u00e9e g\u00e9n\u00e9rale de LBM. (28\/11\/2024).<br> - C\u00e9r\u00e9monie de remise des kits d'insertion professionnelle \u00e0 35 Jeunes (30\/11\/2024).<br> - Visite et repas avec l'Ambassadeur de la C\u00f4te d'ivoire en RDC (06\/12\/2024).<br> - Repas de No\u00ebl avec l'Ambassadrice et personnel de l\u2019Ambassade de Belgique en RDC (18\/12\/2024).<br> - Messe de No\u00ebl \u00e0 la paroisse de Sainte Christine avec tous nos enfants. (24\/12\/2024)<br> - Placement des enfants en famille d\u2019accueil pour la f\u00eate de No\u00ebl. (25\/12\/2024)<br> - Messe et repas de Bonne ann\u00e9e avec les enfants au centre (31\/12\/2024).<br> - Les f\u00eates de bonne ann\u00e9e organis\u00e9es au centre avec les voisins, les jeunes b\u00e9n\u00e9voles, les mamans b\u00e9n\u00e9voles de la cuisine, les directeurs d'\u00e9coles, les responsables d'ateliers, les grands jeunes.<br> - Messe d'actions des gr\u00e2ces pour les 20 ans de LBM, au CFP Saint Joseph : C\u00e9l\u00e9bration eucharistique conc\u00e9l\u00e9br\u00e9e par le Nonce apostolique et le mod\u00e9rateur g\u00e9n\u00e9ral du Chemin Neuf. (07\/03\/2025) et journ\u00e9e festive marquant les 20 ans de LBM (08\/03\/2025).<br> - Repas offert aux enfants par le d\u00e9put\u00e9 Ingele Ifoto (05\/04\/2025).<br> - C\u00e9l\u00e9bration de la journ\u00e9e internationale des enfants en situation de rue avec les commissions Caritas de Saint B\u00e9noit et Sainte Christine. Un repas a \u00e9t\u00e9 offert aux enfants. (11\/04\/2025). <br> - Chemin de croix et lavement des pieds avec les enfants \u00e0 Manresa. (07\/04\/2025)<br> - Messe et repas de P\u00e2ques avec tous les enfants et les \u00e9ducateurs au centre. (19\/04\/2025) <br> - C\u00e9r\u00e9monies de remise des kits scolaires aux enfants r\u00e9unifi\u00e9s par Bracongo (15\/08\/2025)<br><br>9) <strong>Les probl\u00e8mes rencontr\u00e9s<\/strong> <br> - La question du financement de nos activit\u00e9s : Le budget pr\u00e9visionnel annuel de NYB pour l\u2019ann\u00e9e 2024-2025 \u00e9tait de 540.000$, mais le financement assur\u00e9 des partenaires avait atteint 87,22 % de cette pr\u00e9vision. Il y avait 12,78% de ce budget qui n\u2019\u00e9tait pas assur\u00e9 et devrait \u00eatre recherch\u00e9. De notre part, nous devons \u00e9tudier comment trouver une forme possible d\u2019autofinancement, car actuellement notre travail d\u00e9pend \u00e0 100% de partenaires ext\u00e9rieurs, ce qui rend difficile un engagement dans la dur\u00e9e et rend les perspectives tr\u00e8s difficiles en raison de la diminution des budgets de coop\u00e9ration des pays occidentaux. Comment pouvons-nous trouver un partenaire int\u00e9ress\u00e9 \u00e0 nous soutenir dans une activit\u00e9 d\u2019autofinancement de notre structure ?<br><br> - La mis\u00e8re de la population : nous constatons que la mis\u00e8re de la population dans les grands quartiers populaires de Kinshasa o\u00f9 nous travaillons grandit de jour en jour : la population ne trouve pas d\u2019emploi et doit se d\u00e9brouiller dans le secteur informel pour survivre et les investissements ext\u00e9rieurs sont tr\u00e8s peu importants. Cette situation conduit \u00e0 une augmentation permanente du nombre d\u2019enfants dans la rue.<br><br> - La construction des supermarch\u00e9s \u00e0 proximit\u00e9 de plusieurs sites : A l\u2019arr\u00eat Commune, au march\u00e9 de Matadi-Kibala entra\u00eene la formation de nouveaux lieux de concentration des EDR qui viennent d\u00e9sormais y mendier.  Au Rond-point Super Lemba, la situation est de plus en plus alarmante. Ce site est devenu un grand carrefour des EDR, essentiellement les rechut\u00e9s de plusieurs centres d\u2019accueil, qui fument du chanvre. Ces derniers ont eu une influence n\u00e9gative sur les enfants qui vendent aux alentours de terrasses. Face \u00e0 cette situation, notre \u00e9quipe a multipli\u00e9 les maraudes de jour sur ce site afin de les sensibiliser et \u00e9couter.<br><br> - Peu de soutien l\u2019\u00e9tat :  Les structures \u00e9tatiques sont pr\u00e9sentes mais ne soutiennent pas notre travail avec les jeunes de la rue. Nous n\u2019avons re\u00e7u aucun subside de l\u2019\u00e9tat au cours des derni\u00e8res ann\u00e9es, m\u00eame si plusieurs autorit\u00e9s manifestent un int\u00e9r\u00eat pour notre travail. En outre, nos jeunes en insertion professionnelle sont r\u00e9guli\u00e8rement poursuivis par des agents de l\u2019\u00e9tat pour diff\u00e9rentes taxes au lieu d\u2019\u00eatre soutenus pour le d\u00e9marrage de leur activit\u00e9 professionnelle.<br><br> - L\u2019augmentation de la violence dans les quartiers populaires : La violence est de plus en plus pr\u00e9sente dans nos quartiers populaires. Les groupes de jeunes, appel\u00e9s \u00ab Kuluna \u00bb, pillent et ran\u00e7onnent les gens dans plusieurs quartiers populaires, car ces jeunes d\u00e9s\u0153uvr\u00e9s sont d\u00e9courag\u00e9s, sans formation et sans emploi dans leur vie. Les autorit\u00e9s ont beaucoup de mal \u00e0 contenir cette violence. Cette situation rend le travail de nos \u00e9ducateurs plus difficile et dangereux dans plusieurs quartiers et ne facilite pas la vie \u00e9conomique de la population.<br><br>10)\t<strong>Les perspectives 2025-2026<\/strong><br><br>1. La recherche d\u2019autres formes de financement : La structure doit, cette ann\u00e9e, faire des d\u00e9marches en vue de pouvoir trouver des formes alternatives de financement et ne plus d\u00e9pendre \u00e0 100% de partenaires ext\u00e9rieurs : faire davantage de d\u00e9marches aupr\u00e8s des entreprises locales \u0153uvrant \u00e0 Kinshasa pour obtenir leur appui et trouver des formes possibles d\u2019autofinancement de nos activit\u00e9s.<br><br>2. Le lien avec les autorit\u00e9s de l\u2019\u00e9tat : La structure doit renforcer ses liens avec les autorit\u00e9s \u00e9tatiques afin d\u2019obtenir de pouvoir recevoir un financement partiel de ses activit\u00e9s de la part du gouvernement congolais (participation au budget de la structure et prise en charge d\u2019une partie de son personnel).<br><br>3. La maintenance de nos infrastructures : Les grandes pluies r\u00e9guli\u00e8res fragilisent nos toitures et demandent un entretien r\u00e9gulier. En outre, les plafonds r\u00e9alis\u00e9s en triplex ne sont pas durables, mang\u00e9s par des insectes et doivent \u00eatre remplac\u00e9 par des plafonds en mat\u00e9riaux durables. Le r\u00e9fectoire du centre des gar\u00e7ons doit \u00eatre agrandi et r\u00e9am\u00e9nag\u00e9. Les tables et les bancs dans nos deux centres doivent \u00eatre remis en \u00e9tat. Les installations solaires dans nos trois centres doivent \u00eatre entretenues et \u00e9tendues, pour nous donner un courant stable.<br><br>4. Le soutien au personnel : Le soutien \u00e0 notre personnel qui doit r\u00e9aliser un travail d\u2019accueil et de suivi difficile avec les enfants doit pouvoir \u00eatre renforc\u00e9 (formations, \u00e9valuations, encadrement, am\u00e9lioration des conditions de travail\u2026).<br><br>5. La construction d\u2019un centre d\u2019accueil \u00e0 Menkao : La CCN dispose d\u2019un vaste terrain \u00e0 Menkao, dans une zone calme, \u00e0 la sortie de la ville de Kinshasa. Nous y avons d\u00e9j\u00e0 anim\u00e9 plusieurs sessions de nos jeunes, et chaque fois se retrouver dans un cadre paisible, loin de la ville, de la violence et de la drogue, fait du bien aux jeunes. Aussi, nous avons pens\u00e9, en lien avec la communaut\u00e9, construire sur place un petit centre pour des sessions d\u2019une trentaine de jeunes avec des dortoirs, des sanitaires, une cuisine et une salle de rencontres. <br><br>MERCI A CHACUN POUR VOTRE ATTENTION A NOTRE TRAVAIL AUPRES DES ENFANTS ET JEUNES EN SITUATION DE RUE !<br>\u2003<br><br><\/pre>\n<\/div>\n<\/div>\n\n\n\n<div class=\"wp-block-columns is-layout-flex wp-container-core-columns-is-layout-9d6595d7 wp-block-columns-is-layout-flex\">\n<div class=\"wp-block-column is-layout-flow wp-block-column-is-layout-flow\" style=\"flex-basis:33.33%\">\n<div class=\"wp-block-columns is-style-restricted-width is-layout-flex wp-container-core-columns-is-layout-9d6595d7 wp-block-columns-is-layout-flex\">\n<div class=\"wp-block-column is-layout-flow wp-block-column-is-layout-flow\" style=\"flex-basis:100%\">\n<div class=\"wp-block-columns is-layout-flex wp-container-core-columns-is-layout-9d6595d7 wp-block-columns-is-layout-flex\">\n<div class=\"wp-block-column is-layout-flow wp-block-column-is-layout-flow\" style=\"flex-basis:100%\"><\/div>\n<\/div>\n<\/div>\n<\/div>\n\n\n<\/div>\n\n\n\n<div class=\"wp-block-column is-layout-flow wp-block-column-is-layout-flow\" style=\"flex-basis:66.66%\"><\/div>\n<\/div>\n\n\n\n<p class=\"has-small-font-size\"><\/p>\n\n\n\n\n\n\n\n<div class=\"wp-block-columns are-vertically-aligned-center is-style-default is-layout-flex wp-container-core-columns-is-layout-9d6595d7 wp-block-columns-is-layout-flex\">\n<div class=\"wp-block-column is-layout-flow wp-block-column-is-layout-flow\" style=\"flex-basis:33.33%\"><\/div>\n\n\n\n<div class=\"wp-block-column is-layout-flow wp-block-column-is-layout-flow\" style=\"flex-basis:66.66%\"><\/div>\n<\/div>\n\n\n\n<div class=\"wp-block-columns is-layout-flex wp-container-core-columns-is-layout-9d6595d7 wp-block-columns-is-layout-flex\">\n<div class=\"wp-block-column is-layout-flow wp-block-column-is-layout-flow\" style=\"flex-basis:100%\">\n<div class=\"wp-block-columns are-vertically-aligned-center is-style-default is-layout-flex wp-container-core-columns-is-layout-9d6595d7 wp-block-columns-is-layout-flex\">\n<div class=\"wp-block-column is-vertically-aligned-center is-layout-flow wp-block-column-is-layout-flow\">\n\n\n<div class=\"wp-block-columns is-layout-flex wp-container-core-columns-is-layout-9d6595d7 wp-block-columns-is-layout-flex\">\n<div class=\"wp-block-column is-layout-flow wp-block-column-is-layout-flow\"><\/div>\n<\/div>\n\n\n\n<p><\/p>\n\n\n\n<div class=\"wp-block-columns is-layout-flex wp-container-core-columns-is-layout-9d6595d7 wp-block-columns-is-layout-flex\">\n<div class=\"wp-block-column is-layout-flow wp-block-column-is-layout-flow\"><\/div>\n<\/div>\n\n\n\n<div class=\"wp-block-columns is-layout-flex wp-container-core-columns-is-layout-9d6595d7 wp-block-columns-is-layout-flex\">\n<div class=\"wp-block-column is-layout-flow wp-block-column-is-layout-flow\" style=\"flex-basis:66.66%\"><\/div>\n<\/div>\n\n\n\n<div class=\"wp-block-columns is-layout-flex wp-container-core-columns-is-layout-9d6595d7 wp-block-columns-is-layout-flex\"><\/div>\n\n\n\n<p><\/p>\n<\/div>\n<\/div>\n<\/div>\n<\/div>\n\n\n\n\n\n<div class=\"wp-block-columns is-layout-flex wp-container-core-columns-is-layout-9d6595d7 wp-block-columns-is-layout-flex\">\n<div class=\"wp-block-column is-layout-flow wp-block-column-is-layout-flow\" style=\"flex-basis:100%\">\n<p><\/p>\n\n\n\n<p><\/p>\n\n\n\n<p><\/p>\n\n\n\n<p><\/p>\n\n\n\n<p><\/p>\n<\/div>\n<\/div>\n\n\n\n<div class=\"wp-block-columns is-layout-flex wp-container-core-columns-is-layout-9d6595d7 wp-block-columns-is-layout-flex\">\n<div class=\"wp-block-column is-layout-flow wp-block-column-is-layout-flow\" style=\"flex-basis:100%\">\n<p><\/p>\n<\/div>\n<\/div>\n\n\n\n<div class=\"wp-block-columns is-layout-flex wp-container-core-columns-is-layout-9d6595d7 wp-block-columns-is-layout-flex\">\n<div class=\"wp-block-column is-layout-flow wp-block-column-is-layout-flow\" style=\"flex-basis:100%\">\n<p><\/p>\n<\/div>\n\n\n\n<div class=\"wp-block-column is-layout-flow wp-block-column-is-layout-flow\" style=\"flex-basis:100%\">\n<p><\/p>\n<\/div>\n<\/div>\n\n\n\n<div class=\"wp-block-columns is-layout-flex wp-container-core-columns-is-layout-9d6595d7 wp-block-columns-is-layout-flex\">\n<div class=\"wp-block-column is-layout-flow wp-block-column-is-layout-flow\" style=\"flex-basis:100%\">\n<p><\/p>\n<\/div>\n<\/div>\n\n\n\n<div class=\"wp-block-columns is-layout-flex wp-container-core-columns-is-layout-9d6595d7 wp-block-columns-is-layout-flex\">\n<div class=\"wp-block-column is-layout-flow wp-block-column-is-layout-flow\" style=\"flex-basis:100%\">\n<p><\/p>\n<\/div>\n<\/div>\n\n\n\n<div class=\"wp-block-columns is-layout-flex wp-container-core-columns-is-layout-9d6595d7 wp-block-columns-is-layout-flex\">\n<div class=\"wp-block-column is-layout-flow wp-block-column-is-layout-flow\" style=\"flex-basis:100%\">\n<p><\/p>\n<\/div>\n<\/div>\n\n\n\n<div class=\"wp-block-columns is-layout-flex wp-container-core-columns-is-layout-9d6595d7 wp-block-columns-is-layout-flex\">\n<div class=\"wp-block-column is-layout-flow wp-block-column-is-layout-flow\" style=\"flex-basis:100%\">\n<div class=\"wp-block-columns is-layout-flex wp-container-core-columns-is-layout-9d6595d7 wp-block-columns-is-layout-flex\">\n<div class=\"wp-block-column is-layout-flow wp-block-column-is-layout-flow\" style=\"flex-basis:100%\">\n<p><\/p>\n<\/div>\n<\/div>\n<\/div>\n<\/div>\n\n\n\n<div class=\"wp-block-columns is-layout-flex wp-container-core-columns-is-layout-9d6595d7 wp-block-columns-is-layout-flex\">\n<div class=\"wp-block-column is-layout-flow wp-block-column-is-layout-flow\" style=\"flex-basis:100%\">\n<p><\/p>\n<\/div>\n<\/div>\n\n\n\n<div class=\"wp-block-columns is-layout-flex wp-container-core-columns-is-layout-9d6595d7 wp-block-columns-is-layout-flex\">\n<div class=\"wp-block-column is-layout-flow wp-block-column-is-layout-flow\" style=\"flex-basis:100%\">\n<p><\/p>\n<\/div>\n<\/div>\n\n\n\n<div class=\"wp-block-columns is-layout-flex wp-container-core-columns-is-layout-9d6595d7 wp-block-columns-is-layout-flex\">\n<div class=\"wp-block-column is-layout-flow wp-block-column-is-layout-flow\" style=\"flex-basis:100%\">\n<p><\/p>\n\n\n\n<p><\/p>\n<\/div>\n<\/div>\n\n\n\n<div class=\"wp-block-columns is-layout-flex wp-container-core-columns-is-layout-9d6595d7 wp-block-columns-is-layout-flex\">\n<div class=\"wp-block-column is-layout-flow wp-block-column-is-layout-flow\" style=\"flex-basis:100%\">\n<p><\/p>\n<\/div>\n<\/div>\n\n\n\n<div class=\"wp-block-columns is-layout-flex wp-container-core-columns-is-layout-9d6595d7 wp-block-columns-is-layout-flex\">\n<div class=\"wp-block-column is-layout-flow wp-block-column-is-layout-flow\" style=\"flex-basis:100%\">\n<p><\/p>\n<\/div>\n<\/div>\n\n\n\n<div class=\"wp-block-columns is-layout-flex wp-container-core-columns-is-layout-9d6595d7 wp-block-columns-is-layout-flex\">\n<div class=\"wp-block-column is-layout-flow wp-block-column-is-layout-flow\" style=\"flex-basis:100%\">\n<p><\/p>\n<\/div>\n<\/div>\n\n\n\n<div class=\"wp-block-columns is-layout-flex wp-container-core-columns-is-layout-9d6595d7 wp-block-columns-is-layout-flex\">\n<div class=\"wp-block-column is-layout-flow wp-block-column-is-layout-flow\" style=\"flex-basis:100%\">\n<p><\/p>\n<\/div>\n<\/div>\n\n\n\n<div class=\"wp-block-columns is-layout-flex wp-container-core-columns-is-layout-9d6595d7 wp-block-columns-is-layout-flex\">\n<div class=\"wp-block-column is-layout-flow wp-block-column-is-layout-flow\" style=\"flex-basis:100%\">\n<p><\/p>\n<\/div>\n<\/div>\n\n\n\n<div class=\"wp-block-columns is-layout-flex wp-container-core-columns-is-layout-9d6595d7 wp-block-columns-is-layout-flex\">\n<div class=\"wp-block-column is-layout-flow wp-block-column-is-layout-flow\" style=\"flex-basis:100%\">\n<p><\/p>\n<\/div>\n<\/div>\n\n\n\n<div class=\"wp-block-columns is-layout-flex wp-container-core-columns-is-layout-9d6595d7 wp-block-columns-is-layout-flex\">\n<div class=\"wp-block-column is-layout-flow wp-block-column-is-layout-flow\" style=\"flex-basis:100%\">\n<p><\/p>\n<\/div>\n<\/div>\n\n\n\n<div class=\"wp-block-columns is-layout-flex wp-container-core-columns-is-layout-9d6595d7 wp-block-columns-is-layout-flex\">\n<div class=\"wp-block-column is-layout-flow wp-block-column-is-layout-flow\" style=\"flex-basis:100%\">\n<p><\/p>\n<\/div>\n\n\n\n<div class=\"wp-block-column is-layout-flow wp-block-column-is-layout-flow\" style=\"flex-basis:100%\">\n<p><\/p>\n<\/div>\n<\/div>\n\n\n\n<p><\/p>\n\n\n\n<p><\/p>\n","protected":false},"excerpt":{"rendered":"<p>RAPPORT DE L&rsquo;EQUIPE APPROUVE EN DECEMBRE 2025<\/p>\n","protected":false},"author":13,"featured_media":48195,"comment_status":"open","ping_status":"open","sticky":false,"template":"","format":"standard","meta":{"_acf_changed":false,"footnotes":""},"categories":[1],"tags":[],"class_list":["post-48175","post","type-post","status-publish","format-standard","has-post-thumbnail","hentry","category-coup-doeil-sur-lactualite"],"acf":[],"yoast_head":"<!-- This site is optimized with the Yoast SEO plugin v27.5 - https:\/\/yoast.com\/product\/yoast-seo-wordpress\/ -->\n<title>RAPPORT D&#039;ACTIVITE AO\u00dbT 2024 A AO\u00dbT 2025 - RAPPORT D&#039;ACTIVITE AO\u00dbT 2024 A AO\u00dbT 2025<\/title>\n<meta name=\"description\" content=\"RAPPORT DE L&#039;EQUIPE APPROUVE EN DECEMBRE 2025\" \/>\n<meta name=\"robots\" content=\"index, follow, max-snippet:-1, max-image-preview:large, max-video-preview:-1\" \/>\n<link rel=\"canonical\" href=\"https:\/\/www.streetchildrenofkinshasa.org\/fr\/rapport-dactivite-aout-2024-a-aout-2025\/\" \/>\n<meta property=\"og:locale\" content=\"fr_FR\" \/>\n<meta property=\"og:type\" content=\"article\" \/>\n<meta property=\"og:title\" content=\"RAPPORT D&#039;ACTIVITE AO\u00dbT 2024 A AO\u00dbT 2025 - RAPPORT D&#039;ACTIVITE AO\u00dbT 2024 A AO\u00dbT 2025\" \/>\n<meta property=\"og:description\" content=\"RAPPORT DE L&#039;EQUIPE APPROUVE EN DECEMBRE 2025\" \/>\n<meta property=\"og:url\" content=\"https:\/\/www.streetchildrenofkinshasa.org\/fr\/rapport-dactivite-aout-2024-a-aout-2025\/\" \/>\n<meta property=\"og:site_name\" content=\"Ndako Ya Biso - Enfants de Kinshasa\" \/>\n<meta property=\"article:publisher\" content=\"https:\/\/www.facebook.com\/enfantsdelaruedekinshasa\/\" \/>\n<meta property=\"article:published_time\" content=\"2026-01-20T16:34:34+00:00\" \/>\n<meta property=\"article:modified_time\" content=\"2026-01-20T16:34:35+00:00\" \/>\n<meta property=\"og:image\" content=\"https:\/\/www.streetchildrenofkinshasa.org\/wp-content\/uploads\/2026\/01\/Image1BIS.jpg\" \/>\n\t<meta property=\"og:image:width\" content=\"1429\" \/>\n\t<meta property=\"og:image:height\" content=\"818\" \/>\n\t<meta property=\"og:image:type\" content=\"image\/jpeg\" \/>\n<meta name=\"author\" content=\"Philippe Englebert\" \/>\n<meta name=\"twitter:card\" content=\"summary_large_image\" \/>\n<meta name=\"twitter:label1\" content=\"\u00c9crit par\" \/>\n\t<meta name=\"twitter:data1\" content=\"Philippe Englebert\" \/>\n\t<meta name=\"twitter:label2\" content=\"Dur\u00e9e de lecture est.\" \/>\n\t<meta name=\"twitter:data2\" content=\"2 minutes\" \/>\n<script type=\"application\/ld+json\" class=\"yoast-schema-graph\">{\"@context\":\"https:\\\/\\\/schema.org\",\"@graph\":[{\"@type\":\"Article\",\"@id\":\"https:\\\/\\\/www.streetchildrenofkinshasa.org\\\/fr\\\/rapport-dactivite-aout-2024-a-aout-2025\\\/#article\",\"isPartOf\":{\"@id\":\"https:\\\/\\\/www.streetchildrenofkinshasa.org\\\/fr\\\/rapport-dactivite-aout-2024-a-aout-2025\\\/\"},\"author\":{\"name\":\"Philippe Englebert\",\"@id\":\"https:\\\/\\\/www.streetchildrenofkinshasa.org\\\/fr\\\/#\\\/schema\\\/person\\\/a516a2618dd79acf99b1a9dc1b711320\"},\"headline\":\"RAPPORT D&rsquo;ACTIVITE AO\u00dbT 2024 A AO\u00dbT 2025\",\"datePublished\":\"2026-01-20T16:34:34+00:00\",\"dateModified\":\"2026-01-20T16:34:35+00:00\",\"mainEntityOfPage\":{\"@id\":\"https:\\\/\\\/www.streetchildrenofkinshasa.org\\\/fr\\\/rapport-dactivite-aout-2024-a-aout-2025\\\/\"},\"wordCount\":8,\"commentCount\":0,\"publisher\":{\"@id\":\"https:\\\/\\\/www.streetchildrenofkinshasa.org\\\/fr\\\/#organization\"},\"image\":{\"@id\":\"https:\\\/\\\/www.streetchildrenofkinshasa.org\\\/fr\\\/rapport-dactivite-aout-2024-a-aout-2025\\\/#primaryimage\"},\"thumbnailUrl\":\"https:\\\/\\\/www.streetchildrenofkinshasa.org\\\/wp-content\\\/uploads\\\/2026\\\/01\\\/Image1BIS.jpg\",\"articleSection\":[\"Coup d'\u0153il sur l'actualit\u00e9\"],\"inLanguage\":\"fr-BE\",\"potentialAction\":[{\"@type\":\"CommentAction\",\"name\":\"Comment\",\"target\":[\"https:\\\/\\\/www.streetchildrenofkinshasa.org\\\/fr\\\/rapport-dactivite-aout-2024-a-aout-2025\\\/#respond\"]}]},{\"@type\":\"WebPage\",\"@id\":\"https:\\\/\\\/www.streetchildrenofkinshasa.org\\\/fr\\\/rapport-dactivite-aout-2024-a-aout-2025\\\/\",\"url\":\"https:\\\/\\\/www.streetchildrenofkinshasa.org\\\/fr\\\/rapport-dactivite-aout-2024-a-aout-2025\\\/\",\"name\":\"RAPPORT D'ACTIVITE AO\u00dbT 2024 A AO\u00dbT 2025 - RAPPORT D'ACTIVITE AO\u00dbT 2024 A AO\u00dbT 2025\",\"isPartOf\":{\"@id\":\"https:\\\/\\\/www.streetchildrenofkinshasa.org\\\/fr\\\/#website\"},\"primaryImageOfPage\":{\"@id\":\"https:\\\/\\\/www.streetchildrenofkinshasa.org\\\/fr\\\/rapport-dactivite-aout-2024-a-aout-2025\\\/#primaryimage\"},\"image\":{\"@id\":\"https:\\\/\\\/www.streetchildrenofkinshasa.org\\\/fr\\\/rapport-dactivite-aout-2024-a-aout-2025\\\/#primaryimage\"},\"thumbnailUrl\":\"https:\\\/\\\/www.streetchildrenofkinshasa.org\\\/wp-content\\\/uploads\\\/2026\\\/01\\\/Image1BIS.jpg\",\"datePublished\":\"2026-01-20T16:34:34+00:00\",\"dateModified\":\"2026-01-20T16:34:35+00:00\",\"description\":\"RAPPORT DE L'EQUIPE APPROUVE EN DECEMBRE 2025\",\"breadcrumb\":{\"@id\":\"https:\\\/\\\/www.streetchildrenofkinshasa.org\\\/fr\\\/rapport-dactivite-aout-2024-a-aout-2025\\\/#breadcrumb\"},\"inLanguage\":\"fr-BE\",\"potentialAction\":[{\"@type\":\"ReadAction\",\"target\":[\"https:\\\/\\\/www.streetchildrenofkinshasa.org\\\/fr\\\/rapport-dactivite-aout-2024-a-aout-2025\\\/\"]}]},{\"@type\":\"ImageObject\",\"inLanguage\":\"fr-BE\",\"@id\":\"https:\\\/\\\/www.streetchildrenofkinshasa.org\\\/fr\\\/rapport-dactivite-aout-2024-a-aout-2025\\\/#primaryimage\",\"url\":\"https:\\\/\\\/www.streetchildrenofkinshasa.org\\\/wp-content\\\/uploads\\\/2026\\\/01\\\/Image1BIS.jpg\",\"contentUrl\":\"https:\\\/\\\/www.streetchildrenofkinshasa.org\\\/wp-content\\\/uploads\\\/2026\\\/01\\\/Image1BIS.jpg\",\"width\":1429,\"height\":818,\"caption\":\"TOUTE L'EQUIPE REUNIE EN DEC 2025\"},{\"@type\":\"BreadcrumbList\",\"@id\":\"https:\\\/\\\/www.streetchildrenofkinshasa.org\\\/fr\\\/rapport-dactivite-aout-2024-a-aout-2025\\\/#breadcrumb\",\"itemListElement\":[{\"@type\":\"ListItem\",\"position\":1,\"name\":\"Home\",\"item\":\"https:\\\/\\\/www.streetchildrenofkinshasa.org\\\/fr\\\/\"},{\"@type\":\"ListItem\",\"position\":2,\"name\":\"RAPPORT D&rsquo;ACTIVITE AO\u00dbT 2024 A AO\u00dbT 2025\"}]},{\"@type\":\"WebSite\",\"@id\":\"https:\\\/\\\/www.streetchildrenofkinshasa.org\\\/fr\\\/#website\",\"url\":\"https:\\\/\\\/www.streetchildrenofkinshasa.org\\\/fr\\\/\",\"name\":\"Ndako Ya Biso - Enfants de Kinshasa\",\"description\":\"Donnons aux enfants des rues de Kinshasa un espoir et un avenir.\",\"publisher\":{\"@id\":\"https:\\\/\\\/www.streetchildrenofkinshasa.org\\\/fr\\\/#organization\"},\"potentialAction\":[{\"@type\":\"SearchAction\",\"target\":{\"@type\":\"EntryPoint\",\"urlTemplate\":\"https:\\\/\\\/www.streetchildrenofkinshasa.org\\\/fr\\\/?s={search_term_string}\"},\"query-input\":{\"@type\":\"PropertyValueSpecification\",\"valueRequired\":true,\"valueName\":\"search_term_string\"}}],\"inLanguage\":\"fr-BE\"},{\"@type\":\"Organization\",\"@id\":\"https:\\\/\\\/www.streetchildrenofkinshasa.org\\\/fr\\\/#organization\",\"name\":\"Communaut\u00e9 du Chemin Neuf\",\"url\":\"https:\\\/\\\/www.streetchildrenofkinshasa.org\\\/fr\\\/\",\"logo\":{\"@type\":\"ImageObject\",\"inLanguage\":\"fr-BE\",\"@id\":\"https:\\\/\\\/www.streetchildrenofkinshasa.org\\\/fr\\\/#\\\/schema\\\/logo\\\/image\\\/\",\"url\":\"https:\\\/\\\/www.streetchildrenofkinshasa.org\\\/wp-content\\\/uploads\\\/2022\\\/05\\\/logo-cte-couleur_evide.png\",\"contentUrl\":\"https:\\\/\\\/www.streetchildrenofkinshasa.org\\\/wp-content\\\/uploads\\\/2022\\\/05\\\/logo-cte-couleur_evide.png\",\"width\":1280,\"height\":736,\"caption\":\"Communaut\u00e9 du Chemin Neuf\"},\"image\":{\"@id\":\"https:\\\/\\\/www.streetchildrenofkinshasa.org\\\/fr\\\/#\\\/schema\\\/logo\\\/image\\\/\"},\"sameAs\":[\"https:\\\/\\\/www.facebook.com\\\/enfantsdelaruedekinshasa\\\/\",\"https:\\\/\\\/www.youtube.com\\\/channel\\\/UCIDv6Uc3gdp1RP_HrlK5VHw\"]},{\"@type\":\"Person\",\"@id\":\"https:\\\/\\\/www.streetchildrenofkinshasa.org\\\/fr\\\/#\\\/schema\\\/person\\\/a516a2618dd79acf99b1a9dc1b711320\",\"name\":\"Philippe Englebert\",\"image\":{\"@type\":\"ImageObject\",\"inLanguage\":\"fr-BE\",\"@id\":\"https:\\\/\\\/secure.gravatar.com\\\/avatar\\\/9595e9d9e03824ab1513eb2842d6919786ce3781a0dbeb9e5fdef68c988b09b8?s=96&d=mm&r=g\",\"url\":\"https:\\\/\\\/secure.gravatar.com\\\/avatar\\\/9595e9d9e03824ab1513eb2842d6919786ce3781a0dbeb9e5fdef68c988b09b8?s=96&d=mm&r=g\",\"contentUrl\":\"https:\\\/\\\/secure.gravatar.com\\\/avatar\\\/9595e9d9e03824ab1513eb2842d6919786ce3781a0dbeb9e5fdef68c988b09b8?s=96&d=mm&r=g\",\"caption\":\"Philippe Englebert\"}}]}<\/script>\n<!-- \/ Yoast SEO plugin. -->","yoast_head_json":{"title":"RAPPORT D'ACTIVITE AO\u00dbT 2024 A AO\u00dbT 2025 - RAPPORT D'ACTIVITE AO\u00dbT 2024 A AO\u00dbT 2025","description":"RAPPORT DE L'EQUIPE APPROUVE EN DECEMBRE 2025","robots":{"index":"index","follow":"follow","max-snippet":"max-snippet:-1","max-image-preview":"max-image-preview:large","max-video-preview":"max-video-preview:-1"},"canonical":"https:\/\/www.streetchildrenofkinshasa.org\/fr\/rapport-dactivite-aout-2024-a-aout-2025\/","og_locale":"fr_FR","og_type":"article","og_title":"RAPPORT D'ACTIVITE AO\u00dbT 2024 A AO\u00dbT 2025 - RAPPORT D'ACTIVITE AO\u00dbT 2024 A AO\u00dbT 2025","og_description":"RAPPORT DE L'EQUIPE APPROUVE EN DECEMBRE 2025","og_url":"https:\/\/www.streetchildrenofkinshasa.org\/fr\/rapport-dactivite-aout-2024-a-aout-2025\/","og_site_name":"Ndako Ya Biso - Enfants de Kinshasa","article_publisher":"https:\/\/www.facebook.com\/enfantsdelaruedekinshasa\/","article_published_time":"2026-01-20T16:34:34+00:00","article_modified_time":"2026-01-20T16:34:35+00:00","og_image":[{"width":1429,"height":818,"url":"https:\/\/www.streetchildrenofkinshasa.org\/wp-content\/uploads\/2026\/01\/Image1BIS.jpg","type":"image\/jpeg"}],"author":"Philippe Englebert","twitter_card":"summary_large_image","twitter_misc":{"\u00c9crit par":"Philippe Englebert","Dur\u00e9e de lecture est.":"2 minutes"},"schema":{"@context":"https:\/\/schema.org","@graph":[{"@type":"Article","@id":"https:\/\/www.streetchildrenofkinshasa.org\/fr\/rapport-dactivite-aout-2024-a-aout-2025\/#article","isPartOf":{"@id":"https:\/\/www.streetchildrenofkinshasa.org\/fr\/rapport-dactivite-aout-2024-a-aout-2025\/"},"author":{"name":"Philippe Englebert","@id":"https:\/\/www.streetchildrenofkinshasa.org\/fr\/#\/schema\/person\/a516a2618dd79acf99b1a9dc1b711320"},"headline":"RAPPORT D&rsquo;ACTIVITE AO\u00dbT 2024 A AO\u00dbT 2025","datePublished":"2026-01-20T16:34:34+00:00","dateModified":"2026-01-20T16:34:35+00:00","mainEntityOfPage":{"@id":"https:\/\/www.streetchildrenofkinshasa.org\/fr\/rapport-dactivite-aout-2024-a-aout-2025\/"},"wordCount":8,"commentCount":0,"publisher":{"@id":"https:\/\/www.streetchildrenofkinshasa.org\/fr\/#organization"},"image":{"@id":"https:\/\/www.streetchildrenofkinshasa.org\/fr\/rapport-dactivite-aout-2024-a-aout-2025\/#primaryimage"},"thumbnailUrl":"https:\/\/www.streetchildrenofkinshasa.org\/wp-content\/uploads\/2026\/01\/Image1BIS.jpg","articleSection":["Coup d'\u0153il sur l'actualit\u00e9"],"inLanguage":"fr-BE","potentialAction":[{"@type":"CommentAction","name":"Comment","target":["https:\/\/www.streetchildrenofkinshasa.org\/fr\/rapport-dactivite-aout-2024-a-aout-2025\/#respond"]}]},{"@type":"WebPage","@id":"https:\/\/www.streetchildrenofkinshasa.org\/fr\/rapport-dactivite-aout-2024-a-aout-2025\/","url":"https:\/\/www.streetchildrenofkinshasa.org\/fr\/rapport-dactivite-aout-2024-a-aout-2025\/","name":"RAPPORT D'ACTIVITE AO\u00dbT 2024 A AO\u00dbT 2025 - RAPPORT D'ACTIVITE AO\u00dbT 2024 A AO\u00dbT 2025","isPartOf":{"@id":"https:\/\/www.streetchildrenofkinshasa.org\/fr\/#website"},"primaryImageOfPage":{"@id":"https:\/\/www.streetchildrenofkinshasa.org\/fr\/rapport-dactivite-aout-2024-a-aout-2025\/#primaryimage"},"image":{"@id":"https:\/\/www.streetchildrenofkinshasa.org\/fr\/rapport-dactivite-aout-2024-a-aout-2025\/#primaryimage"},"thumbnailUrl":"https:\/\/www.streetchildrenofkinshasa.org\/wp-content\/uploads\/2026\/01\/Image1BIS.jpg","datePublished":"2026-01-20T16:34:34+00:00","dateModified":"2026-01-20T16:34:35+00:00","description":"RAPPORT DE L'EQUIPE APPROUVE EN DECEMBRE 2025","breadcrumb":{"@id":"https:\/\/www.streetchildrenofkinshasa.org\/fr\/rapport-dactivite-aout-2024-a-aout-2025\/#breadcrumb"},"inLanguage":"fr-BE","potentialAction":[{"@type":"ReadAction","target":["https:\/\/www.streetchildrenofkinshasa.org\/fr\/rapport-dactivite-aout-2024-a-aout-2025\/"]}]},{"@type":"ImageObject","inLanguage":"fr-BE","@id":"https:\/\/www.streetchildrenofkinshasa.org\/fr\/rapport-dactivite-aout-2024-a-aout-2025\/#primaryimage","url":"https:\/\/www.streetchildrenofkinshasa.org\/wp-content\/uploads\/2026\/01\/Image1BIS.jpg","contentUrl":"https:\/\/www.streetchildrenofkinshasa.org\/wp-content\/uploads\/2026\/01\/Image1BIS.jpg","width":1429,"height":818,"caption":"TOUTE L'EQUIPE REUNIE EN DEC 2025"},{"@type":"BreadcrumbList","@id":"https:\/\/www.streetchildrenofkinshasa.org\/fr\/rapport-dactivite-aout-2024-a-aout-2025\/#breadcrumb","itemListElement":[{"@type":"ListItem","position":1,"name":"Home","item":"https:\/\/www.streetchildrenofkinshasa.org\/fr\/"},{"@type":"ListItem","position":2,"name":"RAPPORT D&rsquo;ACTIVITE AO\u00dbT 2024 A AO\u00dbT 2025"}]},{"@type":"WebSite","@id":"https:\/\/www.streetchildrenofkinshasa.org\/fr\/#website","url":"https:\/\/www.streetchildrenofkinshasa.org\/fr\/","name":"Ndako Ya Biso - Enfants de Kinshasa","description":"Donnons aux enfants des rues de Kinshasa un espoir et un avenir.","publisher":{"@id":"https:\/\/www.streetchildrenofkinshasa.org\/fr\/#organization"},"potentialAction":[{"@type":"SearchAction","target":{"@type":"EntryPoint","urlTemplate":"https:\/\/www.streetchildrenofkinshasa.org\/fr\/?s={search_term_string}"},"query-input":{"@type":"PropertyValueSpecification","valueRequired":true,"valueName":"search_term_string"}}],"inLanguage":"fr-BE"},{"@type":"Organization","@id":"https:\/\/www.streetchildrenofkinshasa.org\/fr\/#organization","name":"Communaut\u00e9 du Chemin Neuf","url":"https:\/\/www.streetchildrenofkinshasa.org\/fr\/","logo":{"@type":"ImageObject","inLanguage":"fr-BE","@id":"https:\/\/www.streetchildrenofkinshasa.org\/fr\/#\/schema\/logo\/image\/","url":"https:\/\/www.streetchildrenofkinshasa.org\/wp-content\/uploads\/2022\/05\/logo-cte-couleur_evide.png","contentUrl":"https:\/\/www.streetchildrenofkinshasa.org\/wp-content\/uploads\/2022\/05\/logo-cte-couleur_evide.png","width":1280,"height":736,"caption":"Communaut\u00e9 du Chemin Neuf"},"image":{"@id":"https:\/\/www.streetchildrenofkinshasa.org\/fr\/#\/schema\/logo\/image\/"},"sameAs":["https:\/\/www.facebook.com\/enfantsdelaruedekinshasa\/","https:\/\/www.youtube.com\/channel\/UCIDv6Uc3gdp1RP_HrlK5VHw"]},{"@type":"Person","@id":"https:\/\/www.streetchildrenofkinshasa.org\/fr\/#\/schema\/person\/a516a2618dd79acf99b1a9dc1b711320","name":"Philippe Englebert","image":{"@type":"ImageObject","inLanguage":"fr-BE","@id":"https:\/\/secure.gravatar.com\/avatar\/9595e9d9e03824ab1513eb2842d6919786ce3781a0dbeb9e5fdef68c988b09b8?s=96&d=mm&r=g","url":"https:\/\/secure.gravatar.com\/avatar\/9595e9d9e03824ab1513eb2842d6919786ce3781a0dbeb9e5fdef68c988b09b8?s=96&d=mm&r=g","contentUrl":"https:\/\/secure.gravatar.com\/avatar\/9595e9d9e03824ab1513eb2842d6919786ce3781a0dbeb9e5fdef68c988b09b8?s=96&d=mm&r=g","caption":"Philippe Englebert"}}]}},"_links":{"self":[{"href":"https:\/\/www.streetchildrenofkinshasa.org\/fr\/wp-json\/wp\/v2\/posts\/48175","targetHints":{"allow":["GET"]}}],"collection":[{"href":"https:\/\/www.streetchildrenofkinshasa.org\/fr\/wp-json\/wp\/v2\/posts"}],"about":[{"href":"https:\/\/www.streetchildrenofkinshasa.org\/fr\/wp-json\/wp\/v2\/types\/post"}],"author":[{"embeddable":true,"href":"https:\/\/www.streetchildrenofkinshasa.org\/fr\/wp-json\/wp\/v2\/users\/13"}],"replies":[{"embeddable":true,"href":"https:\/\/www.streetchildrenofkinshasa.org\/fr\/wp-json\/wp\/v2\/comments?post=48175"}],"version-history":[{"count":5,"href":"https:\/\/www.streetchildrenofkinshasa.org\/fr\/wp-json\/wp\/v2\/posts\/48175\/revisions"}],"predecessor-version":[{"id":48203,"href":"https:\/\/www.streetchildrenofkinshasa.org\/fr\/wp-json\/wp\/v2\/posts\/48175\/revisions\/48203"}],"wp:featuredmedia":[{"embeddable":true,"href":"https:\/\/www.streetchildrenofkinshasa.org\/fr\/wp-json\/wp\/v2\/media\/48195"}],"wp:attachment":[{"href":"https:\/\/www.streetchildrenofkinshasa.org\/fr\/wp-json\/wp\/v2\/media?parent=48175"}],"wp:term":[{"taxonomy":"category","embeddable":true,"href":"https:\/\/www.streetchildrenofkinshasa.org\/fr\/wp-json\/wp\/v2\/categories?post=48175"},{"taxonomy":"post_tag","embeddable":true,"href":"https:\/\/www.streetchildrenofkinshasa.org\/fr\/wp-json\/wp\/v2\/tags?post=48175"}],"curies":[{"name":"wp","href":"https:\/\/api.w.org\/{rel}","templated":true}]}}