{"id":45685,"date":"2025-05-22T12:36:28","date_gmt":"2025-05-22T10:36:28","guid":{"rendered":"https:\/\/www.streetchildrenofkinshasa.org\/?p=45685"},"modified":"2025-05-22T12:36:29","modified_gmt":"2025-05-22T10:36:29","slug":"vingt-ans-de-notre-centre-des-enfants-de-la-rue-et-de-notre-centre-de-formation-professionnelle","status":"publish","type":"post","link":"https:\/\/www.streetchildrenofkinshasa.org\/fr\/vingt-ans-de-notre-centre-des-enfants-de-la-rue-et-de-notre-centre-de-formation-professionnelle\/","title":{"rendered":"VINGT ANS DE NOTRE CENTRE DES ENFANTS DE LA RUE ET DE NOTRE CENTRE DE FORMATION PROFESSIONNELLE"},"content":{"rendered":"\n<p><\/p>\n\n\n\n<div class=\"wp-block-columns is-layout-flex wp-container-core-columns-is-layout-9d6595d7 wp-block-columns-is-layout-flex\">\n<div class=\"wp-block-column is-layout-flow wp-block-column-is-layout-flow\" style=\"flex-basis:100%\">\n<pre class=\"wp-block-verse has-large-font-size\">En 2003, arriv\u00e9e de la communaut\u00e9 du Chemin Neuf dans la paroisse sainte Christine au Rond-point Ngaba. L'\u00e9cole est en ruines et des enfants en situation de rue y passent la nuit.  <br>\u00ab Pas question de mettre ces enfants dehors, d\u2019abord un abri pour ces enfants et ensuite, la reconstruction \u00bb, disent le fr\u00e8re Jean Pierre Godding et le p\u00e8re Fran\u00e7ois Michon, alors responsable de la communaut\u00e9 du chemin Neuf \u00e0 Kinshasa.<br><br>Recherche d\u2019une parcelle, plus d\u2019une autre et d\u2019une autre encore, construction et am\u00e9nagements successifs si bien qu\u2019aujourd\u2019hui, nous c\u00e9l\u00e9brons les 20 ans de la mission de Ndako ya Biso et du centre de formation St-Joseph.<br><br><br><\/pre>\n<\/div>\n<\/div>\n\n\n\n<div class=\"wp-block-columns is-layout-flex wp-container-core-columns-is-layout-9d6595d7 wp-block-columns-is-layout-flex\">\n<div class=\"wp-block-column is-layout-flow wp-block-column-is-layout-flow\" style=\"flex-basis:33.33%\">\n<div class=\"wp-block-columns is-style-restricted-width is-layout-flex wp-container-core-columns-is-layout-9d6595d7 wp-block-columns-is-layout-flex\">\n<div class=\"wp-block-column is-layout-flow wp-block-column-is-layout-flow\" style=\"flex-basis:100%\">\n<div class=\"wp-block-columns is-layout-flex wp-container-core-columns-is-layout-9d6595d7 wp-block-columns-is-layout-flex\">\n<div class=\"wp-block-column is-layout-flow wp-block-column-is-layout-flow\" style=\"flex-basis:100%\"><\/div>\n<\/div>\n<\/div>\n<\/div>\n\n\n\n<figure class=\"wp-block-image size-full is-style-cover\"><img loading=\"lazy\" decoding=\"async\" width=\"2560\" height=\"1707\" src=\"https:\/\/www.streetchildrenofkinshasa.org\/wp-content\/uploads\/2025\/05\/Le-nonce-apostolique-Mitja-Leskovar-scaled.jpg\" alt=\"\" class=\"wp-image-45631\" srcset=\"https:\/\/www.streetchildrenofkinshasa.org\/wp-content\/uploads\/2025\/05\/Le-nonce-apostolique-Mitja-Leskovar-scaled.jpg 2560w, https:\/\/www.streetchildrenofkinshasa.org\/wp-content\/uploads\/2025\/05\/Le-nonce-apostolique-Mitja-Leskovar-300x200.jpg 300w, https:\/\/www.streetchildrenofkinshasa.org\/wp-content\/uploads\/2025\/05\/Le-nonce-apostolique-Mitja-Leskovar-1024x683.jpg 1024w, https:\/\/www.streetchildrenofkinshasa.org\/wp-content\/uploads\/2025\/05\/Le-nonce-apostolique-Mitja-Leskovar-768x512.jpg 768w, https:\/\/www.streetchildrenofkinshasa.org\/wp-content\/uploads\/2025\/05\/Le-nonce-apostolique-Mitja-Leskovar-1536x1024.jpg 1536w, https:\/\/www.streetchildrenofkinshasa.org\/wp-content\/uploads\/2025\/05\/Le-nonce-apostolique-Mitja-Leskovar-2048x1365.jpg 2048w\" sizes=\"auto, (max-width: 2560px) 100vw, 2560px\" \/><\/figure>\n<\/div>\n\n\n\n<div class=\"wp-block-column is-layout-flow wp-block-column-is-layout-flow\" style=\"flex-basis:66.66%\">\n<p>1. LA C\u00c9L\u00c9BRATION EUCHARISTIQUE.<\/p>\n\n\n\n<p>Le 7 mars 2025, c\u00e9l\u00e9bration eucharistique pr\u00e9sid\u00e9e par le Nonce apostolique en RDC, son Eminence Mgr MITGA LESKOVAR, assist\u00e9 par six pr\u00eatres de la communaut\u00e9 du chemin Neuf.<\/p>\n\n\n\n<p>Le P\u00e8re Thomas a adress\u00e9 un mot d\u2019accueil puis le Nonce s\u2019est exprim\u00e9&nbsp;: \u00ab&nbsp;Je vais prier pour vous, pour les 20 ans du travail \u00e0 c\u00f4t\u00e9 des enfants qui souffrent dans les rues de Kinshasa et nous allons aussi prier pour tous les partenaires qui soutiennent votre travail de Ndako ya Biso.&nbsp;\u00bb<\/p>\n\n\n\n<p><\/p>\n<\/div>\n<\/div>\n\n\n\n\n\n<div class=\"wp-block-columns are-vertically-aligned-center is-style-default is-layout-flex wp-container-core-columns-is-layout-9d6595d7 wp-block-columns-is-layout-flex\">\n<div class=\"wp-block-column is-layout-flow wp-block-column-is-layout-flow\" style=\"flex-basis:33.33%\">\n<figure class=\"wp-block-image size-full\"><img loading=\"lazy\" decoding=\"async\" width=\"2560\" height=\"1707\" src=\"https:\/\/www.streetchildrenofkinshasa.org\/wp-content\/uploads\/2025\/05\/Messe-en-plein-air-au-CFP-scaled.jpg\" alt=\"\" class=\"wp-image-45634\" srcset=\"https:\/\/www.streetchildrenofkinshasa.org\/wp-content\/uploads\/2025\/05\/Messe-en-plein-air-au-CFP-scaled.jpg 2560w, https:\/\/www.streetchildrenofkinshasa.org\/wp-content\/uploads\/2025\/05\/Messe-en-plein-air-au-CFP-300x200.jpg 300w, https:\/\/www.streetchildrenofkinshasa.org\/wp-content\/uploads\/2025\/05\/Messe-en-plein-air-au-CFP-1024x683.jpg 1024w, https:\/\/www.streetchildrenofkinshasa.org\/wp-content\/uploads\/2025\/05\/Messe-en-plein-air-au-CFP-768x512.jpg 768w, https:\/\/www.streetchildrenofkinshasa.org\/wp-content\/uploads\/2025\/05\/Messe-en-plein-air-au-CFP-1536x1024.jpg 1536w, https:\/\/www.streetchildrenofkinshasa.org\/wp-content\/uploads\/2025\/05\/Messe-en-plein-air-au-CFP-2048x1365.jpg 2048w\" sizes=\"auto, (max-width: 2560px) 100vw, 2560px\" \/><\/figure>\n\n\n<\/div>\n\n\n\n<div class=\"wp-block-column is-layout-flow wp-block-column-is-layout-flow\" style=\"flex-basis:66.66%\">\n<p>L&rsquo;HOM\u00c9LIE DU PERE FRAN\u00c7OIS MICHON.<\/p>\n\n\n\n<p>Apr\u00e8s la lecture de l&rsquo;\u00e9vangile du bon Samaritain que nous avions choisi pour cette messe,<\/p>\n\n\n\n<p>Le p\u00e8re Fran\u00e7ois Michon responsable international de la communaut\u00e9 du Chemin Neuf et ancien responsable de la communaut\u00e9 du chemin Neuf \u00e0 Kinshasa a pris la parole pour son hom\u00e9lie.<\/p>\n\n\n\n<p>Extrait&nbsp;: \u00ab&nbsp;Un jeune \u00e9tudiant de l&rsquo;\u00e9poque aujourd&rsquo;hui est devenu Docteur en sociologie, Arnold Mushiete a dit \u00e0 Jean Pierre Godding&nbsp;:&nbsp;\u00ab&nbsp;Je suis pr\u00eat \u00e0 commencer avec vous cette aventure.&nbsp;\u00bb<\/p>\n\n\n\n<p>La premi\u00e8re de chose c&rsquo;\u00e9tait la foi dans la confiance en Dieu qui a tout fait avec nous.<\/p>\n\n\n\n<p>Pour vous les enfants, il faut de la confiance, de l&rsquo;esp\u00e9rance et finir par la r\u00e9conciliation.<\/p>\n\n\n\n<p>J&rsquo;ai un souvenir d&rsquo;une famille de 3 enfants que nous avons r\u00e9unifi\u00e9s avec Arnold, mais \u00e0 la fin j&rsquo;\u00e9tais fatigu\u00e9 et je pensais au plus de 25 000 enfants qui \u00e9taient dans les rues de Kinshasa \u00e0 l&rsquo;\u00e9poque.<\/p>\n\n\n\n<p>Arnold m&rsquo;a dit&nbsp;: \u00ab&nbsp;Le Seigneur ne te demande pas de t&rsquo;occuper de tous les enfants qui sont dans les rues de Kinshasa, mais de ceux que tu as amen\u00e9 en famille. Occupe-toi bien de ceux- l\u00e0.&nbsp;Nous devons nous soutenir dans nos rencontres par la mis\u00e9ricorde, quand l&rsquo;un est fatigu\u00e9, l&rsquo;autre peut prendre le relais&nbsp;\u00bb&nbsp;\u00bb.<\/p>\n\n\n\n<p>Le nonce a b\u00e9ni quelques objets symboliques des jeunes qui sont en formation professionnelle dans les diff\u00e9rentes fili\u00e8res \u00e0 savoir : Ma\u00e7onnerie, \u00c9lectricit\u00e9, M\u00e9canique, Ajustage et soudure, plomberie et froid&#8230;il a aussi b\u00e9ni les 4 arbres \u00e0 planter dans nos 4 centres \u00e0 savoir : Ndako ya Biso gar\u00e7ons, Ndako ya Biso filles, Ndako ya Biso grands jeunes et le centre de formation professionnelle saint joseph.<\/p>\n<\/div>\n<\/div>\n\n\n\n<div class=\"wp-block-columns is-layout-flex wp-container-core-columns-is-layout-9d6595d7 wp-block-columns-is-layout-flex\">\n<div class=\"wp-block-column is-layout-flow wp-block-column-is-layout-flow\" style=\"flex-basis:100%\">\n<div class=\"wp-block-columns are-vertically-aligned-center is-style-default is-layout-flex wp-container-core-columns-is-layout-9d6595d7 wp-block-columns-is-layout-flex\">\n<div class=\"wp-block-column is-vertically-aligned-center is-layout-flow wp-block-column-is-layout-flow\">\n<figure class=\"wp-block-image size-large\"><img loading=\"lazy\" decoding=\"async\" width=\"683\" height=\"1024\" src=\"https:\/\/www.streetchildrenofkinshasa.org\/wp-content\/uploads\/2025\/05\/Plantation-de-larbre-du-CFP-683x1024.jpg\" alt=\"\" class=\"wp-image-45638\" srcset=\"https:\/\/www.streetchildrenofkinshasa.org\/wp-content\/uploads\/2025\/05\/Plantation-de-larbre-du-CFP-683x1024.jpg 683w, https:\/\/www.streetchildrenofkinshasa.org\/wp-content\/uploads\/2025\/05\/Plantation-de-larbre-du-CFP-200x300.jpg 200w, https:\/\/www.streetchildrenofkinshasa.org\/wp-content\/uploads\/2025\/05\/Plantation-de-larbre-du-CFP-768x1152.jpg 768w, https:\/\/www.streetchildrenofkinshasa.org\/wp-content\/uploads\/2025\/05\/Plantation-de-larbre-du-CFP-1024x1536.jpg 1024w, https:\/\/www.streetchildrenofkinshasa.org\/wp-content\/uploads\/2025\/05\/Plantation-de-larbre-du-CFP-1365x2048.jpg 1365w, https:\/\/www.streetchildrenofkinshasa.org\/wp-content\/uploads\/2025\/05\/Plantation-de-larbre-du-CFP-scaled.jpg 1707w\" sizes=\"auto, (max-width: 683px) 100vw, 683px\" \/><\/figure>\n\n\n\n<div class=\"wp-block-columns is-layout-flex wp-container-core-columns-is-layout-9d6595d7 wp-block-columns-is-layout-flex\">\n<div class=\"wp-block-column is-layout-flow wp-block-column-is-layout-flow\"><\/div>\n<\/div>\n\n\n\n<p>2. LA F\u00caTE AU CENTRE NDAKO YA BISO.<\/p>\n\n\n\n<p>Samedi 08\/03\/2025 Nous avons commenc\u00e9 la journ\u00e9e avec une tr\u00e8s forte pluie qui s&rsquo;est abattue sur la ville de Kinshasa ce matin vers 8h50 min. Cette pluie a bouscul\u00e9 notre programme.<\/p>\n\n\n\n<p>Malgr\u00e9 la pluie, les visiteurs ont pu arriver.<\/p>\n\n\n\n<p>Hymne national suivi par la pri\u00e8re de circonstance, en pr\u00e9sence des diff\u00e9rentes d\u00e9l\u00e9gations&nbsp;:<\/p>\n\n\n\n<p>&#8211; l&rsquo;ambassadrice de la Belgique et sa d\u00e9l\u00e9gation.<\/p>\n\n\n\n<p>&#8211; la d\u00e9l\u00e9gation de Louvain Coop\u00e9ration&nbsp;<\/p>\n\n\n\n<p>&#8211; la d\u00e9l\u00e9gation du REEJER.<\/p>\n\n\n\n<p>&#8211; le d\u00e9l\u00e9gu\u00e9 de Misereor<\/p>\n\n\n\n<p>&#8211;&nbsp;la d\u00e9l\u00e9gation de la communaut\u00e9 du chemin Neuf.<\/p>\n\n\n\n<p>Jean Pierre Godding a pr\u00e9sent\u00e9 la gen\u00e8se du centre Ndako ya Biso et papa Anicet Mpiana le directeur du Centre CFP a r\u00e9sum\u00e9 l&rsquo;histoire de la formation professionnelle. Depuis sa cr\u00e9ation, le CFP a livr\u00e9 530 Brevets de formation professionnelle.<\/p>\n\n\n\n<p>T\u00e9moignage de N. M. :&nbsp;Elle a fini sa formation professionnelle en coupe couture au CFP. Aujourd&rsquo;hui avec la machine que Ndako ya Biso avait achet\u00e9 pour elle comme kit de fin de formation professionnelle pour son insertion, elle prend sa famille en charge. Il y a quelques ann\u00e9es elle \u00e9tait d\u00e9consid\u00e9r\u00e9e dans sa famille (&nbsp;!).<\/p>\n\n\n\n<p>Les six membres du personnel de LBM qui ont totalis\u00e9 20 ans de service ont \u00e9t\u00e9 mis \u00e0 l\u2019honneur. De m\u00eame pour ceux qui ont 10 ans d\u2019anciennet\u00e9 au moins.<\/p>\n\n\n\n<p>Les enfants ont remis \u00e0 Jean Pierre un polo d\u00e9cor\u00e9 par les enfants avec la mention des 20 ans.<\/p>\n\n\n\n<p>Danse des enfants, puis t\u00e9moignage de T. L., ancienne fille de la rue accueillie par NYB et aujourd&rsquo;hui apr\u00e8s ses \u00e9tudes, devenue \u00e9ducatrice NYB.<\/p>\n\n\n\n<p>Petit mot de l&rsquo;ambassadrice de la Belgique :&nbsp;\u00ab&nbsp;\u00c0 l&rsquo;occasion de ces 20 ans de Ndako ya Biso nous disons merci \u00e0 tous les \u00e9ducateurs particuli\u00e8rement aux \u00e9ducatrices puisque nous sommes le 8 Mars la journ\u00e9e internationale des droits de la femme, s&rsquo;il vous pla\u00eet applaudissez pour les femmes qui sont ici&nbsp;\u00bb.<\/p>\n\n\n\n<p>Ensuite, d\u00e9fil\u00e9 de mode des filles du CFP et remise de six kits de fin de formation professionnelle.&nbsp;Un jeune apr\u00e8s avoir re\u00e7u son kit de soudure, a t\u00e9moign\u00e9&nbsp;:&nbsp;\u00ab&nbsp;J\u2019\u00e9tais dans la violence avec mes amis de la rue&nbsp;; nous avons commenc\u00e9 la formation au nombre de 14 et aujourd&rsquo;hui, nous avons termin\u00e9 \u00e0 deux, la formation, c\u2019est tout un combat&nbsp;! Je suis fier d\u2019\u00eatre arriv\u00e9 au bout et de commencer mon entreprise&nbsp;\u00bb.<\/p>\n\n\n\n<p>Le p\u00e8re Fran\u00e7ois Michon a remerci\u00e9 toutes les personnes pr\u00e9sentes, particuli\u00e8rement les \u00e9ducatrices et \u00e9ducateurs.&nbsp;<\/p>\n\n\n\n<p>La fin, c\u2019est comme dans Ast\u00e9rix&nbsp;! Grand repas arros\u00e9 de bi\u00e8res et de boissons sucr\u00e9es avec une bonne musique tr\u00e8s rythm\u00e9e qui a fait danser tous les jeunes. Une belle ambiance qui a fini sans incident.<\/p>\n\n\n\n<p>Avec la collaboration de Jean Didier Kpanya Mokelebe \u00e9ducateur sp\u00e9cialis\u00e9 de Ndako ya Biso&nbsp;, rapporteur de la journ\u00e9e.<\/p>\n\n\n\n<div class=\"wp-block-columns is-layout-flex wp-container-core-columns-is-layout-9d6595d7 wp-block-columns-is-layout-flex\">\n<div class=\"wp-block-column is-layout-flow wp-block-column-is-layout-flow\">\n<figure class=\"wp-block-image size-large\"><img loading=\"lazy\" decoding=\"async\" width=\"1024\" height=\"683\" src=\"https:\/\/www.streetchildrenofkinshasa.org\/wp-content\/uploads\/2025\/05\/Cadeaux-de-la-part-des-apprenantes-en-coupe-et-couture-1024x683.jpg\" alt=\"\" class=\"wp-image-45647\" srcset=\"https:\/\/www.streetchildrenofkinshasa.org\/wp-content\/uploads\/2025\/05\/Cadeaux-de-la-part-des-apprenantes-en-coupe-et-couture-1024x683.jpg 1024w, https:\/\/www.streetchildrenofkinshasa.org\/wp-content\/uploads\/2025\/05\/Cadeaux-de-la-part-des-apprenantes-en-coupe-et-couture-300x200.jpg 300w, https:\/\/www.streetchildrenofkinshasa.org\/wp-content\/uploads\/2025\/05\/Cadeaux-de-la-part-des-apprenantes-en-coupe-et-couture-768x512.jpg 768w, https:\/\/www.streetchildrenofkinshasa.org\/wp-content\/uploads\/2025\/05\/Cadeaux-de-la-part-des-apprenantes-en-coupe-et-couture-1536x1024.jpg 1536w, https:\/\/www.streetchildrenofkinshasa.org\/wp-content\/uploads\/2025\/05\/Cadeaux-de-la-part-des-apprenantes-en-coupe-et-couture-2048x1365.jpg 2048w\" sizes=\"auto, (max-width: 1024px) 100vw, 1024px\" \/><\/figure>\n<\/div>\n<\/div>\n\n\n\n<div class=\"wp-block-columns is-layout-flex wp-container-core-columns-is-layout-9d6595d7 wp-block-columns-is-layout-flex\">\n<div class=\"wp-block-column is-layout-flow wp-block-column-is-layout-flow\" style=\"flex-basis:66.66%\">\n<figure class=\"wp-block-image size-large\"><img loading=\"lazy\" decoding=\"async\" width=\"1024\" height=\"683\" src=\"https:\/\/www.streetchildrenofkinshasa.org\/wp-content\/uploads\/2025\/05\/Les-travailleurs-qui-militent-pour-les-enfants-1024x683.jpg\" alt=\"\" class=\"wp-image-45644\" srcset=\"https:\/\/www.streetchildrenofkinshasa.org\/wp-content\/uploads\/2025\/05\/Les-travailleurs-qui-militent-pour-les-enfants-1024x683.jpg 1024w, https:\/\/www.streetchildrenofkinshasa.org\/wp-content\/uploads\/2025\/05\/Les-travailleurs-qui-militent-pour-les-enfants-300x200.jpg 300w, https:\/\/www.streetchildrenofkinshasa.org\/wp-content\/uploads\/2025\/05\/Les-travailleurs-qui-militent-pour-les-enfants-768x512.jpg 768w, https:\/\/www.streetchildrenofkinshasa.org\/wp-content\/uploads\/2025\/05\/Les-travailleurs-qui-militent-pour-les-enfants-1536x1024.jpg 1536w, https:\/\/www.streetchildrenofkinshasa.org\/wp-content\/uploads\/2025\/05\/Les-travailleurs-qui-militent-pour-les-enfants-2048x1365.jpg 2048w\" sizes=\"auto, (max-width: 1024px) 100vw, 1024px\" \/><\/figure>\n<\/div>\n<\/div>\n\n\n\n<div class=\"wp-block-columns is-layout-flex wp-container-core-columns-is-layout-9d6595d7 wp-block-columns-is-layout-flex\">\n<div class=\"wp-block-column is-layout-flow wp-block-column-is-layout-flow\">\n<div class=\"wp-block-columns is-layout-flex wp-container-core-columns-is-layout-9d6595d7 wp-block-columns-is-layout-flex\">\n<div class=\"wp-block-column is-layout-flow wp-block-column-is-layout-flow\">\n<figure class=\"wp-block-image size-large\"><img loading=\"lazy\" decoding=\"async\" width=\"1024\" height=\"683\" src=\"https:\/\/www.streetchildrenofkinshasa.org\/wp-content\/uploads\/2025\/05\/Joie-des-grands-jeunes-de-la-rue-1024x683.jpg\" alt=\"\" class=\"wp-image-45641\" srcset=\"https:\/\/www.streetchildrenofkinshasa.org\/wp-content\/uploads\/2025\/05\/Joie-des-grands-jeunes-de-la-rue-1024x683.jpg 1024w, https:\/\/www.streetchildrenofkinshasa.org\/wp-content\/uploads\/2025\/05\/Joie-des-grands-jeunes-de-la-rue-300x200.jpg 300w, https:\/\/www.streetchildrenofkinshasa.org\/wp-content\/uploads\/2025\/05\/Joie-des-grands-jeunes-de-la-rue-768x512.jpg 768w, https:\/\/www.streetchildrenofkinshasa.org\/wp-content\/uploads\/2025\/05\/Joie-des-grands-jeunes-de-la-rue-1536x1024.jpg 1536w, https:\/\/www.streetchildrenofkinshasa.org\/wp-content\/uploads\/2025\/05\/Joie-des-grands-jeunes-de-la-rue-2048x1365.jpg 2048w\" sizes=\"auto, (max-width: 1024px) 100vw, 1024px\" \/><\/figure>\n<\/div>\n<\/div>\n\n\n\n<p><\/p>\n<\/div>\n<\/div>\n\n\n\n<p><\/p>\n<\/div>\n<\/div>\n<\/div>\n<\/div>\n\n\n\n<p><\/p>\n\n\n\n<div class=\"wp-block-columns is-layout-flex wp-container-core-columns-is-layout-9d6595d7 wp-block-columns-is-layout-flex\">\n<div class=\"wp-block-column is-layout-flow wp-block-column-is-layout-flow\" style=\"flex-basis:100%\">\n<p><\/p>\n\n\n\n<p><\/p>\n\n\n\n<p><\/p>\n\n\n\n<p><\/p>\n\n\n\n<p><\/p>\n<\/div>\n<\/div>\n\n\n\n<div class=\"wp-block-columns is-layout-flex wp-container-core-columns-is-layout-9d6595d7 wp-block-columns-is-layout-flex\">\n<div class=\"wp-block-column is-layout-flow wp-block-column-is-layout-flow\" style=\"flex-basis:100%\">\n<p><\/p>\n<\/div>\n<\/div>\n\n\n\n<div class=\"wp-block-columns is-layout-flex wp-container-core-columns-is-layout-9d6595d7 wp-block-columns-is-layout-flex\">\n<div class=\"wp-block-column is-layout-flow wp-block-column-is-layout-flow\" style=\"flex-basis:100%\">\n<p><\/p>\n<\/div>\n\n\n\n<div class=\"wp-block-column is-layout-flow wp-block-column-is-layout-flow\" style=\"flex-basis:100%\">\n<p><\/p>\n<\/div>\n<\/div>\n\n\n\n<div class=\"wp-block-columns is-layout-flex wp-container-core-columns-is-layout-9d6595d7 wp-block-columns-is-layout-flex\">\n<div class=\"wp-block-column is-layout-flow wp-block-column-is-layout-flow\" style=\"flex-basis:100%\">\n<p><\/p>\n<\/div>\n<\/div>\n\n\n\n<div class=\"wp-block-columns is-layout-flex wp-container-core-columns-is-layout-9d6595d7 wp-block-columns-is-layout-flex\">\n<div class=\"wp-block-column is-layout-flow wp-block-column-is-layout-flow\" style=\"flex-basis:100%\">\n<p><\/p>\n<\/div>\n<\/div>\n\n\n\n<div class=\"wp-block-columns is-layout-flex wp-container-core-columns-is-layout-9d6595d7 wp-block-columns-is-layout-flex\">\n<div class=\"wp-block-column is-layout-flow wp-block-column-is-layout-flow\" style=\"flex-basis:100%\">\n<p><\/p>\n<\/div>\n<\/div>\n\n\n\n<div class=\"wp-block-columns is-layout-flex wp-container-core-columns-is-layout-9d6595d7 wp-block-columns-is-layout-flex\">\n<div class=\"wp-block-column is-layout-flow wp-block-column-is-layout-flow\" style=\"flex-basis:100%\">\n<div class=\"wp-block-columns is-layout-flex wp-container-core-columns-is-layout-9d6595d7 wp-block-columns-is-layout-flex\">\n<div class=\"wp-block-column is-layout-flow wp-block-column-is-layout-flow\" style=\"flex-basis:100%\">\n<p><\/p>\n<\/div>\n<\/div>\n<\/div>\n<\/div>\n\n\n\n<div class=\"wp-block-columns is-layout-flex wp-container-core-columns-is-layout-9d6595d7 wp-block-columns-is-layout-flex\">\n<div class=\"wp-block-column is-layout-flow wp-block-column-is-layout-flow\" style=\"flex-basis:100%\">\n<p><\/p>\n<\/div>\n<\/div>\n\n\n\n<div class=\"wp-block-columns is-layout-flex wp-container-core-columns-is-layout-9d6595d7 wp-block-columns-is-layout-flex\">\n<div class=\"wp-block-column is-layout-flow wp-block-column-is-layout-flow\" style=\"flex-basis:100%\">\n<p><\/p>\n<\/div>\n<\/div>\n\n\n\n<div class=\"wp-block-columns is-layout-flex wp-container-core-columns-is-layout-9d6595d7 wp-block-columns-is-layout-flex\">\n<div class=\"wp-block-column is-layout-flow wp-block-column-is-layout-flow\" style=\"flex-basis:100%\">\n<p><\/p>\n\n\n\n<p><\/p>\n<\/div>\n<\/div>\n\n\n\n<div class=\"wp-block-columns is-layout-flex wp-container-core-columns-is-layout-9d6595d7 wp-block-columns-is-layout-flex\">\n<div class=\"wp-block-column is-layout-flow wp-block-column-is-layout-flow\" style=\"flex-basis:100%\">\n<p><\/p>\n<\/div>\n<\/div>\n\n\n\n<div class=\"wp-block-columns is-layout-flex wp-container-core-columns-is-layout-9d6595d7 wp-block-columns-is-layout-flex\">\n<div class=\"wp-block-column is-layout-flow wp-block-column-is-layout-flow\" style=\"flex-basis:100%\">\n<p><\/p>\n<\/div>\n<\/div>\n\n\n\n<div class=\"wp-block-columns is-layout-flex wp-container-core-columns-is-layout-9d6595d7 wp-block-columns-is-layout-flex\">\n<div class=\"wp-block-column is-layout-flow wp-block-column-is-layout-flow\" style=\"flex-basis:100%\">\n<p><\/p>\n<\/div>\n<\/div>\n\n\n\n<div class=\"wp-block-columns is-layout-flex wp-container-core-columns-is-layout-9d6595d7 wp-block-columns-is-layout-flex\">\n<div class=\"wp-block-column is-layout-flow wp-block-column-is-layout-flow\" style=\"flex-basis:100%\">\n<p><\/p>\n<\/div>\n<\/div>\n\n\n\n<div class=\"wp-block-columns is-layout-flex wp-container-core-columns-is-layout-9d6595d7 wp-block-columns-is-layout-flex\">\n<div class=\"wp-block-column is-layout-flow wp-block-column-is-layout-flow\" style=\"flex-basis:100%\">\n<p><\/p>\n<\/div>\n<\/div>\n\n\n\n<div class=\"wp-block-columns is-layout-flex wp-container-core-columns-is-layout-9d6595d7 wp-block-columns-is-layout-flex\">\n<div class=\"wp-block-column is-layout-flow wp-block-column-is-layout-flow\" style=\"flex-basis:100%\">\n<p><\/p>\n<\/div>\n<\/div>\n\n\n\n<div class=\"wp-block-columns is-layout-flex wp-container-core-columns-is-layout-9d6595d7 wp-block-columns-is-layout-flex\">\n<div class=\"wp-block-column is-layout-flow wp-block-column-is-layout-flow\" style=\"flex-basis:100%\">\n<p><\/p>\n<\/div>\n<\/div>\n\n\n\n<div class=\"wp-block-columns is-layout-flex wp-container-core-columns-is-layout-9d6595d7 wp-block-columns-is-layout-flex\">\n<div class=\"wp-block-column is-layout-flow wp-block-column-is-layout-flow\" style=\"flex-basis:100%\">\n<p><\/p>\n<\/div>\n\n\n\n<div class=\"wp-block-column is-layout-flow wp-block-column-is-layout-flow\" style=\"flex-basis:100%\">\n<p><\/p>\n<\/div>\n<\/div>\n\n\n\n<p><\/p>\n\n\n\n<p><\/p>\n","protected":false},"excerpt":{"rendered":"<p>On n&rsquo;a pas tous les jours 20 ans &#8230;.<\/p>\n","protected":false},"author":13,"featured_media":45641,"comment_status":"open","ping_status":"open","sticky":false,"template":"","format":"standard","meta":{"_acf_changed":false,"footnotes":""},"categories":[1],"tags":[],"class_list":["post-45685","post","type-post","status-publish","format-standard","has-post-thumbnail","hentry","category-coup-doeil-sur-lactualite"],"acf":[],"yoast_head":"<!-- This site is optimized with the Yoast SEO plugin v27.5 - https:\/\/yoast.com\/product\/yoast-seo-wordpress\/ -->\n<title>VINGT ANS DE NOTRE CENTRE DES ENFANTS DE LA RUE ET DE NOTRE CENTRE DE FORMATION PROFESSIONNELLE -<\/title>\n<meta name=\"description\" content=\"On n&#039;a pas tous les jours 20 ans ....\" \/>\n<meta name=\"robots\" content=\"index, follow, max-snippet:-1, max-image-preview:large, max-video-preview:-1\" \/>\n<link rel=\"canonical\" href=\"https:\/\/www.streetchildrenofkinshasa.org\/fr\/vingt-ans-de-notre-centre-des-enfants-de-la-rue-et-de-notre-centre-de-formation-professionnelle\/\" \/>\n<meta property=\"og:locale\" content=\"fr_FR\" \/>\n<meta property=\"og:type\" content=\"article\" \/>\n<meta property=\"og:title\" content=\"VINGT ANS DE NOTRE CENTRE DES ENFANTS DE LA RUE ET DE NOTRE CENTRE DE FORMATION PROFESSIONNELLE -\" \/>\n<meta property=\"og:description\" content=\"On n&#039;a pas tous les jours 20 ans ....\" \/>\n<meta property=\"og:url\" content=\"https:\/\/www.streetchildrenofkinshasa.org\/fr\/vingt-ans-de-notre-centre-des-enfants-de-la-rue-et-de-notre-centre-de-formation-professionnelle\/\" \/>\n<meta property=\"og:site_name\" content=\"Ndako Ya Biso - Enfants de Kinshasa\" \/>\n<meta property=\"article:publisher\" content=\"https:\/\/www.facebook.com\/enfantsdelaruedekinshasa\/\" \/>\n<meta property=\"article:published_time\" content=\"2025-05-22T10:36:28+00:00\" \/>\n<meta property=\"article:modified_time\" content=\"2025-05-22T10:36:29+00:00\" \/>\n<meta property=\"og:image\" content=\"https:\/\/www.streetchildrenofkinshasa.org\/wp-content\/uploads\/2025\/05\/Joie-des-grands-jeunes-de-la-rue-scaled.jpg\" \/>\n\t<meta property=\"og:image:width\" content=\"2560\" \/>\n\t<meta property=\"og:image:height\" content=\"1707\" \/>\n\t<meta property=\"og:image:type\" content=\"image\/jpeg\" \/>\n<meta name=\"author\" content=\"Philippe Englebert\" \/>\n<meta name=\"twitter:card\" content=\"summary_large_image\" \/>\n<meta name=\"twitter:label1\" content=\"\u00c9crit par\" \/>\n\t<meta name=\"twitter:data1\" content=\"Philippe Englebert\" \/>\n\t<meta name=\"twitter:label2\" content=\"Dur\u00e9e de lecture est.\" \/>\n\t<meta name=\"twitter:data2\" content=\"6 minutes\" \/>\n<script type=\"application\/ld+json\" class=\"yoast-schema-graph\">{\"@context\":\"https:\\\/\\\/schema.org\",\"@graph\":[{\"@type\":\"Article\",\"@id\":\"https:\\\/\\\/www.streetchildrenofkinshasa.org\\\/fr\\\/vingt-ans-de-notre-centre-des-enfants-de-la-rue-et-de-notre-centre-de-formation-professionnelle\\\/#article\",\"isPartOf\":{\"@id\":\"https:\\\/\\\/www.streetchildrenofkinshasa.org\\\/fr\\\/vingt-ans-de-notre-centre-des-enfants-de-la-rue-et-de-notre-centre-de-formation-professionnelle\\\/\"},\"author\":{\"name\":\"Philippe Englebert\",\"@id\":\"https:\\\/\\\/www.streetchildrenofkinshasa.org\\\/fr\\\/#\\\/schema\\\/person\\\/a516a2618dd79acf99b1a9dc1b711320\"},\"headline\":\"VINGT ANS DE NOTRE CENTRE DES ENFANTS DE LA RUE ET DE NOTRE CENTRE DE FORMATION PROFESSIONNELLE\",\"datePublished\":\"2025-05-22T10:36:28+00:00\",\"dateModified\":\"2025-05-22T10:36:29+00:00\",\"mainEntityOfPage\":{\"@id\":\"https:\\\/\\\/www.streetchildrenofkinshasa.org\\\/fr\\\/vingt-ans-de-notre-centre-des-enfants-de-la-rue-et-de-notre-centre-de-formation-professionnelle\\\/\"},\"wordCount\":935,\"commentCount\":0,\"publisher\":{\"@id\":\"https:\\\/\\\/www.streetchildrenofkinshasa.org\\\/fr\\\/#organization\"},\"image\":{\"@id\":\"https:\\\/\\\/www.streetchildrenofkinshasa.org\\\/fr\\\/vingt-ans-de-notre-centre-des-enfants-de-la-rue-et-de-notre-centre-de-formation-professionnelle\\\/#primaryimage\"},\"thumbnailUrl\":\"https:\\\/\\\/www.streetchildrenofkinshasa.org\\\/wp-content\\\/uploads\\\/2025\\\/05\\\/Joie-des-grands-jeunes-de-la-rue-scaled.jpg\",\"articleSection\":[\"Coup d'\u0153il sur l'actualit\u00e9\"],\"inLanguage\":\"fr-BE\",\"potentialAction\":[{\"@type\":\"CommentAction\",\"name\":\"Comment\",\"target\":[\"https:\\\/\\\/www.streetchildrenofkinshasa.org\\\/fr\\\/vingt-ans-de-notre-centre-des-enfants-de-la-rue-et-de-notre-centre-de-formation-professionnelle\\\/#respond\"]}]},{\"@type\":\"WebPage\",\"@id\":\"https:\\\/\\\/www.streetchildrenofkinshasa.org\\\/fr\\\/vingt-ans-de-notre-centre-des-enfants-de-la-rue-et-de-notre-centre-de-formation-professionnelle\\\/\",\"url\":\"https:\\\/\\\/www.streetchildrenofkinshasa.org\\\/fr\\\/vingt-ans-de-notre-centre-des-enfants-de-la-rue-et-de-notre-centre-de-formation-professionnelle\\\/\",\"name\":\"VINGT ANS DE NOTRE CENTRE DES ENFANTS DE LA RUE ET DE NOTRE CENTRE DE FORMATION PROFESSIONNELLE -\",\"isPartOf\":{\"@id\":\"https:\\\/\\\/www.streetchildrenofkinshasa.org\\\/fr\\\/#website\"},\"primaryImageOfPage\":{\"@id\":\"https:\\\/\\\/www.streetchildrenofkinshasa.org\\\/fr\\\/vingt-ans-de-notre-centre-des-enfants-de-la-rue-et-de-notre-centre-de-formation-professionnelle\\\/#primaryimage\"},\"image\":{\"@id\":\"https:\\\/\\\/www.streetchildrenofkinshasa.org\\\/fr\\\/vingt-ans-de-notre-centre-des-enfants-de-la-rue-et-de-notre-centre-de-formation-professionnelle\\\/#primaryimage\"},\"thumbnailUrl\":\"https:\\\/\\\/www.streetchildrenofkinshasa.org\\\/wp-content\\\/uploads\\\/2025\\\/05\\\/Joie-des-grands-jeunes-de-la-rue-scaled.jpg\",\"datePublished\":\"2025-05-22T10:36:28+00:00\",\"dateModified\":\"2025-05-22T10:36:29+00:00\",\"description\":\"On n'a pas tous les jours 20 ans ....\",\"breadcrumb\":{\"@id\":\"https:\\\/\\\/www.streetchildrenofkinshasa.org\\\/fr\\\/vingt-ans-de-notre-centre-des-enfants-de-la-rue-et-de-notre-centre-de-formation-professionnelle\\\/#breadcrumb\"},\"inLanguage\":\"fr-BE\",\"potentialAction\":[{\"@type\":\"ReadAction\",\"target\":[\"https:\\\/\\\/www.streetchildrenofkinshasa.org\\\/fr\\\/vingt-ans-de-notre-centre-des-enfants-de-la-rue-et-de-notre-centre-de-formation-professionnelle\\\/\"]}]},{\"@type\":\"ImageObject\",\"inLanguage\":\"fr-BE\",\"@id\":\"https:\\\/\\\/www.streetchildrenofkinshasa.org\\\/fr\\\/vingt-ans-de-notre-centre-des-enfants-de-la-rue-et-de-notre-centre-de-formation-professionnelle\\\/#primaryimage\",\"url\":\"https:\\\/\\\/www.streetchildrenofkinshasa.org\\\/wp-content\\\/uploads\\\/2025\\\/05\\\/Joie-des-grands-jeunes-de-la-rue-scaled.jpg\",\"contentUrl\":\"https:\\\/\\\/www.streetchildrenofkinshasa.org\\\/wp-content\\\/uploads\\\/2025\\\/05\\\/Joie-des-grands-jeunes-de-la-rue-scaled.jpg\",\"width\":2560,\"height\":1707},{\"@type\":\"BreadcrumbList\",\"@id\":\"https:\\\/\\\/www.streetchildrenofkinshasa.org\\\/fr\\\/vingt-ans-de-notre-centre-des-enfants-de-la-rue-et-de-notre-centre-de-formation-professionnelle\\\/#breadcrumb\",\"itemListElement\":[{\"@type\":\"ListItem\",\"position\":1,\"name\":\"Home\",\"item\":\"https:\\\/\\\/www.streetchildrenofkinshasa.org\\\/fr\\\/\"},{\"@type\":\"ListItem\",\"position\":2,\"name\":\"VINGT ANS DE NOTRE CENTRE DES ENFANTS DE LA RUE ET DE NOTRE CENTRE DE FORMATION PROFESSIONNELLE\"}]},{\"@type\":\"WebSite\",\"@id\":\"https:\\\/\\\/www.streetchildrenofkinshasa.org\\\/fr\\\/#website\",\"url\":\"https:\\\/\\\/www.streetchildrenofkinshasa.org\\\/fr\\\/\",\"name\":\"Ndako Ya Biso - Enfants de Kinshasa\",\"description\":\"Donnons aux enfants des rues de Kinshasa un espoir et un avenir.\",\"publisher\":{\"@id\":\"https:\\\/\\\/www.streetchildrenofkinshasa.org\\\/fr\\\/#organization\"},\"potentialAction\":[{\"@type\":\"SearchAction\",\"target\":{\"@type\":\"EntryPoint\",\"urlTemplate\":\"https:\\\/\\\/www.streetchildrenofkinshasa.org\\\/fr\\\/?s={search_term_string}\"},\"query-input\":{\"@type\":\"PropertyValueSpecification\",\"valueRequired\":true,\"valueName\":\"search_term_string\"}}],\"inLanguage\":\"fr-BE\"},{\"@type\":\"Organization\",\"@id\":\"https:\\\/\\\/www.streetchildrenofkinshasa.org\\\/fr\\\/#organization\",\"name\":\"Communaut\u00e9 du Chemin Neuf\",\"url\":\"https:\\\/\\\/www.streetchildrenofkinshasa.org\\\/fr\\\/\",\"logo\":{\"@type\":\"ImageObject\",\"inLanguage\":\"fr-BE\",\"@id\":\"https:\\\/\\\/www.streetchildrenofkinshasa.org\\\/fr\\\/#\\\/schema\\\/logo\\\/image\\\/\",\"url\":\"https:\\\/\\\/www.streetchildrenofkinshasa.org\\\/wp-content\\\/uploads\\\/2022\\\/05\\\/logo-cte-couleur_evide.png\",\"contentUrl\":\"https:\\\/\\\/www.streetchildrenofkinshasa.org\\\/wp-content\\\/uploads\\\/2022\\\/05\\\/logo-cte-couleur_evide.png\",\"width\":1280,\"height\":736,\"caption\":\"Communaut\u00e9 du Chemin Neuf\"},\"image\":{\"@id\":\"https:\\\/\\\/www.streetchildrenofkinshasa.org\\\/fr\\\/#\\\/schema\\\/logo\\\/image\\\/\"},\"sameAs\":[\"https:\\\/\\\/www.facebook.com\\\/enfantsdelaruedekinshasa\\\/\",\"https:\\\/\\\/www.youtube.com\\\/channel\\\/UCIDv6Uc3gdp1RP_HrlK5VHw\"]},{\"@type\":\"Person\",\"@id\":\"https:\\\/\\\/www.streetchildrenofkinshasa.org\\\/fr\\\/#\\\/schema\\\/person\\\/a516a2618dd79acf99b1a9dc1b711320\",\"name\":\"Philippe Englebert\",\"image\":{\"@type\":\"ImageObject\",\"inLanguage\":\"fr-BE\",\"@id\":\"https:\\\/\\\/secure.gravatar.com\\\/avatar\\\/9595e9d9e03824ab1513eb2842d6919786ce3781a0dbeb9e5fdef68c988b09b8?s=96&d=mm&r=g\",\"url\":\"https:\\\/\\\/secure.gravatar.com\\\/avatar\\\/9595e9d9e03824ab1513eb2842d6919786ce3781a0dbeb9e5fdef68c988b09b8?s=96&d=mm&r=g\",\"contentUrl\":\"https:\\\/\\\/secure.gravatar.com\\\/avatar\\\/9595e9d9e03824ab1513eb2842d6919786ce3781a0dbeb9e5fdef68c988b09b8?s=96&d=mm&r=g\",\"caption\":\"Philippe Englebert\"}}]}<\/script>\n<!-- \/ Yoast SEO plugin. -->","yoast_head_json":{"title":"VINGT ANS DE NOTRE CENTRE DES ENFANTS DE LA RUE ET DE NOTRE CENTRE DE FORMATION PROFESSIONNELLE -","description":"On n'a pas tous les jours 20 ans ....","robots":{"index":"index","follow":"follow","max-snippet":"max-snippet:-1","max-image-preview":"max-image-preview:large","max-video-preview":"max-video-preview:-1"},"canonical":"https:\/\/www.streetchildrenofkinshasa.org\/fr\/vingt-ans-de-notre-centre-des-enfants-de-la-rue-et-de-notre-centre-de-formation-professionnelle\/","og_locale":"fr_FR","og_type":"article","og_title":"VINGT ANS DE NOTRE CENTRE DES ENFANTS DE LA RUE ET DE NOTRE CENTRE DE FORMATION PROFESSIONNELLE -","og_description":"On n'a pas tous les jours 20 ans ....","og_url":"https:\/\/www.streetchildrenofkinshasa.org\/fr\/vingt-ans-de-notre-centre-des-enfants-de-la-rue-et-de-notre-centre-de-formation-professionnelle\/","og_site_name":"Ndako Ya Biso - Enfants de Kinshasa","article_publisher":"https:\/\/www.facebook.com\/enfantsdelaruedekinshasa\/","article_published_time":"2025-05-22T10:36:28+00:00","article_modified_time":"2025-05-22T10:36:29+00:00","og_image":[{"width":2560,"height":1707,"url":"https:\/\/www.streetchildrenofkinshasa.org\/wp-content\/uploads\/2025\/05\/Joie-des-grands-jeunes-de-la-rue-scaled.jpg","type":"image\/jpeg"}],"author":"Philippe Englebert","twitter_card":"summary_large_image","twitter_misc":{"\u00c9crit par":"Philippe Englebert","Dur\u00e9e de lecture est.":"6 minutes"},"schema":{"@context":"https:\/\/schema.org","@graph":[{"@type":"Article","@id":"https:\/\/www.streetchildrenofkinshasa.org\/fr\/vingt-ans-de-notre-centre-des-enfants-de-la-rue-et-de-notre-centre-de-formation-professionnelle\/#article","isPartOf":{"@id":"https:\/\/www.streetchildrenofkinshasa.org\/fr\/vingt-ans-de-notre-centre-des-enfants-de-la-rue-et-de-notre-centre-de-formation-professionnelle\/"},"author":{"name":"Philippe Englebert","@id":"https:\/\/www.streetchildrenofkinshasa.org\/fr\/#\/schema\/person\/a516a2618dd79acf99b1a9dc1b711320"},"headline":"VINGT ANS DE NOTRE CENTRE DES ENFANTS DE LA RUE ET DE NOTRE CENTRE DE FORMATION PROFESSIONNELLE","datePublished":"2025-05-22T10:36:28+00:00","dateModified":"2025-05-22T10:36:29+00:00","mainEntityOfPage":{"@id":"https:\/\/www.streetchildrenofkinshasa.org\/fr\/vingt-ans-de-notre-centre-des-enfants-de-la-rue-et-de-notre-centre-de-formation-professionnelle\/"},"wordCount":935,"commentCount":0,"publisher":{"@id":"https:\/\/www.streetchildrenofkinshasa.org\/fr\/#organization"},"image":{"@id":"https:\/\/www.streetchildrenofkinshasa.org\/fr\/vingt-ans-de-notre-centre-des-enfants-de-la-rue-et-de-notre-centre-de-formation-professionnelle\/#primaryimage"},"thumbnailUrl":"https:\/\/www.streetchildrenofkinshasa.org\/wp-content\/uploads\/2025\/05\/Joie-des-grands-jeunes-de-la-rue-scaled.jpg","articleSection":["Coup d'\u0153il sur l'actualit\u00e9"],"inLanguage":"fr-BE","potentialAction":[{"@type":"CommentAction","name":"Comment","target":["https:\/\/www.streetchildrenofkinshasa.org\/fr\/vingt-ans-de-notre-centre-des-enfants-de-la-rue-et-de-notre-centre-de-formation-professionnelle\/#respond"]}]},{"@type":"WebPage","@id":"https:\/\/www.streetchildrenofkinshasa.org\/fr\/vingt-ans-de-notre-centre-des-enfants-de-la-rue-et-de-notre-centre-de-formation-professionnelle\/","url":"https:\/\/www.streetchildrenofkinshasa.org\/fr\/vingt-ans-de-notre-centre-des-enfants-de-la-rue-et-de-notre-centre-de-formation-professionnelle\/","name":"VINGT ANS DE NOTRE CENTRE DES ENFANTS DE LA RUE ET DE NOTRE CENTRE DE FORMATION PROFESSIONNELLE -","isPartOf":{"@id":"https:\/\/www.streetchildrenofkinshasa.org\/fr\/#website"},"primaryImageOfPage":{"@id":"https:\/\/www.streetchildrenofkinshasa.org\/fr\/vingt-ans-de-notre-centre-des-enfants-de-la-rue-et-de-notre-centre-de-formation-professionnelle\/#primaryimage"},"image":{"@id":"https:\/\/www.streetchildrenofkinshasa.org\/fr\/vingt-ans-de-notre-centre-des-enfants-de-la-rue-et-de-notre-centre-de-formation-professionnelle\/#primaryimage"},"thumbnailUrl":"https:\/\/www.streetchildrenofkinshasa.org\/wp-content\/uploads\/2025\/05\/Joie-des-grands-jeunes-de-la-rue-scaled.jpg","datePublished":"2025-05-22T10:36:28+00:00","dateModified":"2025-05-22T10:36:29+00:00","description":"On n'a pas tous les jours 20 ans ....","breadcrumb":{"@id":"https:\/\/www.streetchildrenofkinshasa.org\/fr\/vingt-ans-de-notre-centre-des-enfants-de-la-rue-et-de-notre-centre-de-formation-professionnelle\/#breadcrumb"},"inLanguage":"fr-BE","potentialAction":[{"@type":"ReadAction","target":["https:\/\/www.streetchildrenofkinshasa.org\/fr\/vingt-ans-de-notre-centre-des-enfants-de-la-rue-et-de-notre-centre-de-formation-professionnelle\/"]}]},{"@type":"ImageObject","inLanguage":"fr-BE","@id":"https:\/\/www.streetchildrenofkinshasa.org\/fr\/vingt-ans-de-notre-centre-des-enfants-de-la-rue-et-de-notre-centre-de-formation-professionnelle\/#primaryimage","url":"https:\/\/www.streetchildrenofkinshasa.org\/wp-content\/uploads\/2025\/05\/Joie-des-grands-jeunes-de-la-rue-scaled.jpg","contentUrl":"https:\/\/www.streetchildrenofkinshasa.org\/wp-content\/uploads\/2025\/05\/Joie-des-grands-jeunes-de-la-rue-scaled.jpg","width":2560,"height":1707},{"@type":"BreadcrumbList","@id":"https:\/\/www.streetchildrenofkinshasa.org\/fr\/vingt-ans-de-notre-centre-des-enfants-de-la-rue-et-de-notre-centre-de-formation-professionnelle\/#breadcrumb","itemListElement":[{"@type":"ListItem","position":1,"name":"Home","item":"https:\/\/www.streetchildrenofkinshasa.org\/fr\/"},{"@type":"ListItem","position":2,"name":"VINGT ANS DE NOTRE CENTRE DES ENFANTS DE LA RUE ET DE NOTRE CENTRE DE FORMATION PROFESSIONNELLE"}]},{"@type":"WebSite","@id":"https:\/\/www.streetchildrenofkinshasa.org\/fr\/#website","url":"https:\/\/www.streetchildrenofkinshasa.org\/fr\/","name":"Ndako Ya Biso - Enfants de Kinshasa","description":"Donnons aux enfants des rues de Kinshasa un espoir et un avenir.","publisher":{"@id":"https:\/\/www.streetchildrenofkinshasa.org\/fr\/#organization"},"potentialAction":[{"@type":"SearchAction","target":{"@type":"EntryPoint","urlTemplate":"https:\/\/www.streetchildrenofkinshasa.org\/fr\/?s={search_term_string}"},"query-input":{"@type":"PropertyValueSpecification","valueRequired":true,"valueName":"search_term_string"}}],"inLanguage":"fr-BE"},{"@type":"Organization","@id":"https:\/\/www.streetchildrenofkinshasa.org\/fr\/#organization","name":"Communaut\u00e9 du Chemin Neuf","url":"https:\/\/www.streetchildrenofkinshasa.org\/fr\/","logo":{"@type":"ImageObject","inLanguage":"fr-BE","@id":"https:\/\/www.streetchildrenofkinshasa.org\/fr\/#\/schema\/logo\/image\/","url":"https:\/\/www.streetchildrenofkinshasa.org\/wp-content\/uploads\/2022\/05\/logo-cte-couleur_evide.png","contentUrl":"https:\/\/www.streetchildrenofkinshasa.org\/wp-content\/uploads\/2022\/05\/logo-cte-couleur_evide.png","width":1280,"height":736,"caption":"Communaut\u00e9 du Chemin Neuf"},"image":{"@id":"https:\/\/www.streetchildrenofkinshasa.org\/fr\/#\/schema\/logo\/image\/"},"sameAs":["https:\/\/www.facebook.com\/enfantsdelaruedekinshasa\/","https:\/\/www.youtube.com\/channel\/UCIDv6Uc3gdp1RP_HrlK5VHw"]},{"@type":"Person","@id":"https:\/\/www.streetchildrenofkinshasa.org\/fr\/#\/schema\/person\/a516a2618dd79acf99b1a9dc1b711320","name":"Philippe Englebert","image":{"@type":"ImageObject","inLanguage":"fr-BE","@id":"https:\/\/secure.gravatar.com\/avatar\/9595e9d9e03824ab1513eb2842d6919786ce3781a0dbeb9e5fdef68c988b09b8?s=96&d=mm&r=g","url":"https:\/\/secure.gravatar.com\/avatar\/9595e9d9e03824ab1513eb2842d6919786ce3781a0dbeb9e5fdef68c988b09b8?s=96&d=mm&r=g","contentUrl":"https:\/\/secure.gravatar.com\/avatar\/9595e9d9e03824ab1513eb2842d6919786ce3781a0dbeb9e5fdef68c988b09b8?s=96&d=mm&r=g","caption":"Philippe Englebert"}}]}},"_links":{"self":[{"href":"https:\/\/www.streetchildrenofkinshasa.org\/fr\/wp-json\/wp\/v2\/posts\/45685","targetHints":{"allow":["GET"]}}],"collection":[{"href":"https:\/\/www.streetchildrenofkinshasa.org\/fr\/wp-json\/wp\/v2\/posts"}],"about":[{"href":"https:\/\/www.streetchildrenofkinshasa.org\/fr\/wp-json\/wp\/v2\/types\/post"}],"author":[{"embeddable":true,"href":"https:\/\/www.streetchildrenofkinshasa.org\/fr\/wp-json\/wp\/v2\/users\/13"}],"replies":[{"embeddable":true,"href":"https:\/\/www.streetchildrenofkinshasa.org\/fr\/wp-json\/wp\/v2\/comments?post=45685"}],"version-history":[{"count":5,"href":"https:\/\/www.streetchildrenofkinshasa.org\/fr\/wp-json\/wp\/v2\/posts\/45685\/revisions"}],"predecessor-version":[{"id":45692,"href":"https:\/\/www.streetchildrenofkinshasa.org\/fr\/wp-json\/wp\/v2\/posts\/45685\/revisions\/45692"}],"wp:featuredmedia":[{"embeddable":true,"href":"https:\/\/www.streetchildrenofkinshasa.org\/fr\/wp-json\/wp\/v2\/media\/45641"}],"wp:attachment":[{"href":"https:\/\/www.streetchildrenofkinshasa.org\/fr\/wp-json\/wp\/v2\/media?parent=45685"}],"wp:term":[{"taxonomy":"category","embeddable":true,"href":"https:\/\/www.streetchildrenofkinshasa.org\/fr\/wp-json\/wp\/v2\/categories?post=45685"},{"taxonomy":"post_tag","embeddable":true,"href":"https:\/\/www.streetchildrenofkinshasa.org\/fr\/wp-json\/wp\/v2\/tags?post=45685"}],"curies":[{"name":"wp","href":"https:\/\/api.w.org\/{rel}","templated":true}]}}