{"id":45628,"date":"2025-05-19T18:18:28","date_gmt":"2025-05-19T16:18:28","guid":{"rendered":"https:\/\/www.streetchildrenofkinshasa.org\/?p=45628"},"modified":"2025-05-22T12:16:23","modified_gmt":"2025-05-22T10:16:23","slug":"deux-jeunes-ressuscites-paques-2025","status":"publish","type":"post","link":"https:\/\/www.streetchildrenofkinshasa.org\/fr\/deux-jeunes-ressuscites-paques-2025\/","title":{"rendered":"DEUX JEUNES RESSUSCITES A P\u00c2QUES 2025 !"},"content":{"rendered":"\n<p><\/p>\n\n\n\n<div class=\"wp-block-columns is-layout-flex wp-container-core-columns-is-layout-9d6595d7 wp-block-columns-is-layout-flex\">\n<div class=\"wp-block-column is-layout-flow wp-block-column-is-layout-flow\" style=\"flex-basis:100%\">\n<pre class=\"wp-block-verse has-large-font-size\">La Providence accompagne au jour le jour les enfants, les jeunes et les \u00e9ducateurs de Ndako ya Biso.<br><br><\/pre>\n<\/div>\n<\/div>\n\n\n\n<div class=\"wp-block-columns is-layout-flex wp-container-core-columns-is-layout-9d6595d7 wp-block-columns-is-layout-flex\">\n<div class=\"wp-block-column is-layout-flow wp-block-column-is-layout-flow\" style=\"flex-basis:33.33%\">\n<div class=\"wp-block-columns is-style-restricted-width is-layout-flex wp-container-core-columns-is-layout-9d6595d7 wp-block-columns-is-layout-flex\">\n<div class=\"wp-block-column is-layout-flow wp-block-column-is-layout-flow\" style=\"flex-basis:100%\">\n<div class=\"wp-block-columns is-layout-flex wp-container-core-columns-is-layout-9d6595d7 wp-block-columns-is-layout-flex\">\n<div class=\"wp-block-column is-layout-flow wp-block-column-is-layout-flow\" style=\"flex-basis:100%\"><\/div>\n<\/div>\n<\/div>\n<\/div>\n\n\n\n<figure class=\"wp-block-image size-full is-style-cover\"><img loading=\"lazy\" decoding=\"async\" width=\"1043\" height=\"1388\" src=\"https:\/\/www.streetchildrenofkinshasa.org\/wp-content\/uploads\/2025\/05\/Image5.png\" alt=\"\" class=\"wp-image-45675\" srcset=\"https:\/\/www.streetchildrenofkinshasa.org\/wp-content\/uploads\/2025\/05\/Image5.png 1043w, https:\/\/www.streetchildrenofkinshasa.org\/wp-content\/uploads\/2025\/05\/Image5-225x300.png 225w, https:\/\/www.streetchildrenofkinshasa.org\/wp-content\/uploads\/2025\/05\/Image5-769x1024.png 769w, https:\/\/www.streetchildrenofkinshasa.org\/wp-content\/uploads\/2025\/05\/Image5-768x1022.png 768w\" sizes=\"auto, (max-width: 1043px) 100vw, 1043px\" \/><\/figure>\n<\/div>\n\n\n\n<div class=\"wp-block-column is-layout-flow wp-block-column-is-layout-flow\" style=\"flex-basis:66.66%\">\n<p>F.F., un gar\u00e7on de 16 ans, n\u00e9 avec un pied bot, tout \u00e0 fait tordu. Envoy\u00e9 par sa maman chez une tante \u00e0 Kinshasa, il a \u00e9t\u00e9 mail accueilli et chass\u00e9 dans la rue. Il a \u00e9t\u00e9 accueilli au centre. Il nous paraissait triste chaque jour et, et plut\u00f4t que de jouer avec ses amis, il restait dans son coin.<\/p>\n\n\n\n<p>Apr\u00e8s avoir expliqu\u00e9 \u00e0 la famille que l\u2019enfant n\u2019avait aucun esprit de sorcellerie en lui, ils ont accept\u00e9 son retour, et nous l\u2019avons plac\u00e9 en 4\u00b0 ann\u00e9e secondaire, section scientifique.<\/p>\n\n\n\n<p>Il a \u00e9t\u00e9 conduit \u00e0 l\u2019h\u00f4pital de Monkole pour voir s\u2019il \u00e9tait possible d\u2019op\u00e9rer son pied, mais le m\u00e9decin nous a dit qu\u2019il n\u2019\u00e9tait normalement plus possible d\u2019op\u00e9rer un pied bot apr\u00e8s douze ans, les os devenant trop durs. Alors, l\u2019enfant a simplement repris sa vie en famille et dans son \u00e9cole.<\/p>\n\n\n\n<p>Et voil\u00e0 que trois mois plus tard, le m\u00e9decin, qui ne nous a pas oubli\u00e9s, nous rappelle en nous disant qu\u2019un confr\u00e8re est venu de l\u2019\u00e9tranger et qu\u2019ils vont pouvoir l\u2019op\u00e9rer. Quelle bonne surprise ! Le gar\u00e7on a \u00e9t\u00e9 op\u00e9r\u00e9 et a eu sa jambe trois mois dans le pl\u00e2tre. Cette semaine, on a pu enlever le pl\u00e2tre, et le voil\u00e0 qui marche bien tout seul avec une jambe toute droite et non plus tordue, quelle joie pour chacun de nous ! Toute son \u00e9cole l\u2019a applaudi !<\/p>\n<\/div>\n<\/div>\n\n\n\n\n\n<div class=\"wp-block-columns are-vertically-aligned-center is-style-default is-layout-flex wp-container-core-columns-is-layout-9d6595d7 wp-block-columns-is-layout-flex\">\n<div class=\"wp-block-column is-layout-flow wp-block-column-is-layout-flow\" style=\"flex-basis:33.33%\">\n<figure class=\"wp-block-image size-full\"><img loading=\"lazy\" decoding=\"async\" width=\"741\" height=\"1663\" src=\"https:\/\/www.streetchildrenofkinshasa.org\/wp-content\/uploads\/2025\/05\/Image3.png\" alt=\"\" class=\"wp-image-45669\" srcset=\"https:\/\/www.streetchildrenofkinshasa.org\/wp-content\/uploads\/2025\/05\/Image3.png 741w, https:\/\/www.streetchildrenofkinshasa.org\/wp-content\/uploads\/2025\/05\/Image3-134x300.png 134w, https:\/\/www.streetchildrenofkinshasa.org\/wp-content\/uploads\/2025\/05\/Image3-456x1024.png 456w, https:\/\/www.streetchildrenofkinshasa.org\/wp-content\/uploads\/2025\/05\/Image3-684x1536.png 684w\" sizes=\"auto, (max-width: 741px) 100vw, 741px\" \/><\/figure>\n<\/div>\n\n\n\n<div class=\"wp-block-column is-layout-flow wp-block-column-is-layout-flow\" style=\"flex-basis:66.66%\">\n<p>Autre r\u00e9surrection&nbsp;: E., jeune fille de 16 ans avec 1 gar\u00e7on de 2 ans, \u00e9tait dans un \u00e9tat d&rsquo;amaigrissement tr\u00e8s avanc\u00e9 : la peau sur les os, un bandage sale sur les deux jambes et une tr\u00e8s grande difficult\u00e9 de locomotion. Elle a \u00e9t\u00e9 transf\u00e9r\u00e9e en urgence au centre hospitalier Monkole. Elle demandait qu\u2019on l\u2019aide \u00e0 mourir&nbsp;!!!<\/p>\n\n\n\n<p>Apr\u00e8s 15 jours d\u2019h\u00f4pital, elle p\u00e8se 27 kilos et sa famille ne veut pas la reprendre et elle ne peut pas vivre -survivre&nbsp;! \u2013 seule. Qu\u2019\u00e0 cela ne tienne, le centre des filles se mue en nursery et la maman et son enfant y sont accueillis.<\/p>\n\n\n\n<p>La fille n\u2019est jamais all\u00e9e \u00e0 l&rsquo;\u00e9cole, elle n&rsquo;a pas appris de m\u00e9tier. Un programme d&rsquo;alphab\u00e9tisation pour elle est \u00e9labor\u00e9 et doit commencer. Elle veut ensuite apprendre l&rsquo;esth\u00e9tique et la coiffure.<\/p>\n\n\n\n<p>Le gar\u00e7on a atteint ses 2 ans le 18 avril. \u00c9tant donn\u00e9 que chaque ann\u00e9e nous f\u00eatons P\u00e2ques avec tous les enfants dans nos centres, nous avons d\u00e9cid\u00e9 de f\u00eater ensemble S.l, son fils. Nous avons achet\u00e9 un g\u00e2teau d&rsquo;anniversaire et tous les enfants ont chant\u00e9 un bon anniversaire pour le petit Samuel qui a d\u00e9j\u00e0 bien r\u00e9cup\u00e9r\u00e9 son poids. Pour la maman c&rsquo;\u00e9tait le premier vrai anniversaire du gar\u00e7on et elle \u00e9tait tr\u00e8s heureuse, m\u00eame si elle reste encore maigre et fragile.<\/p>\n\n\n\n<p><\/p>\n<\/div>\n<\/div>\n\n\n\n<div class=\"wp-block-columns is-layout-flex wp-container-core-columns-is-layout-9d6595d7 wp-block-columns-is-layout-flex\">\n<div class=\"wp-block-column is-layout-flow wp-block-column-is-layout-flow\" style=\"flex-basis:100%\">\n<div class=\"wp-block-columns are-vertically-aligned-center is-style-default is-layout-flex wp-container-core-columns-is-layout-9d6595d7 wp-block-columns-is-layout-flex\">\n<div class=\"wp-block-column is-vertically-aligned-center is-layout-flow wp-block-column-is-layout-flow\">\n<figure class=\"wp-block-image size-large\"><img loading=\"lazy\" decoding=\"async\" width=\"592\" height=\"1024\" src=\"https:\/\/www.streetchildrenofkinshasa.org\/wp-content\/uploads\/2025\/05\/Image4-592x1024.png\" alt=\"\" class=\"wp-image-45672\" srcset=\"https:\/\/www.streetchildrenofkinshasa.org\/wp-content\/uploads\/2025\/05\/Image4-592x1024.png 592w, https:\/\/www.streetchildrenofkinshasa.org\/wp-content\/uploads\/2025\/05\/Image4-173x300.png 173w, https:\/\/www.streetchildrenofkinshasa.org\/wp-content\/uploads\/2025\/05\/Image4-768x1328.png 768w, https:\/\/www.streetchildrenofkinshasa.org\/wp-content\/uploads\/2025\/05\/Image4-888x1536.png 888w, https:\/\/www.streetchildrenofkinshasa.org\/wp-content\/uploads\/2025\/05\/Image4.png 1021w\" sizes=\"auto, (max-width: 592px) 100vw, 592px\" \/><\/figure>\n\n\n\n<div class=\"wp-block-columns is-layout-flex wp-container-core-columns-is-layout-9d6595d7 wp-block-columns-is-layout-flex\">\n<div class=\"wp-block-column is-layout-flow wp-block-column-is-layout-flow\" style=\"flex-basis:66.66%\">\n<div class=\"wp-block-columns is-layout-flex wp-container-core-columns-is-layout-9d6595d7 wp-block-columns-is-layout-flex\">\n<div class=\"wp-block-column is-layout-flow wp-block-column-is-layout-flow\">\n<div class=\"wp-block-columns is-layout-flex wp-container-core-columns-is-layout-9d6595d7 wp-block-columns-is-layout-flex\">\n<div class=\"wp-block-column is-layout-flow wp-block-column-is-layout-flow\"><\/div>\n\n\n\n<div class=\"wp-block-column is-layout-flow wp-block-column-is-layout-flow\"><\/div>\n<\/div>\n<\/div>\n<\/div>\n<\/div>\n\n\n\n<div class=\"wp-block-column is-layout-flow wp-block-column-is-layout-flow\" style=\"flex-basis:33.33%\"><\/div>\n<\/div>\n\n\n\n\n\n<div class=\"wp-block-columns is-layout-flex wp-container-core-columns-is-layout-9d6595d7 wp-block-columns-is-layout-flex\">\n<div class=\"wp-block-column is-layout-flow wp-block-column-is-layout-flow\"><\/div>\n<\/div>\n\n\n\n<p><\/p>\n\n\n\n<div class=\"wp-block-columns is-layout-flex wp-container-core-columns-is-layout-9d6595d7 wp-block-columns-is-layout-flex\">\n<div class=\"wp-block-column is-layout-flow wp-block-column-is-layout-flow\">\n<p><\/p>\n<\/div>\n<\/div>\n\n\n\n<div class=\"wp-block-columns is-layout-flex wp-container-core-columns-is-layout-9d6595d7 wp-block-columns-is-layout-flex\">\n<div class=\"wp-block-column is-layout-flow wp-block-column-is-layout-flow\" style=\"flex-basis:66.66%\">\n<p><\/p>\n<\/div>\n<\/div>\n\n\n\n<div class=\"wp-block-columns is-layout-flex wp-container-core-columns-is-layout-9d6595d7 wp-block-columns-is-layout-flex\">\n<div class=\"wp-block-column is-layout-flow wp-block-column-is-layout-flow\">\n<div class=\"wp-block-columns is-layout-flex wp-container-core-columns-is-layout-9d6595d7 wp-block-columns-is-layout-flex\">\n<div class=\"wp-block-column is-layout-flow wp-block-column-is-layout-flow\">\n<p><\/p>\n<\/div>\n<\/div>\n\n\n\n<p><\/p>\n<\/div>\n<\/div>\n\n\n\n<p><\/p>\n<\/div>\n<\/div>\n<\/div>\n<\/div>\n\n\n\n<p><\/p>\n\n\n\n<div class=\"wp-block-columns is-layout-flex wp-container-core-columns-is-layout-9d6595d7 wp-block-columns-is-layout-flex\">\n<div class=\"wp-block-column is-layout-flow wp-block-column-is-layout-flow\" style=\"flex-basis:100%\">\n<p><\/p>\n\n\n\n<p><\/p>\n\n\n\n<p><\/p>\n\n\n\n<p><\/p>\n\n\n\n<p><\/p>\n<\/div>\n<\/div>\n\n\n\n<div class=\"wp-block-columns is-layout-flex wp-container-core-columns-is-layout-9d6595d7 wp-block-columns-is-layout-flex\">\n<div class=\"wp-block-column is-layout-flow wp-block-column-is-layout-flow\" style=\"flex-basis:100%\">\n<p><\/p>\n<\/div>\n<\/div>\n\n\n\n<div class=\"wp-block-columns is-layout-flex wp-container-core-columns-is-layout-9d6595d7 wp-block-columns-is-layout-flex\">\n<div class=\"wp-block-column is-layout-flow wp-block-column-is-layout-flow\" style=\"flex-basis:100%\">\n<p><\/p>\n<\/div>\n\n\n\n<div class=\"wp-block-column is-layout-flow wp-block-column-is-layout-flow\" style=\"flex-basis:100%\">\n<p><\/p>\n<\/div>\n<\/div>\n\n\n\n<div class=\"wp-block-columns is-layout-flex wp-container-core-columns-is-layout-9d6595d7 wp-block-columns-is-layout-flex\">\n<div class=\"wp-block-column is-layout-flow wp-block-column-is-layout-flow\" style=\"flex-basis:100%\">\n<p><\/p>\n<\/div>\n<\/div>\n\n\n\n<div class=\"wp-block-columns is-layout-flex wp-container-core-columns-is-layout-9d6595d7 wp-block-columns-is-layout-flex\">\n<div class=\"wp-block-column is-layout-flow wp-block-column-is-layout-flow\" style=\"flex-basis:100%\">\n<p><\/p>\n<\/div>\n<\/div>\n\n\n\n<div class=\"wp-block-columns is-layout-flex wp-container-core-columns-is-layout-9d6595d7 wp-block-columns-is-layout-flex\">\n<div class=\"wp-block-column is-layout-flow wp-block-column-is-layout-flow\" style=\"flex-basis:100%\">\n<p><\/p>\n<\/div>\n<\/div>\n\n\n\n<div class=\"wp-block-columns is-layout-flex wp-container-core-columns-is-layout-9d6595d7 wp-block-columns-is-layout-flex\">\n<div class=\"wp-block-column is-layout-flow wp-block-column-is-layout-flow\" style=\"flex-basis:100%\">\n<div class=\"wp-block-columns is-layout-flex wp-container-core-columns-is-layout-9d6595d7 wp-block-columns-is-layout-flex\">\n<div class=\"wp-block-column is-layout-flow wp-block-column-is-layout-flow\" style=\"flex-basis:100%\">\n<p><\/p>\n<\/div>\n<\/div>\n<\/div>\n<\/div>\n\n\n\n<div class=\"wp-block-columns is-layout-flex wp-container-core-columns-is-layout-9d6595d7 wp-block-columns-is-layout-flex\">\n<div class=\"wp-block-column is-layout-flow wp-block-column-is-layout-flow\" style=\"flex-basis:100%\">\n<p><\/p>\n<\/div>\n<\/div>\n\n\n\n<div class=\"wp-block-columns is-layout-flex wp-container-core-columns-is-layout-9d6595d7 wp-block-columns-is-layout-flex\">\n<div class=\"wp-block-column is-layout-flow wp-block-column-is-layout-flow\" style=\"flex-basis:100%\">\n<p><\/p>\n<\/div>\n<\/div>\n\n\n\n<div class=\"wp-block-columns is-layout-flex wp-container-core-columns-is-layout-9d6595d7 wp-block-columns-is-layout-flex\">\n<div class=\"wp-block-column is-layout-flow wp-block-column-is-layout-flow\" style=\"flex-basis:100%\">\n<p><\/p>\n\n\n\n<p><\/p>\n<\/div>\n<\/div>\n\n\n\n<div class=\"wp-block-columns is-layout-flex wp-container-core-columns-is-layout-9d6595d7 wp-block-columns-is-layout-flex\">\n<div class=\"wp-block-column is-layout-flow wp-block-column-is-layout-flow\" style=\"flex-basis:100%\">\n<p><\/p>\n<\/div>\n<\/div>\n\n\n\n<div class=\"wp-block-columns is-layout-flex wp-container-core-columns-is-layout-9d6595d7 wp-block-columns-is-layout-flex\">\n<div class=\"wp-block-column is-layout-flow wp-block-column-is-layout-flow\" style=\"flex-basis:100%\">\n<p><\/p>\n<\/div>\n<\/div>\n\n\n\n<div class=\"wp-block-columns is-layout-flex wp-container-core-columns-is-layout-9d6595d7 wp-block-columns-is-layout-flex\">\n<div class=\"wp-block-column is-layout-flow wp-block-column-is-layout-flow\" style=\"flex-basis:100%\">\n<p><\/p>\n<\/div>\n<\/div>\n\n\n\n<div class=\"wp-block-columns is-layout-flex wp-container-core-columns-is-layout-9d6595d7 wp-block-columns-is-layout-flex\">\n<div class=\"wp-block-column is-layout-flow wp-block-column-is-layout-flow\" style=\"flex-basis:100%\">\n<p><\/p>\n<\/div>\n<\/div>\n\n\n\n<div class=\"wp-block-columns is-layout-flex wp-container-core-columns-is-layout-9d6595d7 wp-block-columns-is-layout-flex\">\n<div class=\"wp-block-column is-layout-flow wp-block-column-is-layout-flow\" style=\"flex-basis:100%\">\n<p><\/p>\n<\/div>\n<\/div>\n\n\n\n<div class=\"wp-block-columns is-layout-flex wp-container-core-columns-is-layout-9d6595d7 wp-block-columns-is-layout-flex\">\n<div class=\"wp-block-column is-layout-flow wp-block-column-is-layout-flow\" style=\"flex-basis:100%\">\n<p><\/p>\n<\/div>\n<\/div>\n\n\n\n<div class=\"wp-block-columns is-layout-flex wp-container-core-columns-is-layout-9d6595d7 wp-block-columns-is-layout-flex\">\n<div class=\"wp-block-column is-layout-flow wp-block-column-is-layout-flow\" style=\"flex-basis:100%\">\n<p><\/p>\n<\/div>\n<\/div>\n\n\n\n<div class=\"wp-block-columns is-layout-flex wp-container-core-columns-is-layout-9d6595d7 wp-block-columns-is-layout-flex\">\n<div class=\"wp-block-column is-layout-flow wp-block-column-is-layout-flow\" style=\"flex-basis:100%\">\n<p><\/p>\n<\/div>\n\n\n\n<div class=\"wp-block-column is-layout-flow wp-block-column-is-layout-flow\" style=\"flex-basis:100%\">\n<p><\/p>\n<\/div>\n<\/div>\n\n\n\n<p><\/p>\n\n\n\n<p><\/p>\n","protected":false},"excerpt":{"rendered":"<p>Deux jeunes peuvent repartir dans la Vie !<\/p>\n","protected":false},"author":13,"featured_media":45666,"comment_status":"open","ping_status":"open","sticky":false,"template":"","format":"standard","meta":{"_acf_changed":false,"footnotes":""},"categories":[50],"tags":[],"class_list":["post-45628","post","type-post","status-publish","format-standard","has-post-thumbnail","hentry","category-temoignages"],"acf":[],"yoast_head":"<!-- This site is optimized with the Yoast SEO plugin v27.5 - https:\/\/yoast.com\/product\/yoast-seo-wordpress\/ -->\n<title>DEUX JEUNES RESSUSCITES A P\u00c2QUES 2025 ! -<\/title>\n<meta name=\"description\" content=\"Deux jeunes peuvent repartir dans la Vie !\" \/>\n<meta name=\"robots\" content=\"index, follow, max-snippet:-1, max-image-preview:large, max-video-preview:-1\" \/>\n<link rel=\"canonical\" href=\"https:\/\/www.streetchildrenofkinshasa.org\/fr\/deux-jeunes-ressuscites-paques-2025\/\" \/>\n<meta property=\"og:locale\" content=\"fr_FR\" \/>\n<meta property=\"og:type\" content=\"article\" \/>\n<meta property=\"og:title\" content=\"DEUX JEUNES RESSUSCITES A P\u00c2QUES 2025 ! -\" \/>\n<meta property=\"og:description\" content=\"Deux jeunes peuvent repartir dans la Vie !\" \/>\n<meta property=\"og:url\" content=\"https:\/\/www.streetchildrenofkinshasa.org\/fr\/deux-jeunes-ressuscites-paques-2025\/\" \/>\n<meta property=\"og:site_name\" content=\"Ndako Ya Biso - Enfants de Kinshasa\" \/>\n<meta property=\"article:publisher\" content=\"https:\/\/www.facebook.com\/enfantsdelaruedekinshasa\/\" \/>\n<meta property=\"article:published_time\" content=\"2025-05-19T16:18:28+00:00\" \/>\n<meta property=\"article:modified_time\" content=\"2025-05-22T10:16:23+00:00\" \/>\n<meta property=\"og:image\" content=\"https:\/\/www.streetchildrenofkinshasa.org\/wp-content\/uploads\/2025\/05\/Image2.png\" \/>\n\t<meta property=\"og:image:width\" content=\"784\" \/>\n\t<meta property=\"og:image:height\" content=\"1304\" \/>\n\t<meta property=\"og:image:type\" content=\"image\/png\" \/>\n<meta name=\"author\" content=\"Philippe Englebert\" \/>\n<meta name=\"twitter:card\" content=\"summary_large_image\" \/>\n<meta name=\"twitter:label1\" content=\"\u00c9crit par\" \/>\n\t<meta name=\"twitter:data1\" content=\"Philippe Englebert\" \/>\n\t<meta name=\"twitter:label2\" content=\"Dur\u00e9e de lecture est.\" \/>\n\t<meta name=\"twitter:data2\" content=\"4 minutes\" \/>\n<script type=\"application\/ld+json\" class=\"yoast-schema-graph\">{\"@context\":\"https:\\\/\\\/schema.org\",\"@graph\":[{\"@type\":\"Article\",\"@id\":\"https:\\\/\\\/www.streetchildrenofkinshasa.org\\\/fr\\\/deux-jeunes-ressuscites-paques-2025\\\/#article\",\"isPartOf\":{\"@id\":\"https:\\\/\\\/www.streetchildrenofkinshasa.org\\\/fr\\\/deux-jeunes-ressuscites-paques-2025\\\/\"},\"author\":{\"name\":\"Philippe Englebert\",\"@id\":\"https:\\\/\\\/www.streetchildrenofkinshasa.org\\\/fr\\\/#\\\/schema\\\/person\\\/a516a2618dd79acf99b1a9dc1b711320\"},\"headline\":\"DEUX JEUNES RESSUSCITES A P\u00c2QUES 2025 !\",\"datePublished\":\"2025-05-19T16:18:28+00:00\",\"dateModified\":\"2025-05-22T10:16:23+00:00\",\"mainEntityOfPage\":{\"@id\":\"https:\\\/\\\/www.streetchildrenofkinshasa.org\\\/fr\\\/deux-jeunes-ressuscites-paques-2025\\\/\"},\"wordCount\":507,\"commentCount\":0,\"publisher\":{\"@id\":\"https:\\\/\\\/www.streetchildrenofkinshasa.org\\\/fr\\\/#organization\"},\"image\":{\"@id\":\"https:\\\/\\\/www.streetchildrenofkinshasa.org\\\/fr\\\/deux-jeunes-ressuscites-paques-2025\\\/#primaryimage\"},\"thumbnailUrl\":\"https:\\\/\\\/www.streetchildrenofkinshasa.org\\\/wp-content\\\/uploads\\\/2025\\\/05\\\/Image2.png\",\"articleSection\":[\"T\u00e9moignages\"],\"inLanguage\":\"fr-BE\",\"potentialAction\":[{\"@type\":\"CommentAction\",\"name\":\"Comment\",\"target\":[\"https:\\\/\\\/www.streetchildrenofkinshasa.org\\\/fr\\\/deux-jeunes-ressuscites-paques-2025\\\/#respond\"]}]},{\"@type\":\"WebPage\",\"@id\":\"https:\\\/\\\/www.streetchildrenofkinshasa.org\\\/fr\\\/deux-jeunes-ressuscites-paques-2025\\\/\",\"url\":\"https:\\\/\\\/www.streetchildrenofkinshasa.org\\\/fr\\\/deux-jeunes-ressuscites-paques-2025\\\/\",\"name\":\"DEUX JEUNES RESSUSCITES A P\u00c2QUES 2025 ! -\",\"isPartOf\":{\"@id\":\"https:\\\/\\\/www.streetchildrenofkinshasa.org\\\/fr\\\/#website\"},\"primaryImageOfPage\":{\"@id\":\"https:\\\/\\\/www.streetchildrenofkinshasa.org\\\/fr\\\/deux-jeunes-ressuscites-paques-2025\\\/#primaryimage\"},\"image\":{\"@id\":\"https:\\\/\\\/www.streetchildrenofkinshasa.org\\\/fr\\\/deux-jeunes-ressuscites-paques-2025\\\/#primaryimage\"},\"thumbnailUrl\":\"https:\\\/\\\/www.streetchildrenofkinshasa.org\\\/wp-content\\\/uploads\\\/2025\\\/05\\\/Image2.png\",\"datePublished\":\"2025-05-19T16:18:28+00:00\",\"dateModified\":\"2025-05-22T10:16:23+00:00\",\"description\":\"Deux jeunes peuvent repartir dans la Vie !\",\"breadcrumb\":{\"@id\":\"https:\\\/\\\/www.streetchildrenofkinshasa.org\\\/fr\\\/deux-jeunes-ressuscites-paques-2025\\\/#breadcrumb\"},\"inLanguage\":\"fr-BE\",\"potentialAction\":[{\"@type\":\"ReadAction\",\"target\":[\"https:\\\/\\\/www.streetchildrenofkinshasa.org\\\/fr\\\/deux-jeunes-ressuscites-paques-2025\\\/\"]}]},{\"@type\":\"ImageObject\",\"inLanguage\":\"fr-BE\",\"@id\":\"https:\\\/\\\/www.streetchildrenofkinshasa.org\\\/fr\\\/deux-jeunes-ressuscites-paques-2025\\\/#primaryimage\",\"url\":\"https:\\\/\\\/www.streetchildrenofkinshasa.org\\\/wp-content\\\/uploads\\\/2025\\\/05\\\/Image2.png\",\"contentUrl\":\"https:\\\/\\\/www.streetchildrenofkinshasa.org\\\/wp-content\\\/uploads\\\/2025\\\/05\\\/Image2.png\",\"width\":784,\"height\":1304},{\"@type\":\"BreadcrumbList\",\"@id\":\"https:\\\/\\\/www.streetchildrenofkinshasa.org\\\/fr\\\/deux-jeunes-ressuscites-paques-2025\\\/#breadcrumb\",\"itemListElement\":[{\"@type\":\"ListItem\",\"position\":1,\"name\":\"Home\",\"item\":\"https:\\\/\\\/www.streetchildrenofkinshasa.org\\\/fr\\\/\"},{\"@type\":\"ListItem\",\"position\":2,\"name\":\"DEUX JEUNES RESSUSCITES A P\u00c2QUES 2025 !\"}]},{\"@type\":\"WebSite\",\"@id\":\"https:\\\/\\\/www.streetchildrenofkinshasa.org\\\/fr\\\/#website\",\"url\":\"https:\\\/\\\/www.streetchildrenofkinshasa.org\\\/fr\\\/\",\"name\":\"Ndako Ya Biso - Enfants de Kinshasa\",\"description\":\"Donnons aux enfants des rues de Kinshasa un espoir et un avenir.\",\"publisher\":{\"@id\":\"https:\\\/\\\/www.streetchildrenofkinshasa.org\\\/fr\\\/#organization\"},\"potentialAction\":[{\"@type\":\"SearchAction\",\"target\":{\"@type\":\"EntryPoint\",\"urlTemplate\":\"https:\\\/\\\/www.streetchildrenofkinshasa.org\\\/fr\\\/?s={search_term_string}\"},\"query-input\":{\"@type\":\"PropertyValueSpecification\",\"valueRequired\":true,\"valueName\":\"search_term_string\"}}],\"inLanguage\":\"fr-BE\"},{\"@type\":\"Organization\",\"@id\":\"https:\\\/\\\/www.streetchildrenofkinshasa.org\\\/fr\\\/#organization\",\"name\":\"Communaut\u00e9 du Chemin Neuf\",\"url\":\"https:\\\/\\\/www.streetchildrenofkinshasa.org\\\/fr\\\/\",\"logo\":{\"@type\":\"ImageObject\",\"inLanguage\":\"fr-BE\",\"@id\":\"https:\\\/\\\/www.streetchildrenofkinshasa.org\\\/fr\\\/#\\\/schema\\\/logo\\\/image\\\/\",\"url\":\"https:\\\/\\\/www.streetchildrenofkinshasa.org\\\/wp-content\\\/uploads\\\/2022\\\/05\\\/logo-cte-couleur_evide.png\",\"contentUrl\":\"https:\\\/\\\/www.streetchildrenofkinshasa.org\\\/wp-content\\\/uploads\\\/2022\\\/05\\\/logo-cte-couleur_evide.png\",\"width\":1280,\"height\":736,\"caption\":\"Communaut\u00e9 du Chemin Neuf\"},\"image\":{\"@id\":\"https:\\\/\\\/www.streetchildrenofkinshasa.org\\\/fr\\\/#\\\/schema\\\/logo\\\/image\\\/\"},\"sameAs\":[\"https:\\\/\\\/www.facebook.com\\\/enfantsdelaruedekinshasa\\\/\",\"https:\\\/\\\/www.youtube.com\\\/channel\\\/UCIDv6Uc3gdp1RP_HrlK5VHw\"]},{\"@type\":\"Person\",\"@id\":\"https:\\\/\\\/www.streetchildrenofkinshasa.org\\\/fr\\\/#\\\/schema\\\/person\\\/a516a2618dd79acf99b1a9dc1b711320\",\"name\":\"Philippe Englebert\",\"image\":{\"@type\":\"ImageObject\",\"inLanguage\":\"fr-BE\",\"@id\":\"https:\\\/\\\/secure.gravatar.com\\\/avatar\\\/9595e9d9e03824ab1513eb2842d6919786ce3781a0dbeb9e5fdef68c988b09b8?s=96&d=mm&r=g\",\"url\":\"https:\\\/\\\/secure.gravatar.com\\\/avatar\\\/9595e9d9e03824ab1513eb2842d6919786ce3781a0dbeb9e5fdef68c988b09b8?s=96&d=mm&r=g\",\"contentUrl\":\"https:\\\/\\\/secure.gravatar.com\\\/avatar\\\/9595e9d9e03824ab1513eb2842d6919786ce3781a0dbeb9e5fdef68c988b09b8?s=96&d=mm&r=g\",\"caption\":\"Philippe Englebert\"}}]}<\/script>\n<!-- \/ Yoast SEO plugin. -->","yoast_head_json":{"title":"DEUX JEUNES RESSUSCITES A P\u00c2QUES 2025 ! -","description":"Deux jeunes peuvent repartir dans la Vie !","robots":{"index":"index","follow":"follow","max-snippet":"max-snippet:-1","max-image-preview":"max-image-preview:large","max-video-preview":"max-video-preview:-1"},"canonical":"https:\/\/www.streetchildrenofkinshasa.org\/fr\/deux-jeunes-ressuscites-paques-2025\/","og_locale":"fr_FR","og_type":"article","og_title":"DEUX JEUNES RESSUSCITES A P\u00c2QUES 2025 ! -","og_description":"Deux jeunes peuvent repartir dans la Vie !","og_url":"https:\/\/www.streetchildrenofkinshasa.org\/fr\/deux-jeunes-ressuscites-paques-2025\/","og_site_name":"Ndako Ya Biso - Enfants de Kinshasa","article_publisher":"https:\/\/www.facebook.com\/enfantsdelaruedekinshasa\/","article_published_time":"2025-05-19T16:18:28+00:00","article_modified_time":"2025-05-22T10:16:23+00:00","og_image":[{"width":784,"height":1304,"url":"https:\/\/www.streetchildrenofkinshasa.org\/wp-content\/uploads\/2025\/05\/Image2.png","type":"image\/png"}],"author":"Philippe Englebert","twitter_card":"summary_large_image","twitter_misc":{"\u00c9crit par":"Philippe Englebert","Dur\u00e9e de lecture est.":"4 minutes"},"schema":{"@context":"https:\/\/schema.org","@graph":[{"@type":"Article","@id":"https:\/\/www.streetchildrenofkinshasa.org\/fr\/deux-jeunes-ressuscites-paques-2025\/#article","isPartOf":{"@id":"https:\/\/www.streetchildrenofkinshasa.org\/fr\/deux-jeunes-ressuscites-paques-2025\/"},"author":{"name":"Philippe Englebert","@id":"https:\/\/www.streetchildrenofkinshasa.org\/fr\/#\/schema\/person\/a516a2618dd79acf99b1a9dc1b711320"},"headline":"DEUX JEUNES RESSUSCITES A P\u00c2QUES 2025 !","datePublished":"2025-05-19T16:18:28+00:00","dateModified":"2025-05-22T10:16:23+00:00","mainEntityOfPage":{"@id":"https:\/\/www.streetchildrenofkinshasa.org\/fr\/deux-jeunes-ressuscites-paques-2025\/"},"wordCount":507,"commentCount":0,"publisher":{"@id":"https:\/\/www.streetchildrenofkinshasa.org\/fr\/#organization"},"image":{"@id":"https:\/\/www.streetchildrenofkinshasa.org\/fr\/deux-jeunes-ressuscites-paques-2025\/#primaryimage"},"thumbnailUrl":"https:\/\/www.streetchildrenofkinshasa.org\/wp-content\/uploads\/2025\/05\/Image2.png","articleSection":["T\u00e9moignages"],"inLanguage":"fr-BE","potentialAction":[{"@type":"CommentAction","name":"Comment","target":["https:\/\/www.streetchildrenofkinshasa.org\/fr\/deux-jeunes-ressuscites-paques-2025\/#respond"]}]},{"@type":"WebPage","@id":"https:\/\/www.streetchildrenofkinshasa.org\/fr\/deux-jeunes-ressuscites-paques-2025\/","url":"https:\/\/www.streetchildrenofkinshasa.org\/fr\/deux-jeunes-ressuscites-paques-2025\/","name":"DEUX JEUNES RESSUSCITES A P\u00c2QUES 2025 ! -","isPartOf":{"@id":"https:\/\/www.streetchildrenofkinshasa.org\/fr\/#website"},"primaryImageOfPage":{"@id":"https:\/\/www.streetchildrenofkinshasa.org\/fr\/deux-jeunes-ressuscites-paques-2025\/#primaryimage"},"image":{"@id":"https:\/\/www.streetchildrenofkinshasa.org\/fr\/deux-jeunes-ressuscites-paques-2025\/#primaryimage"},"thumbnailUrl":"https:\/\/www.streetchildrenofkinshasa.org\/wp-content\/uploads\/2025\/05\/Image2.png","datePublished":"2025-05-19T16:18:28+00:00","dateModified":"2025-05-22T10:16:23+00:00","description":"Deux jeunes peuvent repartir dans la Vie !","breadcrumb":{"@id":"https:\/\/www.streetchildrenofkinshasa.org\/fr\/deux-jeunes-ressuscites-paques-2025\/#breadcrumb"},"inLanguage":"fr-BE","potentialAction":[{"@type":"ReadAction","target":["https:\/\/www.streetchildrenofkinshasa.org\/fr\/deux-jeunes-ressuscites-paques-2025\/"]}]},{"@type":"ImageObject","inLanguage":"fr-BE","@id":"https:\/\/www.streetchildrenofkinshasa.org\/fr\/deux-jeunes-ressuscites-paques-2025\/#primaryimage","url":"https:\/\/www.streetchildrenofkinshasa.org\/wp-content\/uploads\/2025\/05\/Image2.png","contentUrl":"https:\/\/www.streetchildrenofkinshasa.org\/wp-content\/uploads\/2025\/05\/Image2.png","width":784,"height":1304},{"@type":"BreadcrumbList","@id":"https:\/\/www.streetchildrenofkinshasa.org\/fr\/deux-jeunes-ressuscites-paques-2025\/#breadcrumb","itemListElement":[{"@type":"ListItem","position":1,"name":"Home","item":"https:\/\/www.streetchildrenofkinshasa.org\/fr\/"},{"@type":"ListItem","position":2,"name":"DEUX JEUNES RESSUSCITES A P\u00c2QUES 2025 !"}]},{"@type":"WebSite","@id":"https:\/\/www.streetchildrenofkinshasa.org\/fr\/#website","url":"https:\/\/www.streetchildrenofkinshasa.org\/fr\/","name":"Ndako Ya Biso - Enfants de Kinshasa","description":"Donnons aux enfants des rues de Kinshasa un espoir et un avenir.","publisher":{"@id":"https:\/\/www.streetchildrenofkinshasa.org\/fr\/#organization"},"potentialAction":[{"@type":"SearchAction","target":{"@type":"EntryPoint","urlTemplate":"https:\/\/www.streetchildrenofkinshasa.org\/fr\/?s={search_term_string}"},"query-input":{"@type":"PropertyValueSpecification","valueRequired":true,"valueName":"search_term_string"}}],"inLanguage":"fr-BE"},{"@type":"Organization","@id":"https:\/\/www.streetchildrenofkinshasa.org\/fr\/#organization","name":"Communaut\u00e9 du Chemin Neuf","url":"https:\/\/www.streetchildrenofkinshasa.org\/fr\/","logo":{"@type":"ImageObject","inLanguage":"fr-BE","@id":"https:\/\/www.streetchildrenofkinshasa.org\/fr\/#\/schema\/logo\/image\/","url":"https:\/\/www.streetchildrenofkinshasa.org\/wp-content\/uploads\/2022\/05\/logo-cte-couleur_evide.png","contentUrl":"https:\/\/www.streetchildrenofkinshasa.org\/wp-content\/uploads\/2022\/05\/logo-cte-couleur_evide.png","width":1280,"height":736,"caption":"Communaut\u00e9 du Chemin Neuf"},"image":{"@id":"https:\/\/www.streetchildrenofkinshasa.org\/fr\/#\/schema\/logo\/image\/"},"sameAs":["https:\/\/www.facebook.com\/enfantsdelaruedekinshasa\/","https:\/\/www.youtube.com\/channel\/UCIDv6Uc3gdp1RP_HrlK5VHw"]},{"@type":"Person","@id":"https:\/\/www.streetchildrenofkinshasa.org\/fr\/#\/schema\/person\/a516a2618dd79acf99b1a9dc1b711320","name":"Philippe Englebert","image":{"@type":"ImageObject","inLanguage":"fr-BE","@id":"https:\/\/secure.gravatar.com\/avatar\/9595e9d9e03824ab1513eb2842d6919786ce3781a0dbeb9e5fdef68c988b09b8?s=96&d=mm&r=g","url":"https:\/\/secure.gravatar.com\/avatar\/9595e9d9e03824ab1513eb2842d6919786ce3781a0dbeb9e5fdef68c988b09b8?s=96&d=mm&r=g","contentUrl":"https:\/\/secure.gravatar.com\/avatar\/9595e9d9e03824ab1513eb2842d6919786ce3781a0dbeb9e5fdef68c988b09b8?s=96&d=mm&r=g","caption":"Philippe Englebert"}}]}},"_links":{"self":[{"href":"https:\/\/www.streetchildrenofkinshasa.org\/fr\/wp-json\/wp\/v2\/posts\/45628","targetHints":{"allow":["GET"]}}],"collection":[{"href":"https:\/\/www.streetchildrenofkinshasa.org\/fr\/wp-json\/wp\/v2\/posts"}],"about":[{"href":"https:\/\/www.streetchildrenofkinshasa.org\/fr\/wp-json\/wp\/v2\/types\/post"}],"author":[{"embeddable":true,"href":"https:\/\/www.streetchildrenofkinshasa.org\/fr\/wp-json\/wp\/v2\/users\/13"}],"replies":[{"embeddable":true,"href":"https:\/\/www.streetchildrenofkinshasa.org\/fr\/wp-json\/wp\/v2\/comments?post=45628"}],"version-history":[{"count":7,"href":"https:\/\/www.streetchildrenofkinshasa.org\/fr\/wp-json\/wp\/v2\/posts\/45628\/revisions"}],"predecessor-version":[{"id":45683,"href":"https:\/\/www.streetchildrenofkinshasa.org\/fr\/wp-json\/wp\/v2\/posts\/45628\/revisions\/45683"}],"wp:featuredmedia":[{"embeddable":true,"href":"https:\/\/www.streetchildrenofkinshasa.org\/fr\/wp-json\/wp\/v2\/media\/45666"}],"wp:attachment":[{"href":"https:\/\/www.streetchildrenofkinshasa.org\/fr\/wp-json\/wp\/v2\/media?parent=45628"}],"wp:term":[{"taxonomy":"category","embeddable":true,"href":"https:\/\/www.streetchildrenofkinshasa.org\/fr\/wp-json\/wp\/v2\/categories?post=45628"},{"taxonomy":"post_tag","embeddable":true,"href":"https:\/\/www.streetchildrenofkinshasa.org\/fr\/wp-json\/wp\/v2\/tags?post=45628"}],"curies":[{"name":"wp","href":"https:\/\/api.w.org\/{rel}","templated":true}]}}