{"id":35138,"date":"2023-04-04T17:05:42","date_gmt":"2023-04-04T15:05:42","guid":{"rendered":"https:\/\/www.streetchildrenofkinshasa.org\/?p=35138"},"modified":"2023-04-04T17:05:44","modified_gmt":"2023-04-04T15:05:44","slug":"journee-internationale-de-la-femme-2023","status":"publish","type":"post","link":"https:\/\/www.streetchildrenofkinshasa.org\/fr\/journee-internationale-de-la-femme-2023\/","title":{"rendered":"<strong><em><u>Journ\u00e9e internationale de la femme 2023<\/u><\/em><\/strong>"},"content":{"rendered":"\n<div class=\"wp-block-columns is-layout-flex wp-container-core-columns-is-layout-9d6595d7 wp-block-columns-is-layout-flex\">\n<div class=\"wp-block-column is-layout-flow wp-block-column-is-layout-flow\" style=\"flex-basis:100%\">\n<pre class=\"wp-block-verse has-large-font-size\"><strong>Autonomisation des filles ayant connu une situation de rue : l\u2019ASBL LBM pose les jalons !<\/strong>\n\nFilles de la rue d\u2019hier, femmes autonomes et entrepreneuses de demain ! Tel est le v\u0153u de Ndako Ya Biso par son ASBL Lisango mpo ya Bokolisi Mboka (LBM). L\u2019occasion faisant le larron, l\u2019ASBL a saisi la c\u00e9l\u00e9bration de la journ\u00e9e internationale des droits de la femme pour sensibiliser les filles \u00e0 leur autonomisation. Trois moments de sensibilisation ont \u00e9t\u00e9 organis\u00e9s : pour les filles en situation de rue (6 \u00e0 14 ans), pour les grandes filles en situation de rue (18 \u00e0 30 ans) et pour les jeunes filles ayant connu la rue et  actuellement accompagn\u00e9es dans l\u2019entreprenariat. \n<\/pre>\n<\/div>\n<\/div>\n\n\n\n<div class=\"wp-block-columns is-layout-flex wp-container-core-columns-is-layout-9d6595d7 wp-block-columns-is-layout-flex\">\n<div class=\"wp-block-column is-layout-flow wp-block-column-is-layout-flow\" style=\"flex-basis:33.33%\">\n<div class=\"wp-block-columns is-style-restricted-width is-layout-flex wp-container-core-columns-is-layout-9d6595d7 wp-block-columns-is-layout-flex\">\n<div class=\"wp-block-column is-layout-flow wp-block-column-is-layout-flow\" style=\"flex-basis:100%\">\n<figure class=\"wp-block-image size-full\"><img loading=\"lazy\" decoding=\"async\" width=\"456\" height=\"812\" src=\"https:\/\/www.streetchildrenofkinshasa.org\/wp-content\/uploads\/2023\/04\/Image3.jpg\" alt=\"\" class=\"wp-image-35147\" srcset=\"https:\/\/www.streetchildrenofkinshasa.org\/wp-content\/uploads\/2023\/04\/Image3.jpg 456w, https:\/\/www.streetchildrenofkinshasa.org\/wp-content\/uploads\/2023\/04\/Image3-168x300.jpg 168w\" sizes=\"auto, (max-width: 456px) 100vw, 456px\" \/><\/figure>\n<\/div>\n<\/div>\n<\/div>\n\n\n\n<div class=\"wp-block-column is-layout-flow wp-block-column-is-layout-flow\" style=\"flex-basis:66.66%\">\n<ol class=\"wp-block-list\">\n<li><strong>FEMME VENANT DE LA RUE ET ENTREPRENEURE, EST-CE POSSIBLE&nbsp;?<\/strong><\/li>\n<\/ol>\n\n\n\n<p><strong>Rapport du WE des jeunes femmes venant de la rue accompagn\u00e9es en insertion professionnelle organis\u00e9e du 4 au 5 Mars 2023, \u00e0 Menkao.<\/strong><\/p>\n\n\n\n<p>En marge de la journ\u00e9e internationale des droits de la femme, un week-end a \u00e9t\u00e9 organis\u00e9 du 4 au 5 mars 2023, \u00e0 l&rsquo;intention exclusivement des jeunes filles de la maison d&rsquo;insertion socio-professionnelle des jeunes, NDAKO YA ELIKYA. En effet, nous avons constat\u00e9 un d\u00e9ficit de connaissances en mati\u00e8re de sexualit\u00e9 des filles entrepreneures, d\u00e9ficit qui s&rsquo;est manifest\u00e9 par de nombreuses grossesses non d\u00e9sir\u00e9es.<\/p>\n\n\n\n<p>Cette situation conduit souvent ces jeunes femmes \u00e0 laisser tomber leur petite entreprise, au moment m\u00eame o\u00f9 elles sont en train de se mettre sur le march\u00e9, et la faillite s\u2019en suit souvent.<\/p>\n\n\n\n<p>Nous avons invit\u00e9 Madame EMILIE LINONO, une infirmi\u00e8re exp\u00e9riment\u00e9e dans l&rsquo;accompagnement des jeunes, qui s&rsquo;est jointe \u00e0 notre \u00e9quipe d&rsquo;insertion professionnelle. Madame Liliane MATUMONA, responsable de la coupe et couture au CFP Saint Joseph \u00e9tait des n\u00f4tres \u00e9galement.<\/p>\n<\/div>\n<\/div>\n\n\n\n<p><\/p>\n\n\n\n<div class=\"wp-block-columns are-vertically-aligned-center is-style-default is-layout-flex wp-container-core-columns-is-layout-9d6595d7 wp-block-columns-is-layout-flex\">\n<div class=\"wp-block-column is-layout-flow wp-block-column-is-layout-flow\" style=\"flex-basis:33.33%\">\n<figure class=\"wp-block-image size-full\"><img loading=\"lazy\" decoding=\"async\" width=\"456\" height=\"812\" src=\"https:\/\/www.streetchildrenofkinshasa.org\/wp-content\/uploads\/2023\/04\/Image2.jpg\" alt=\"\" class=\"wp-image-35144\" srcset=\"https:\/\/www.streetchildrenofkinshasa.org\/wp-content\/uploads\/2023\/04\/Image2.jpg 456w, https:\/\/www.streetchildrenofkinshasa.org\/wp-content\/uploads\/2023\/04\/Image2-168x300.jpg 168w\" sizes=\"auto, (max-width: 456px) 100vw, 456px\" \/><\/figure>\n<\/div>\n\n\n\n<div class=\"wp-block-column is-layout-flow wp-block-column-is-layout-flow\" style=\"flex-basis:66.66%\">\n<p>Sur les 30 jeunes filles r\u00e9guli\u00e8rement suivies par la maison de l\u2019insertion, seulement 16 ont r\u00e9pondu \u00e0 l&rsquo;invitation. Certaines autres avaient des commandes de robes, li\u00e9es \u00e0 la journ\u00e9e de la femme du 08 Mars et d&rsquo;autres encore \u00e9taient retenues chez elles pour des raisons de rumeurs d&rsquo;ins\u00e9curit\u00e9 dans la r\u00e9gion de MENKAO. Au niveau de l&rsquo;\u00e9quipe nous avons compris que notre communication avec elles devait \u00eatre renforc\u00e9e et nous pensons ouvrir un groupe whatsapp pour elles.<\/p>\n\n\n\n<p>Arriv\u00e9es dans ce lieu calme de Menkao, loin des bruits de la ville, les filles \u00e9taient heureuses de se retrouver dans un endroit paisible et d\u00e9tendant. Nous leur avons expliqu\u00e9 les objectifs et le calendrier du WE puis nous avons pris ensemble le repas du soir et avons partag\u00e9 la pri\u00e8re.<\/p>\n\n\n\n<p>Apr\u00e8s une bonne nuit de repos paisible, les filles ont \u00e9t\u00e9 heureuses de partager ensemble leur petit d\u00e9jeuner. Ensuite nous avons suivi un expos\u00e9 sur la vie sexuelle anim\u00e9 par Mme EMILIE, une s\u00e9ance tr\u00e8s mouvement\u00e9e par de nombreuses questions \u00e9tal\u00e9es au grand jour et qui ont prouv\u00e9 leur m\u00e9connaissance sur le sujet. Cela a permis aux jeunes de partager en petits groupes sur leurs peurs dans leurs relations avec les gar\u00e7ons et les dispositions qu&rsquo;elles comptent prendre pour sauver leurs entreprises.<\/p>\n<\/div>\n<\/div>\n\n\n\n<div class=\"wp-block-columns is-layout-flex wp-container-core-columns-is-layout-9d6595d7 wp-block-columns-is-layout-flex\">\n<div class=\"wp-block-column is-layout-flow wp-block-column-is-layout-flow\" style=\"flex-basis:100%\">\n<div class=\"wp-block-columns are-vertically-aligned-center is-style-default is-layout-flex wp-container-core-columns-is-layout-9d6595d7 wp-block-columns-is-layout-flex\">\n<div class=\"wp-block-column is-vertically-aligned-center is-layout-flow wp-block-column-is-layout-flow\">\n<p><\/p>\n\n\n\n<div class=\"wp-block-columns is-layout-flex wp-container-core-columns-is-layout-9d6595d7 wp-block-columns-is-layout-flex\">\n<div class=\"wp-block-column is-layout-flow wp-block-column-is-layout-flow\" style=\"flex-basis:66.66%\">\n<div class=\"wp-block-columns is-layout-flex wp-container-core-columns-is-layout-9d6595d7 wp-block-columns-is-layout-flex\">\n<div class=\"wp-block-column is-layout-flow wp-block-column-is-layout-flow\">\n<p>Il ressort des groupes de partage que les filles ont souvent peur d&rsquo;\u00eatre rejet\u00e9es par les gar\u00e7ons si elles r\u00e9sistent \u00e0 leurs demandes. Elles se laissent faire sans savoir comment prendre leurs pr\u00e9cautions. Mais elles ont peur d\u2019une grossesse en se donnant aux gar\u00e7ons. Elles ont aussi peur de leurs familles qui ne voient pas de bon \u0153il leurs relations avec des gar\u00e7ons.<\/p>\n\n\n\n<p>Concernant les dispositions \u00e0 prendre pour sauver leurs entreprises, elles ont propos\u00e9 de faire la part des choses entre les affaires et l&rsquo;amour. C\u2019est-\u00e0-dire \u00eatre professionnelle pendant et sur le lieu de travail et mettre en pratique les diff\u00e9rentes m\u00e9thodes de contraception pour \u00e9viter les grossesses non d\u00e9sir\u00e9es. Beaucoup ont parl\u00e9 de la joie de d\u00e9couvrir des m\u00e9thodes contraceptives qu\u2019elles ignoraient en se connaissant davantage.<\/p>\n\n\n\n<p>Dimanche, nous avons partag\u00e9 ensemble une c\u00e9l\u00e9bration ax\u00e9e sur l\u2019\u00e9vangile des Talents, mettant l\u2018accent sur celui que chacune a re\u00e7u du Seigneur. Chacune est invit\u00e9e \u00e0 le mettre en valeur, avec toute sa force et sa dignit\u00e9 retrouv\u00e9e.<\/p>\n\n\n\n<p>A la fin du week-end, les filles \u00e9taient tr\u00e8s satisfaites : c&rsquo;est un sujet qu&rsquo;elles n&rsquo;ont jamais d\u00e9battu avec une sp\u00e9cialiste. Celle-ci n&rsquo;a \u00e9vit\u00e9 aucune question. Les filles \u00e9taient contentes de la qualit\u00e9 du lieu, des intervenants, des repas. Elles ont particip\u00e9 activement aux diff\u00e9rentes activit\u00e9s et services.<\/p>\n\n\n\n<p><strong>Roger Abbeba, Educateur<\/strong><\/p>\n<\/div>\n<\/div>\n<\/div>\n\n\n\n<div class=\"wp-block-column is-layout-flow wp-block-column-is-layout-flow\" style=\"flex-basis:33.33%\">\n<figure class=\"wp-block-image size-full\"><img loading=\"lazy\" decoding=\"async\" width=\"456\" height=\"810\" src=\"https:\/\/www.streetchildrenofkinshasa.org\/wp-content\/uploads\/2023\/04\/Image1.jpg\" alt=\"\" class=\"wp-image-35141\" srcset=\"https:\/\/www.streetchildrenofkinshasa.org\/wp-content\/uploads\/2023\/04\/Image1.jpg 456w, https:\/\/www.streetchildrenofkinshasa.org\/wp-content\/uploads\/2023\/04\/Image1-169x300.jpg 169w\" sizes=\"auto, (max-width: 456px) 100vw, 456px\" \/><\/figure>\n<\/div>\n<\/div>\n\n\n\n<p><\/p>\n\n\n\n<p>2. <strong>Autonomiser la femme tout en gardant sa dignit\u00e9&nbsp;!<\/strong><\/p>\n\n\n\n<p>Dans la matin\u00e9e du 8 mars 2023, 58 grandes filles (18 \u00e0 30 ans) accompagn\u00e9es par la maison d\u2019\u00e9coute des grands jeunes se sont retrouv\u00e9es dans la salle paroissiale de Sainte Christine pour la c\u00e9l\u00e9bration de la journ\u00e9e internationale des droits de la femme. La rencontre \u00e9tait anim\u00e9e par madame St\u00e9phanie Mbelu, Psychologvue flying de Louvain Coop\u00e9ration. L\u2019autonomisation de la femme, a-t-elle expliqu\u00e9, est d\u00e9finie comme l&rsquo;\u00e9largissement de la capacit\u00e9 d&rsquo;une personne \u00e0 op\u00e9rer des choix de vie strat\u00e9giques -sachant que cette capacit\u00e9 lui a \u00e9t\u00e9 refus\u00e9e ant\u00e9rieurement-.<\/p>\n\n\n\n<div class=\"wp-block-columns is-layout-flex wp-container-core-columns-is-layout-9d6595d7 wp-block-columns-is-layout-flex\">\n<div class=\"wp-block-column is-layout-flow wp-block-column-is-layout-flow\">\n<figure class=\"wp-block-image size-full\"><img loading=\"lazy\" decoding=\"async\" width=\"605\" height=\"256\" src=\"https:\/\/www.streetchildrenofkinshasa.org\/wp-content\/uploads\/2023\/04\/Image4-recadree-1.jpg\" alt=\"\" class=\"wp-image-35153\" srcset=\"https:\/\/www.streetchildrenofkinshasa.org\/wp-content\/uploads\/2023\/04\/Image4-recadree-1.jpg 605w, https:\/\/www.streetchildrenofkinshasa.org\/wp-content\/uploads\/2023\/04\/Image4-recadree-1-300x127.jpg 300w\" sizes=\"auto, (max-width: 605px) 100vw, 605px\" \/><\/figure>\n<\/div>\n<\/div>\n\n\n\n<p>L&rsquo;intervenante a aid\u00e9 les jeunes \u00e0 comprendre ce que signifie \u00ab\u00a0se prendre en charge\u00a0\u00bb par une pi\u00e8ce th\u00e9\u00e2trale ex\u00e9cut\u00e9e par les jeunes elles-m\u00eames. L\u2019objectif \u00e9tait de les amener \u00e0 \u00e9tablir la diff\u00e9rence entre la vie en famille quand les parents sont ou ne sont pas en mesure de prendre en charge leur prog\u00e9niture.<\/p>\n\n\n\n<p>Apr\u00e8s cette pi\u00e8ce th\u00e9\u00e2trale, 4 groupes de r\u00e9flexion ont \u00e9t\u00e9 form\u00e9s. Chaque groupe devait r\u00e9pondre \u00e0 trois questions pos\u00e9es par l&rsquo;intervenante :<\/p>\n\n\n\n<p>&nbsp;1- Nommer votre groupe de r\u00e9flexion.<\/p>\n\n\n\n<p>&nbsp;2-L&rsquo;autonomisation de la femme est- elle possible ?<\/p>\n\n\n\n<p>3- Comment la femme peut \u00eatre autonome ?<\/p>\n\n\n\n<p>Ces trois questions ont aid\u00e9 les jeunes \u00e0 comprendre qu&rsquo;elles ont une valeur et qu\u2019elles sont capables de devenir autonome.<\/p>\n\n\n\n<p>Voici les r\u00e9ponses de chaque groupe&nbsp;:<\/p>\n\n\n\n<ul class=\"wp-block-list\">\n<li><strong>Groupe 1 \u00ab&nbsp;sauver la femme&nbsp;\u00bb&nbsp;:&nbsp; &nbsp;<\/strong>L\u2019autonomisation de la femme est possible. Elle doit travailler, faire une formation dans un domaine pr\u00e9cis. Elle peut aussi vendre quelque chose et garder sa dignit\u00e9 tout en se respectant.<\/li>\n\n\n\n<li><strong>Groupe 2 \u00ab&nbsp;Basi ya lokumu&nbsp;\u00bb (femme de valeur)&nbsp;: U<\/strong>ne femme est capable de se prendre en charge \u00e0 travers son travail. Elle peut devenir journaliste, polici\u00e8re, danseuse, vendre et faire des voyages dans le monde entier.<\/li>\n\n\n\n<li><strong>Groupe 3 \u00ab&nbsp;Maman ya Dubai&nbsp;\u00bb (femmes d&rsquo;affaires)&nbsp;: <\/strong>L\u2019autonomisation en devenant commer\u00e7ante, en voyageant pour gagner la vie, en devenant femme de m\u00e9nage. Elle est capable de faire une formation&nbsp; pour pouvoir se prendre en charge, louer une maison et surtout, valoriser son travail.<\/li>\n\n\n\n<li><strong>Groupe 4 Mwasi ya Makasi (femme forte)&nbsp;: <\/strong>Une femme forte doit montrer ses talents. Elle doit se faire respecter \u00e0 travers son comportement, son habillement et sa fa\u00e7on de parler. Elle doit \u00e9tudier pour devenir autonome.<\/li>\n<\/ul>\n\n\n\n<p>Et apr\u00e8s la r\u00e9flexion en groupe, la deuxi\u00e8me partie de la pi\u00e8ce montrait comment la vie devient simple et belle quand on a une source de revenu ind\u00e9pendante.<\/p>\n\n\n\n<p>L&rsquo;intervenante du jour a estim\u00e9 qu\u2019elles avaient de belles id\u00e9es mais que c\u2019\u00e9tait la d\u00e9termination qui manque. <strong>\u00ab&nbsp;Il est temps de prendre les choses au s\u00e9rieux et avec conscience&nbsp;\u00bb<\/strong>, a indiqu\u00e9 la Psychologue.<\/p>\n\n\n\n<p>Pour finir, elle les a invit\u00e9es \u00e0 \u00e9num\u00e9rer les activit\u00e9s qui valorisent une femme et celles qui la d\u00e9valorisent. Voici les r\u00e9ponses de jeunes\u00a0:<\/p>\n\n\n\n<ul class=\"wp-block-list\">\n<li>Valorisation : la coupe et couture, l&rsquo;esth\u00e9tique, journalisme, \u00e9ducateur, professeur, &#8230;<\/li>\n\n\n\n<li>D\u00e9valorisation : la prostitution, la mendicit\u00e9, le vol,\u2026<\/li>\n<\/ul>\n\n\n\n<p><em>\u00ab&nbsp;La femme gardera sa dignit\u00e9 tout en restant elle-m\u00eame c\u2019est-\u00e0-dire, faire quelque chose ou un travail qui est de sa comp\u00e9tence pour son autonomisation. Si la femme arrive \u00e0 se prendre en charge, elle ne perdra pas sa dignit\u00e9. Elle doit aussi oublier son pass\u00e9 qui l\u2019accable et pr\u00e9parer le futur<\/em>&nbsp;\u00bb, a indiqu\u00e9 l\u2019intervenante du jour avant de lancer un vibrant appel aux grandes jeunes de la rue&nbsp;<strong>: \u00ab&nbsp;<em>Femme, r\u00e9veille-toi pour donner le meilleur toi-m\u00eame&nbsp;!&nbsp;\u00bb.<\/em><\/strong><\/p>\n\n\n\n<p>Apr\u00e8s l&rsquo;intervention de Me St\u00e9phanie, la jeune Ruth Munzangu, une ancienne de la rue devenue autonome gr\u00e2ce \u00e0 son travail, a donn\u00e9 son t\u00e9moignage. Ruth a v\u00e9cu dans une famille pauvre et elle \u00e9tait oblig\u00e9e de se prostituer pour la survie de sa petite famille. Elle a deux enfants et deux autres de sa d\u00e9funte s\u0153ur, \u00e0 sa charge. Elle a b\u00e9n\u00e9fici\u00e9 de l\u2019accompagnement psychosocial de la part de la maison d\u2019\u00e9coute de Ndako Ya Biso et a effectu\u00e9 une formation en coupe et couture. Aujourd&rsquo;hui, elle est responsable d\u2019un atelier et fait des ventes ambulantes de robes \u00e0 Mariano.<\/p>\n\n\n\n<p><strong>Bibiane Kabena, Educatrice sociale<\/strong><\/p>\n\n\n\n<p><\/p>\n\n\n\n<p>3. <strong><em>S\u2019investir pour l\u2019autonomisation des filles en situation de rue&nbsp;!<\/em><\/strong><\/p>\n\n\n\n<p>Les filles en situation de rue dont l\u2019\u00e2ge varie entre 6 et 14 ans h\u00e9berg\u00e9es au centre Ndako Ya Biso Filles ont \u00e9t\u00e9 sensibilis\u00e9es, \u00e0 leur tour, sur leurs droits \u00e0 travers une causerie \u00e9ducative.<\/p>\n\n\n\n<p>Mercredi 08 mars 2023. D\u00e8s 13h30, la cour du centre d\u2019h\u00e9bergement des filles \u00e9tait bien am\u00e9nag\u00e9e pour accueillir cette causerie \u00e9ducative sp\u00e9ciale, car plac\u00e9e sous le signe du Gender. Sous le manguier du centre, \u00e9ducatrices, \u00e9ducateurs et filles se sont donn\u00e9 rendez-vous pour \u00e9changer sur la question de droits des femmes.&nbsp;<\/p>\n\n\n\n<p>\u00ab <em>Dans le temps, les femmes ont lutt\u00e9 pour obtenir les droits. Aujourd\u2019hui, notre g\u00e9n\u00e9ration en b\u00e9n\u00e9ficie. Nous devons nous aussi nous engager pour plus de droits en commen\u00e7ant par le plus basique, celui d\u2019avoir une famille \u00bb.<\/em> C\u2019est en ces termes que la journ\u00e9e a \u00e9t\u00e9 introduite par l\u2019administratrice de l\u2019ASBL LBM.<\/p>\n\n\n\n<p>A travers une pi\u00e8ce de th\u00e9\u00e2tre, les filles h\u00e9berg\u00e9es au centre Ndako Ya Biso ont montr\u00e9 le bien-fond\u00e9 d\u2019accorder les m\u00eames chances aux filles qu\u2019aux gar\u00e7ons dans leur \u00e9ducation et leur formation. Elles ont fustig\u00e9 la discrimination des filles dans les familles et milieu scolaire et, encourag\u00e9 les adultes \u00e0 s\u2019investir pour l\u2019autonomisation des filles surtout celles en situation de rue.<\/p>\n\n\n\n<p><\/p>\n\n\n\n<div class=\"wp-block-columns is-layout-flex wp-container-core-columns-is-layout-9d6595d7 wp-block-columns-is-layout-flex\">\n<div class=\"wp-block-column is-layout-flow wp-block-column-is-layout-flow\" style=\"flex-basis:33.33%\">\n<figure class=\"wp-block-image size-full\"><img loading=\"lazy\" decoding=\"async\" width=\"378\" height=\"283\" src=\"https:\/\/www.streetchildrenofkinshasa.org\/wp-content\/uploads\/2023\/04\/Image5.jpg\" alt=\"\" class=\"wp-image-35156\" srcset=\"https:\/\/www.streetchildrenofkinshasa.org\/wp-content\/uploads\/2023\/04\/Image5.jpg 378w, https:\/\/www.streetchildrenofkinshasa.org\/wp-content\/uploads\/2023\/04\/Image5-300x225.jpg 300w\" sizes=\"auto, (max-width: 378px) 100vw, 378px\" \/><\/figure>\n<\/div>\n\n\n\n<div class=\"wp-block-column is-layout-flow wp-block-column-is-layout-flow\" style=\"flex-basis:66.66%\">\n<p>Prenant la parole \u00e0 tour de r\u00f4le, les \u00e9ducatrices ont encourag\u00e9 les filles \u00e0 s\u2019int\u00e9resser aux \u00e9tudes et \u00e0 l\u2019\u00e9volution de la technologie. Les filles, femmes de demain, doivent se former pour se distinguer dans la soci\u00e9t\u00e9. <strong>\u00ab\u00a0<em>On peut \u00eatre femme de m\u00e9nage ou bureaucrate ou encore commer\u00e7ante, entrepreneuse. Ce qui importe, c\u2019est ce qu\u2019on a dans la t\u00eate\u00a0et ce qu\u2019on peut en faire pour transformer notre milieu de vie<\/em>\u00a0\u00bb.<\/strong>\u00a0La vie, a soulign\u00e9 une \u00e9ducatrice, est une page vierge et, chacune doit \u00e9crire son histoire, faire de dessins et formes qui lui donne de la valeur. \u00ab\u00a0<em>Le 8 mars reste une journ\u00e9e de c\u00e9l\u00e9bration mais aussi de relecture des efforts consentis pour y arriver et d\u2019engagement pour la poursuite de la lutte contre la discrimination des femmes\u00a0\u00bb, <\/em>a rench\u00e9ri le Directeur financier de l\u2019ASBL qui a marqu\u00e9 de sa pr\u00e9sence cette journ\u00e9e.\u00a0<\/p>\n\n\n\n<p>Encourag\u00e9es par les adultes, les filles se sont engag\u00e9es \u00e0 prendre-\u00e0-bras-le corps cette lutte en quittant la rue pour reconstruire leur vie. Pour leur part, les \u00e9ducatrices et \u00e9ducateurs ont r\u00e9affirm\u00e9 leur volont\u00e9 d\u2019assurer un accompagnement psychosocial de qualit\u00e9 pour la r\u00e9insertion sociale de ces filles.<\/p>\n<\/div>\n<\/div>\n\n\n\n<p>La causerie \u00e9ducative s\u2019est cl\u00f4tur\u00e9e dans une belle ambiance. Le repas appr\u00eat\u00e9 par les cuisini\u00e8res a \u00e9t\u00e9 servi par quelques hommes de l\u2019association venus honorer la gent f\u00e9minine.&nbsp;!<\/p>\n\n\n\n<p><strong>Laetitia Mbuyi, Administratrice LBM<\/strong><\/p>\n\n\n\n<div class=\"wp-block-columns is-layout-flex wp-container-core-columns-is-layout-9d6595d7 wp-block-columns-is-layout-flex\">\n<div class=\"wp-block-column is-layout-flow wp-block-column-is-layout-flow\">\n<p><\/p>\n<\/div>\n<\/div>\n\n\n\n<div class=\"wp-block-columns is-layout-flex wp-container-core-columns-is-layout-9d6595d7 wp-block-columns-is-layout-flex\">\n<div class=\"wp-block-column is-layout-flow wp-block-column-is-layout-flow\" style=\"flex-basis:66.66%\">\n<p><\/p>\n<\/div>\n<\/div>\n\n\n\n<div class=\"wp-block-columns is-layout-flex wp-container-core-columns-is-layout-9d6595d7 wp-block-columns-is-layout-flex\">\n<div class=\"wp-block-column is-layout-flow wp-block-column-is-layout-flow\">\n<div class=\"wp-block-columns is-layout-flex wp-container-core-columns-is-layout-9d6595d7 wp-block-columns-is-layout-flex\">\n<div class=\"wp-block-column is-layout-flow wp-block-column-is-layout-flow\">\n<p><\/p>\n<\/div>\n<\/div>\n\n\n\n<p><\/p>\n<\/div>\n<\/div>\n\n\n\n<p><\/p>\n<\/div>\n<\/div>\n<\/div>\n<\/div>\n\n\n\n<p><\/p>\n\n\n\n<div class=\"wp-block-columns is-layout-flex wp-container-core-columns-is-layout-9d6595d7 wp-block-columns-is-layout-flex\">\n<div class=\"wp-block-column is-layout-flow wp-block-column-is-layout-flow\" style=\"flex-basis:100%\">\n<p><\/p>\n\n\n\n<p><\/p>\n\n\n\n<p><\/p>\n\n\n\n<p><\/p>\n\n\n\n<p> <\/p>\n<\/div>\n<\/div>\n\n\n\n<div class=\"wp-block-columns is-layout-flex wp-container-core-columns-is-layout-9d6595d7 wp-block-columns-is-layout-flex\">\n<div class=\"wp-block-column is-layout-flow wp-block-column-is-layout-flow\" style=\"flex-basis:100%\">\n<p><\/p>\n<\/div>\n<\/div>\n\n\n\n<div class=\"wp-block-columns is-layout-flex wp-container-core-columns-is-layout-9d6595d7 wp-block-columns-is-layout-flex\">\n<div class=\"wp-block-column is-layout-flow wp-block-column-is-layout-flow\" style=\"flex-basis:100%\">\n<p><\/p>\n<\/div>\n\n\n\n<div class=\"wp-block-column is-layout-flow wp-block-column-is-layout-flow\" style=\"flex-basis:100%\">\n<p><\/p>\n<\/div>\n<\/div>\n\n\n\n<div class=\"wp-block-columns is-layout-flex wp-container-core-columns-is-layout-9d6595d7 wp-block-columns-is-layout-flex\">\n<div class=\"wp-block-column is-layout-flow wp-block-column-is-layout-flow\" style=\"flex-basis:100%\">\n<p><\/p>\n<\/div>\n<\/div>\n\n\n\n<div class=\"wp-block-columns is-layout-flex wp-container-core-columns-is-layout-9d6595d7 wp-block-columns-is-layout-flex\">\n<div class=\"wp-block-column is-layout-flow wp-block-column-is-layout-flow\" style=\"flex-basis:100%\">\n<p><\/p>\n<\/div>\n<\/div>\n\n\n\n<div class=\"wp-block-columns is-layout-flex wp-container-core-columns-is-layout-9d6595d7 wp-block-columns-is-layout-flex\">\n<div class=\"wp-block-column is-layout-flow wp-block-column-is-layout-flow\" style=\"flex-basis:100%\">\n<p><\/p>\n<\/div>\n<\/div>\n\n\n\n<div class=\"wp-block-columns is-layout-flex wp-container-core-columns-is-layout-9d6595d7 wp-block-columns-is-layout-flex\">\n<div class=\"wp-block-column is-layout-flow wp-block-column-is-layout-flow\" style=\"flex-basis:100%\">\n<div class=\"wp-block-columns is-layout-flex wp-container-core-columns-is-layout-9d6595d7 wp-block-columns-is-layout-flex\">\n<div class=\"wp-block-column is-layout-flow wp-block-column-is-layout-flow\" style=\"flex-basis:100%\">\n<p><\/p>\n<\/div>\n<\/div>\n<\/div>\n<\/div>\n\n\n\n<div class=\"wp-block-columns is-layout-flex wp-container-core-columns-is-layout-9d6595d7 wp-block-columns-is-layout-flex\">\n<div class=\"wp-block-column is-layout-flow wp-block-column-is-layout-flow\" style=\"flex-basis:100%\">\n<p><\/p>\n<\/div>\n<\/div>\n\n\n\n<div class=\"wp-block-columns is-layout-flex wp-container-core-columns-is-layout-9d6595d7 wp-block-columns-is-layout-flex\">\n<div class=\"wp-block-column is-layout-flow wp-block-column-is-layout-flow\" style=\"flex-basis:100%\">\n<p><\/p>\n<\/div>\n<\/div>\n\n\n\n<div class=\"wp-block-columns is-layout-flex wp-container-core-columns-is-layout-9d6595d7 wp-block-columns-is-layout-flex\">\n<div class=\"wp-block-column is-layout-flow wp-block-column-is-layout-flow\" style=\"flex-basis:100%\">\n<p><\/p>\n\n\n\n<p><\/p>\n<\/div>\n<\/div>\n\n\n\n<div class=\"wp-block-columns is-layout-flex wp-container-core-columns-is-layout-9d6595d7 wp-block-columns-is-layout-flex\">\n<div class=\"wp-block-column is-layout-flow wp-block-column-is-layout-flow\" style=\"flex-basis:100%\">\n<p><\/p>\n<\/div>\n<\/div>\n\n\n\n<div class=\"wp-block-columns is-layout-flex wp-container-core-columns-is-layout-9d6595d7 wp-block-columns-is-layout-flex\">\n<div class=\"wp-block-column is-layout-flow wp-block-column-is-layout-flow\" style=\"flex-basis:100%\">\n<p><\/p>\n<\/div>\n<\/div>\n\n\n\n<div class=\"wp-block-columns is-layout-flex wp-container-core-columns-is-layout-9d6595d7 wp-block-columns-is-layout-flex\">\n<div class=\"wp-block-column is-layout-flow wp-block-column-is-layout-flow\" style=\"flex-basis:100%\">\n<p><\/p>\n<\/div>\n<\/div>\n\n\n\n<div class=\"wp-block-columns is-layout-flex wp-container-core-columns-is-layout-9d6595d7 wp-block-columns-is-layout-flex\">\n<div class=\"wp-block-column is-layout-flow wp-block-column-is-layout-flow\" style=\"flex-basis:100%\">\n<p><\/p>\n<\/div>\n<\/div>\n\n\n\n<div class=\"wp-block-columns is-layout-flex wp-container-core-columns-is-layout-9d6595d7 wp-block-columns-is-layout-flex\">\n<div class=\"wp-block-column is-layout-flow wp-block-column-is-layout-flow\" style=\"flex-basis:100%\">\n<p><\/p>\n<\/div>\n<\/div>\n\n\n\n<div class=\"wp-block-columns is-layout-flex wp-container-core-columns-is-layout-9d6595d7 wp-block-columns-is-layout-flex\">\n<div class=\"wp-block-column is-layout-flow wp-block-column-is-layout-flow\" style=\"flex-basis:100%\">\n<p><\/p>\n<\/div>\n<\/div>\n\n\n\n<div class=\"wp-block-columns is-layout-flex wp-container-core-columns-is-layout-9d6595d7 wp-block-columns-is-layout-flex\">\n<div class=\"wp-block-column is-layout-flow wp-block-column-is-layout-flow\" style=\"flex-basis:100%\">\n<p><\/p>\n<\/div>\n<\/div>\n\n\n\n<div class=\"wp-block-columns is-layout-flex wp-container-core-columns-is-layout-9d6595d7 wp-block-columns-is-layout-flex\">\n<div class=\"wp-block-column is-layout-flow wp-block-column-is-layout-flow\" style=\"flex-basis:100%\">\n<p><\/p>\n<\/div>\n\n\n\n<div class=\"wp-block-column is-layout-flow wp-block-column-is-layout-flow\" style=\"flex-basis:100%\">\n<p><\/p>\n<\/div>\n<\/div>\n\n\n\n<p><\/p>\n\n\n\n<p><\/p>\n","protected":false},"excerpt":{"rendered":"<p>Filles de la rue d\u2019hier, femmes autonomes et entrepreneuses de demain ! Tel est le v\u0153u de Ndako Ya Biso par son ASBL Lisango mpo ya Bokolisi Mboka (LBM). L\u2019occasion faisant le larron, l\u2019ASBL a saisi la c\u00e9l\u00e9bration de la journ\u00e9e internationale des droits de la femme pour sensibiliser les filles \u00e0 leur autonomisation. <\/p>\n","protected":false},"author":13,"featured_media":35153,"comment_status":"open","ping_status":"open","sticky":false,"template":"","format":"standard","meta":{"_acf_changed":false,"footnotes":""},"categories":[1],"tags":[],"class_list":["post-35138","post","type-post","status-publish","format-standard","has-post-thumbnail","hentry","category-coup-doeil-sur-lactualite"],"acf":[],"yoast_head":"<!-- This site is optimized with the Yoast SEO plugin v27.5 - https:\/\/yoast.com\/product\/yoast-seo-wordpress\/ -->\n<title>Journ\u00e9e internationale de la femme 2023 - % %<\/title>\n<meta name=\"description\" content=\"Filles de la rue d\u2019hier, femmes autonomes et entrepreneuses de demain ! Tel est le v\u0153u de Ndako Ya Biso par son ASBL Lisango mpo ya Bokolisi Mboka (LBM). L\u2019occasion faisant le larron, l\u2019ASBL a saisi la c\u00e9l\u00e9bration de la journ\u00e9e internationale des droits de la femme pour sensibiliser les filles \u00e0 leur autonomisation.\" \/>\n<meta name=\"robots\" content=\"index, follow, max-snippet:-1, max-image-preview:large, max-video-preview:-1\" \/>\n<link rel=\"canonical\" href=\"https:\/\/www.streetchildrenofkinshasa.org\/fr\/journee-internationale-de-la-femme-2023\/\" \/>\n<meta property=\"og:locale\" content=\"fr_FR\" \/>\n<meta property=\"og:type\" content=\"article\" \/>\n<meta property=\"og:title\" content=\"Journ\u00e9e internationale de la femme 2023 - % %\" \/>\n<meta property=\"og:description\" content=\"Filles de la rue d\u2019hier, femmes autonomes et entrepreneuses de demain ! Tel est le v\u0153u de Ndako Ya Biso par son ASBL Lisango mpo ya Bokolisi Mboka (LBM). L\u2019occasion faisant le larron, l\u2019ASBL a saisi la c\u00e9l\u00e9bration de la journ\u00e9e internationale des droits de la femme pour sensibiliser les filles \u00e0 leur autonomisation.\" \/>\n<meta property=\"og:url\" content=\"https:\/\/www.streetchildrenofkinshasa.org\/fr\/journee-internationale-de-la-femme-2023\/\" \/>\n<meta property=\"og:site_name\" content=\"Ndako Ya Biso - Enfants de Kinshasa\" \/>\n<meta property=\"article:publisher\" content=\"https:\/\/www.facebook.com\/enfantsdelaruedekinshasa\/\" \/>\n<meta property=\"article:published_time\" content=\"2023-04-04T15:05:42+00:00\" \/>\n<meta property=\"article:modified_time\" content=\"2023-04-04T15:05:44+00:00\" \/>\n<meta property=\"og:image\" content=\"https:\/\/www.streetchildrenofkinshasa.org\/wp-content\/uploads\/2023\/04\/Image4-recadree-1.jpg\" \/>\n\t<meta property=\"og:image:width\" content=\"605\" \/>\n\t<meta property=\"og:image:height\" content=\"256\" \/>\n\t<meta property=\"og:image:type\" content=\"image\/jpeg\" \/>\n<meta name=\"author\" content=\"Philippe Englebert\" \/>\n<meta name=\"twitter:card\" content=\"summary_large_image\" \/>\n<meta name=\"twitter:label1\" content=\"\u00c9crit par\" \/>\n\t<meta name=\"twitter:data1\" content=\"Philippe Englebert\" \/>\n\t<meta name=\"twitter:label2\" content=\"Dur\u00e9e de lecture est.\" \/>\n\t<meta name=\"twitter:data2\" content=\"11 minutes\" \/>\n<script type=\"application\/ld+json\" class=\"yoast-schema-graph\">{\"@context\":\"https:\\\/\\\/schema.org\",\"@graph\":[{\"@type\":\"Article\",\"@id\":\"https:\\\/\\\/www.streetchildrenofkinshasa.org\\\/fr\\\/journee-internationale-de-la-femme-2023\\\/#article\",\"isPartOf\":{\"@id\":\"https:\\\/\\\/www.streetchildrenofkinshasa.org\\\/fr\\\/journee-internationale-de-la-femme-2023\\\/\"},\"author\":{\"name\":\"Philippe Englebert\",\"@id\":\"https:\\\/\\\/www.streetchildrenofkinshasa.org\\\/fr\\\/#\\\/schema\\\/person\\\/a516a2618dd79acf99b1a9dc1b711320\"},\"headline\":\"Journ\u00e9e internationale de la femme 2023\",\"datePublished\":\"2023-04-04T15:05:42+00:00\",\"dateModified\":\"2023-04-04T15:05:44+00:00\",\"mainEntityOfPage\":{\"@id\":\"https:\\\/\\\/www.streetchildrenofkinshasa.org\\\/fr\\\/journee-internationale-de-la-femme-2023\\\/\"},\"wordCount\":1887,\"commentCount\":0,\"publisher\":{\"@id\":\"https:\\\/\\\/www.streetchildrenofkinshasa.org\\\/fr\\\/#organization\"},\"image\":{\"@id\":\"https:\\\/\\\/www.streetchildrenofkinshasa.org\\\/fr\\\/journee-internationale-de-la-femme-2023\\\/#primaryimage\"},\"thumbnailUrl\":\"https:\\\/\\\/www.streetchildrenofkinshasa.org\\\/wp-content\\\/uploads\\\/2023\\\/04\\\/Image4-recadree-1.jpg\",\"articleSection\":[\"Coup d'\u0153il sur l'actualit\u00e9\"],\"inLanguage\":\"fr-BE\",\"potentialAction\":[{\"@type\":\"CommentAction\",\"name\":\"Comment\",\"target\":[\"https:\\\/\\\/www.streetchildrenofkinshasa.org\\\/fr\\\/journee-internationale-de-la-femme-2023\\\/#respond\"]}]},{\"@type\":\"WebPage\",\"@id\":\"https:\\\/\\\/www.streetchildrenofkinshasa.org\\\/fr\\\/journee-internationale-de-la-femme-2023\\\/\",\"url\":\"https:\\\/\\\/www.streetchildrenofkinshasa.org\\\/fr\\\/journee-internationale-de-la-femme-2023\\\/\",\"name\":\"Journ\u00e9e internationale de la femme 2023 - % %\",\"isPartOf\":{\"@id\":\"https:\\\/\\\/www.streetchildrenofkinshasa.org\\\/fr\\\/#website\"},\"primaryImageOfPage\":{\"@id\":\"https:\\\/\\\/www.streetchildrenofkinshasa.org\\\/fr\\\/journee-internationale-de-la-femme-2023\\\/#primaryimage\"},\"image\":{\"@id\":\"https:\\\/\\\/www.streetchildrenofkinshasa.org\\\/fr\\\/journee-internationale-de-la-femme-2023\\\/#primaryimage\"},\"thumbnailUrl\":\"https:\\\/\\\/www.streetchildrenofkinshasa.org\\\/wp-content\\\/uploads\\\/2023\\\/04\\\/Image4-recadree-1.jpg\",\"datePublished\":\"2023-04-04T15:05:42+00:00\",\"dateModified\":\"2023-04-04T15:05:44+00:00\",\"description\":\"Filles de la rue d\u2019hier, femmes autonomes et entrepreneuses de demain ! Tel est le v\u0153u de Ndako Ya Biso par son ASBL Lisango mpo ya Bokolisi Mboka (LBM). L\u2019occasion faisant le larron, l\u2019ASBL a saisi la c\u00e9l\u00e9bration de la journ\u00e9e internationale des droits de la femme pour sensibiliser les filles \u00e0 leur autonomisation.\",\"breadcrumb\":{\"@id\":\"https:\\\/\\\/www.streetchildrenofkinshasa.org\\\/fr\\\/journee-internationale-de-la-femme-2023\\\/#breadcrumb\"},\"inLanguage\":\"fr-BE\",\"potentialAction\":[{\"@type\":\"ReadAction\",\"target\":[\"https:\\\/\\\/www.streetchildrenofkinshasa.org\\\/fr\\\/journee-internationale-de-la-femme-2023\\\/\"]}]},{\"@type\":\"ImageObject\",\"inLanguage\":\"fr-BE\",\"@id\":\"https:\\\/\\\/www.streetchildrenofkinshasa.org\\\/fr\\\/journee-internationale-de-la-femme-2023\\\/#primaryimage\",\"url\":\"https:\\\/\\\/www.streetchildrenofkinshasa.org\\\/wp-content\\\/uploads\\\/2023\\\/04\\\/Image4-recadree-1.jpg\",\"contentUrl\":\"https:\\\/\\\/www.streetchildrenofkinshasa.org\\\/wp-content\\\/uploads\\\/2023\\\/04\\\/Image4-recadree-1.jpg\",\"width\":605,\"height\":256},{\"@type\":\"BreadcrumbList\",\"@id\":\"https:\\\/\\\/www.streetchildrenofkinshasa.org\\\/fr\\\/journee-internationale-de-la-femme-2023\\\/#breadcrumb\",\"itemListElement\":[{\"@type\":\"ListItem\",\"position\":1,\"name\":\"Home\",\"item\":\"https:\\\/\\\/www.streetchildrenofkinshasa.org\\\/fr\\\/\"},{\"@type\":\"ListItem\",\"position\":2,\"name\":\"Journ\u00e9e internationale de la femme 2023\"}]},{\"@type\":\"WebSite\",\"@id\":\"https:\\\/\\\/www.streetchildrenofkinshasa.org\\\/fr\\\/#website\",\"url\":\"https:\\\/\\\/www.streetchildrenofkinshasa.org\\\/fr\\\/\",\"name\":\"Ndako Ya Biso - Enfants de Kinshasa\",\"description\":\"Donnons aux enfants des rues de Kinshasa un espoir et un avenir.\",\"publisher\":{\"@id\":\"https:\\\/\\\/www.streetchildrenofkinshasa.org\\\/fr\\\/#organization\"},\"potentialAction\":[{\"@type\":\"SearchAction\",\"target\":{\"@type\":\"EntryPoint\",\"urlTemplate\":\"https:\\\/\\\/www.streetchildrenofkinshasa.org\\\/fr\\\/?s={search_term_string}\"},\"query-input\":{\"@type\":\"PropertyValueSpecification\",\"valueRequired\":true,\"valueName\":\"search_term_string\"}}],\"inLanguage\":\"fr-BE\"},{\"@type\":\"Organization\",\"@id\":\"https:\\\/\\\/www.streetchildrenofkinshasa.org\\\/fr\\\/#organization\",\"name\":\"Communaut\u00e9 du Chemin Neuf\",\"url\":\"https:\\\/\\\/www.streetchildrenofkinshasa.org\\\/fr\\\/\",\"logo\":{\"@type\":\"ImageObject\",\"inLanguage\":\"fr-BE\",\"@id\":\"https:\\\/\\\/www.streetchildrenofkinshasa.org\\\/fr\\\/#\\\/schema\\\/logo\\\/image\\\/\",\"url\":\"https:\\\/\\\/www.streetchildrenofkinshasa.org\\\/wp-content\\\/uploads\\\/2022\\\/05\\\/logo-cte-couleur_evide.png\",\"contentUrl\":\"https:\\\/\\\/www.streetchildrenofkinshasa.org\\\/wp-content\\\/uploads\\\/2022\\\/05\\\/logo-cte-couleur_evide.png\",\"width\":1280,\"height\":736,\"caption\":\"Communaut\u00e9 du Chemin Neuf\"},\"image\":{\"@id\":\"https:\\\/\\\/www.streetchildrenofkinshasa.org\\\/fr\\\/#\\\/schema\\\/logo\\\/image\\\/\"},\"sameAs\":[\"https:\\\/\\\/www.facebook.com\\\/enfantsdelaruedekinshasa\\\/\",\"https:\\\/\\\/www.youtube.com\\\/channel\\\/UCIDv6Uc3gdp1RP_HrlK5VHw\"]},{\"@type\":\"Person\",\"@id\":\"https:\\\/\\\/www.streetchildrenofkinshasa.org\\\/fr\\\/#\\\/schema\\\/person\\\/a516a2618dd79acf99b1a9dc1b711320\",\"name\":\"Philippe Englebert\",\"image\":{\"@type\":\"ImageObject\",\"inLanguage\":\"fr-BE\",\"@id\":\"https:\\\/\\\/secure.gravatar.com\\\/avatar\\\/9595e9d9e03824ab1513eb2842d6919786ce3781a0dbeb9e5fdef68c988b09b8?s=96&d=mm&r=g\",\"url\":\"https:\\\/\\\/secure.gravatar.com\\\/avatar\\\/9595e9d9e03824ab1513eb2842d6919786ce3781a0dbeb9e5fdef68c988b09b8?s=96&d=mm&r=g\",\"contentUrl\":\"https:\\\/\\\/secure.gravatar.com\\\/avatar\\\/9595e9d9e03824ab1513eb2842d6919786ce3781a0dbeb9e5fdef68c988b09b8?s=96&d=mm&r=g\",\"caption\":\"Philippe Englebert\"}}]}<\/script>\n<!-- \/ Yoast SEO plugin. -->","yoast_head_json":{"title":"Journ\u00e9e internationale de la femme 2023 - % %","description":"Filles de la rue d\u2019hier, femmes autonomes et entrepreneuses de demain ! Tel est le v\u0153u de Ndako Ya Biso par son ASBL Lisango mpo ya Bokolisi Mboka (LBM). L\u2019occasion faisant le larron, l\u2019ASBL a saisi la c\u00e9l\u00e9bration de la journ\u00e9e internationale des droits de la femme pour sensibiliser les filles \u00e0 leur autonomisation.","robots":{"index":"index","follow":"follow","max-snippet":"max-snippet:-1","max-image-preview":"max-image-preview:large","max-video-preview":"max-video-preview:-1"},"canonical":"https:\/\/www.streetchildrenofkinshasa.org\/fr\/journee-internationale-de-la-femme-2023\/","og_locale":"fr_FR","og_type":"article","og_title":"Journ\u00e9e internationale de la femme 2023 - % %","og_description":"Filles de la rue d\u2019hier, femmes autonomes et entrepreneuses de demain ! Tel est le v\u0153u de Ndako Ya Biso par son ASBL Lisango mpo ya Bokolisi Mboka (LBM). L\u2019occasion faisant le larron, l\u2019ASBL a saisi la c\u00e9l\u00e9bration de la journ\u00e9e internationale des droits de la femme pour sensibiliser les filles \u00e0 leur autonomisation.","og_url":"https:\/\/www.streetchildrenofkinshasa.org\/fr\/journee-internationale-de-la-femme-2023\/","og_site_name":"Ndako Ya Biso - Enfants de Kinshasa","article_publisher":"https:\/\/www.facebook.com\/enfantsdelaruedekinshasa\/","article_published_time":"2023-04-04T15:05:42+00:00","article_modified_time":"2023-04-04T15:05:44+00:00","og_image":[{"width":605,"height":256,"url":"https:\/\/www.streetchildrenofkinshasa.org\/wp-content\/uploads\/2023\/04\/Image4-recadree-1.jpg","type":"image\/jpeg"}],"author":"Philippe Englebert","twitter_card":"summary_large_image","twitter_misc":{"\u00c9crit par":"Philippe Englebert","Dur\u00e9e de lecture est.":"11 minutes"},"schema":{"@context":"https:\/\/schema.org","@graph":[{"@type":"Article","@id":"https:\/\/www.streetchildrenofkinshasa.org\/fr\/journee-internationale-de-la-femme-2023\/#article","isPartOf":{"@id":"https:\/\/www.streetchildrenofkinshasa.org\/fr\/journee-internationale-de-la-femme-2023\/"},"author":{"name":"Philippe Englebert","@id":"https:\/\/www.streetchildrenofkinshasa.org\/fr\/#\/schema\/person\/a516a2618dd79acf99b1a9dc1b711320"},"headline":"Journ\u00e9e internationale de la femme 2023","datePublished":"2023-04-04T15:05:42+00:00","dateModified":"2023-04-04T15:05:44+00:00","mainEntityOfPage":{"@id":"https:\/\/www.streetchildrenofkinshasa.org\/fr\/journee-internationale-de-la-femme-2023\/"},"wordCount":1887,"commentCount":0,"publisher":{"@id":"https:\/\/www.streetchildrenofkinshasa.org\/fr\/#organization"},"image":{"@id":"https:\/\/www.streetchildrenofkinshasa.org\/fr\/journee-internationale-de-la-femme-2023\/#primaryimage"},"thumbnailUrl":"https:\/\/www.streetchildrenofkinshasa.org\/wp-content\/uploads\/2023\/04\/Image4-recadree-1.jpg","articleSection":["Coup d'\u0153il sur l'actualit\u00e9"],"inLanguage":"fr-BE","potentialAction":[{"@type":"CommentAction","name":"Comment","target":["https:\/\/www.streetchildrenofkinshasa.org\/fr\/journee-internationale-de-la-femme-2023\/#respond"]}]},{"@type":"WebPage","@id":"https:\/\/www.streetchildrenofkinshasa.org\/fr\/journee-internationale-de-la-femme-2023\/","url":"https:\/\/www.streetchildrenofkinshasa.org\/fr\/journee-internationale-de-la-femme-2023\/","name":"Journ\u00e9e internationale de la femme 2023 - % %","isPartOf":{"@id":"https:\/\/www.streetchildrenofkinshasa.org\/fr\/#website"},"primaryImageOfPage":{"@id":"https:\/\/www.streetchildrenofkinshasa.org\/fr\/journee-internationale-de-la-femme-2023\/#primaryimage"},"image":{"@id":"https:\/\/www.streetchildrenofkinshasa.org\/fr\/journee-internationale-de-la-femme-2023\/#primaryimage"},"thumbnailUrl":"https:\/\/www.streetchildrenofkinshasa.org\/wp-content\/uploads\/2023\/04\/Image4-recadree-1.jpg","datePublished":"2023-04-04T15:05:42+00:00","dateModified":"2023-04-04T15:05:44+00:00","description":"Filles de la rue d\u2019hier, femmes autonomes et entrepreneuses de demain ! Tel est le v\u0153u de Ndako Ya Biso par son ASBL Lisango mpo ya Bokolisi Mboka (LBM). L\u2019occasion faisant le larron, l\u2019ASBL a saisi la c\u00e9l\u00e9bration de la journ\u00e9e internationale des droits de la femme pour sensibiliser les filles \u00e0 leur autonomisation.","breadcrumb":{"@id":"https:\/\/www.streetchildrenofkinshasa.org\/fr\/journee-internationale-de-la-femme-2023\/#breadcrumb"},"inLanguage":"fr-BE","potentialAction":[{"@type":"ReadAction","target":["https:\/\/www.streetchildrenofkinshasa.org\/fr\/journee-internationale-de-la-femme-2023\/"]}]},{"@type":"ImageObject","inLanguage":"fr-BE","@id":"https:\/\/www.streetchildrenofkinshasa.org\/fr\/journee-internationale-de-la-femme-2023\/#primaryimage","url":"https:\/\/www.streetchildrenofkinshasa.org\/wp-content\/uploads\/2023\/04\/Image4-recadree-1.jpg","contentUrl":"https:\/\/www.streetchildrenofkinshasa.org\/wp-content\/uploads\/2023\/04\/Image4-recadree-1.jpg","width":605,"height":256},{"@type":"BreadcrumbList","@id":"https:\/\/www.streetchildrenofkinshasa.org\/fr\/journee-internationale-de-la-femme-2023\/#breadcrumb","itemListElement":[{"@type":"ListItem","position":1,"name":"Home","item":"https:\/\/www.streetchildrenofkinshasa.org\/fr\/"},{"@type":"ListItem","position":2,"name":"Journ\u00e9e internationale de la femme 2023"}]},{"@type":"WebSite","@id":"https:\/\/www.streetchildrenofkinshasa.org\/fr\/#website","url":"https:\/\/www.streetchildrenofkinshasa.org\/fr\/","name":"Ndako Ya Biso - Enfants de Kinshasa","description":"Donnons aux enfants des rues de Kinshasa un espoir et un avenir.","publisher":{"@id":"https:\/\/www.streetchildrenofkinshasa.org\/fr\/#organization"},"potentialAction":[{"@type":"SearchAction","target":{"@type":"EntryPoint","urlTemplate":"https:\/\/www.streetchildrenofkinshasa.org\/fr\/?s={search_term_string}"},"query-input":{"@type":"PropertyValueSpecification","valueRequired":true,"valueName":"search_term_string"}}],"inLanguage":"fr-BE"},{"@type":"Organization","@id":"https:\/\/www.streetchildrenofkinshasa.org\/fr\/#organization","name":"Communaut\u00e9 du Chemin Neuf","url":"https:\/\/www.streetchildrenofkinshasa.org\/fr\/","logo":{"@type":"ImageObject","inLanguage":"fr-BE","@id":"https:\/\/www.streetchildrenofkinshasa.org\/fr\/#\/schema\/logo\/image\/","url":"https:\/\/www.streetchildrenofkinshasa.org\/wp-content\/uploads\/2022\/05\/logo-cte-couleur_evide.png","contentUrl":"https:\/\/www.streetchildrenofkinshasa.org\/wp-content\/uploads\/2022\/05\/logo-cte-couleur_evide.png","width":1280,"height":736,"caption":"Communaut\u00e9 du Chemin Neuf"},"image":{"@id":"https:\/\/www.streetchildrenofkinshasa.org\/fr\/#\/schema\/logo\/image\/"},"sameAs":["https:\/\/www.facebook.com\/enfantsdelaruedekinshasa\/","https:\/\/www.youtube.com\/channel\/UCIDv6Uc3gdp1RP_HrlK5VHw"]},{"@type":"Person","@id":"https:\/\/www.streetchildrenofkinshasa.org\/fr\/#\/schema\/person\/a516a2618dd79acf99b1a9dc1b711320","name":"Philippe Englebert","image":{"@type":"ImageObject","inLanguage":"fr-BE","@id":"https:\/\/secure.gravatar.com\/avatar\/9595e9d9e03824ab1513eb2842d6919786ce3781a0dbeb9e5fdef68c988b09b8?s=96&d=mm&r=g","url":"https:\/\/secure.gravatar.com\/avatar\/9595e9d9e03824ab1513eb2842d6919786ce3781a0dbeb9e5fdef68c988b09b8?s=96&d=mm&r=g","contentUrl":"https:\/\/secure.gravatar.com\/avatar\/9595e9d9e03824ab1513eb2842d6919786ce3781a0dbeb9e5fdef68c988b09b8?s=96&d=mm&r=g","caption":"Philippe Englebert"}}]}},"_links":{"self":[{"href":"https:\/\/www.streetchildrenofkinshasa.org\/fr\/wp-json\/wp\/v2\/posts\/35138","targetHints":{"allow":["GET"]}}],"collection":[{"href":"https:\/\/www.streetchildrenofkinshasa.org\/fr\/wp-json\/wp\/v2\/posts"}],"about":[{"href":"https:\/\/www.streetchildrenofkinshasa.org\/fr\/wp-json\/wp\/v2\/types\/post"}],"author":[{"embeddable":true,"href":"https:\/\/www.streetchildrenofkinshasa.org\/fr\/wp-json\/wp\/v2\/users\/13"}],"replies":[{"embeddable":true,"href":"https:\/\/www.streetchildrenofkinshasa.org\/fr\/wp-json\/wp\/v2\/comments?post=35138"}],"version-history":[{"count":7,"href":"https:\/\/www.streetchildrenofkinshasa.org\/fr\/wp-json\/wp\/v2\/posts\/35138\/revisions"}],"predecessor-version":[{"id":35180,"href":"https:\/\/www.streetchildrenofkinshasa.org\/fr\/wp-json\/wp\/v2\/posts\/35138\/revisions\/35180"}],"wp:featuredmedia":[{"embeddable":true,"href":"https:\/\/www.streetchildrenofkinshasa.org\/fr\/wp-json\/wp\/v2\/media\/35153"}],"wp:attachment":[{"href":"https:\/\/www.streetchildrenofkinshasa.org\/fr\/wp-json\/wp\/v2\/media?parent=35138"}],"wp:term":[{"taxonomy":"category","embeddable":true,"href":"https:\/\/www.streetchildrenofkinshasa.org\/fr\/wp-json\/wp\/v2\/categories?post=35138"},{"taxonomy":"post_tag","embeddable":true,"href":"https:\/\/www.streetchildrenofkinshasa.org\/fr\/wp-json\/wp\/v2\/tags?post=35138"}],"curies":[{"name":"wp","href":"https:\/\/api.w.org\/{rel}","templated":true}]}}