{"id":34772,"date":"2023-03-29T18:39:32","date_gmt":"2023-03-29T16:39:32","guid":{"rendered":"https:\/\/www.streetchildrenofkinshasa.org\/?p=34772"},"modified":"2023-03-29T18:40:23","modified_gmt":"2023-03-29T16:40:23","slug":"mon-enfant-de-lannee","status":"publish","type":"post","link":"https:\/\/www.streetchildrenofkinshasa.org\/fr\/mon-enfant-de-lannee\/","title":{"rendered":"<strong>MON ENFANT DE L\u2019ANNEE<\/strong>"},"content":{"rendered":"\n<div class=\"wp-block-columns is-layout-flex wp-container-core-columns-is-layout-9d6595d7 wp-block-columns-is-layout-flex\">\n<div class=\"wp-block-column is-layout-flow wp-block-column-is-layout-flow\" style=\"flex-basis:100%\">\n<pre class=\"wp-block-verse has-large-font-size\">Les 20 enfants qui ont le plus interpell\u00e9 les \u00e9ducateurs de Ndako ya Biso, au cours de l\u2019ann\u00e9e 2022<\/pre>\n<\/div>\n<\/div>\n\n\n\n<div class=\"wp-block-columns is-layout-flex wp-container-core-columns-is-layout-9d6595d7 wp-block-columns-is-layout-flex\">\n<div class=\"wp-block-column is-layout-flow wp-block-column-is-layout-flow\" style=\"flex-basis:33.33%\">\n<div class=\"wp-block-columns is-style-restricted-width is-layout-flex wp-container-core-columns-is-layout-9d6595d7 wp-block-columns-is-layout-flex\">\n<div class=\"wp-block-column is-layout-flow wp-block-column-is-layout-flow\" style=\"flex-basis:100%\">\n<figure class=\"wp-block-image size-full\"><img loading=\"lazy\" decoding=\"async\" width=\"254\" height=\"303\" src=\"https:\/\/www.streetchildrenofkinshasa.org\/wp-content\/uploads\/2023\/03\/Image5.jpg\" alt=\"\" class=\"wp-image-34775\" srcset=\"https:\/\/www.streetchildrenofkinshasa.org\/wp-content\/uploads\/2023\/03\/Image5.jpg 254w, https:\/\/www.streetchildrenofkinshasa.org\/wp-content\/uploads\/2023\/03\/Image5-251x300.jpg 251w\" sizes=\"auto, (max-width: 254px) 100vw, 254px\" \/><\/figure>\n<\/div>\n<\/div>\n\n\n\n<div class=\"wp-block-columns is-layout-flex wp-container-core-columns-is-layout-9d6595d7 wp-block-columns-is-layout-flex\">\n<div class=\"wp-block-column is-layout-flow wp-block-column-is-layout-flow\" style=\"flex-basis:33.33%\"><\/div>\n\n\n\n<div class=\"wp-block-column is-layout-flow wp-block-column-is-layout-flow\" style=\"flex-basis:66.66%\"><\/div>\n<\/div>\n<\/div>\n\n\n\n<div class=\"wp-block-column is-layout-flow wp-block-column-is-layout-flow\" style=\"flex-basis:66.66%\">\n<p><strong>1) Kapinga<\/strong> est une fille \u00e2g\u00e9e de 6 ans, orpheline de m\u00e8re. Nous l&rsquo;avons accueillie au centre gr\u00e2ce \u00e0 un de nos \u00e9ducateurs. Elle vivait au village et apr\u00e8s le d\u00e9c\u00e8s de sa m\u00e8re, son p\u00e8re se d\u00e9cida de venir \u00e0 Kinshasa pour essayer de gagner sa vie.<strong> <\/strong><\/p>\n\n\n\n<p>Install\u00e9s \u00e0 Kinshasa, son p\u00e8re un jour est parti faire des achats, et Kapinga l\u2019a suivi. Il lui a demand\u00e9 de rentrer \u00e0 la maison. Mais le chef du quartier de Rond-point Ngaba appela un des \u00e9ducateurs de NYB pour r\u00e9cup\u00e9rer la fille.<\/p>\n\n\n\n<p>Arriv\u00e9e au centre, apr\u00e8s l&rsquo;\u00e9coute de toute son histoire, nous avons entam\u00e9 les enqu\u00eates sur terrain pour trouver la famille. Vu que la fille ne connaissait pas son adresse, mais nous n\u2019avons rien trouv\u00e9. Nous avons alors pr\u00e9sent\u00e9 KAPINGA \u00e0 la t\u00e9l\u00e9vision. Nous avons re\u00e7u un coup de t\u00e9l\u00e9phone et son p\u00e8re est venu tout heureux retrouver sa fille&nbsp; alors qu\u2019il la croyait d\u00e9c\u00e9d\u00e9e.<\/p>\n\n\n\n<p>Pour le moment, la fille est r\u00e9unifi\u00e9e dans sa famille, elle a commenc\u00e9 ses \u00e9tudes en 1\u00b0ann\u00e9e primaire. L&rsquo;\u00e9ducateur continue \u00e0 faire le suivi de la fille.<\/p>\n\n\n\n<p>La disparition de l&rsquo;enfant avait cr\u00e9\u00e9 des probl\u00e8mes entre les familles maternelles et paternelles. La famille maternelle traitait le papa de Kapinga de sorcier parce qu\u2019il aurait appel\u00e9 KAPINGA \u00e0 Kinshasa pour la \u00ab&nbsp;manger&nbsp;\u00bb, comme il l\u2019avait fait avec sa m\u00e8re. <\/p>\n\n\n\n<p><\/p>\n\n\n\n<p><strong>S\u00e9raphine Eyenga Nyatondo, \u00e9ducatric<\/strong><\/p>\n\n\n\n<div class=\"wp-block-columns is-layout-flex wp-container-core-columns-is-layout-9d6595d7 wp-block-columns-is-layout-flex\">\n<div class=\"wp-block-column is-layout-flow wp-block-column-is-layout-flow\" style=\"flex-basis:66.66%\"><\/div>\n\n\n\n<div class=\"wp-block-column is-layout-flow wp-block-column-is-layout-flow\" style=\"flex-basis:33.33%\"><\/div>\n<\/div>\n\n\n\n<div class=\"wp-block-columns is-layout-flex wp-container-core-columns-is-layout-9d6595d7 wp-block-columns-is-layout-flex\">\n<div class=\"wp-block-column is-layout-flow wp-block-column-is-layout-flow\" style=\"flex-basis:33.33%\"><\/div>\n\n\n\n<div class=\"wp-block-column is-layout-flow wp-block-column-is-layout-flow\" style=\"flex-basis:66.66%\"><\/div>\n<\/div>\n<\/div>\n<\/div>\n\n\n\n<div class=\"wp-block-columns are-vertically-aligned-center is-style-default is-layout-flex wp-container-core-columns-is-layout-9d6595d7 wp-block-columns-is-layout-flex\">\n<div class=\"wp-block-column is-layout-flow wp-block-column-is-layout-flow\" style=\"flex-basis:33.33%\">\n<figure class=\"wp-block-image size-full\"><img loading=\"lazy\" decoding=\"async\" width=\"226\" height=\"302\" src=\"https:\/\/www.streetchildrenofkinshasa.org\/wp-content\/uploads\/2023\/03\/Image6.jpg\" alt=\"\" class=\"wp-image-34778\" srcset=\"https:\/\/www.streetchildrenofkinshasa.org\/wp-content\/uploads\/2023\/03\/Image6.jpg 226w, https:\/\/www.streetchildrenofkinshasa.org\/wp-content\/uploads\/2023\/03\/Image6-225x300.jpg 225w\" sizes=\"auto, (max-width: 226px) 100vw, 226px\" \/><\/figure>\n<\/div>\n\n\n\n<div class=\"wp-block-column is-layout-flow wp-block-column-is-layout-flow\" style=\"flex-basis:66.66%\">\n<p><strong>&nbsp;2)Huberto D.,<\/strong> commun\u00e9ment appel\u00e9 Josu\u00e9 D., est l\u2019ain\u00e9 des enfants de sa m\u00e8re. N\u00e9 \u00e0 Kinshasa en 2006 dans une fratrie de deux enfants dont un gar\u00e7on et une fille. Les parents ont divorc\u00e9 suite \u00e0 des conflits persistants. Apr\u00e8s le&nbsp;divorce, Huberto est parti avec son p\u00e8re, et sa s\u0153ur avec sa m\u00e8re. Il a connu des probl\u00e8mes avec ses tantes qui l\u2019accusaient d\u2019\u00eatre le sorcier qui avait \u00ab&nbsp;mang\u00e9&nbsp;\u00bb sa grand-m\u00e8re. Ils prirent la d\u00e9cision de le laisser dans la famille de sa m\u00e8re qui a refus\u00e9 de l&rsquo;accueillir, la maman \u00e9tant partie en Europe. Ne voyant o\u00f9 aller, Huberto a commenc\u00e9 \u00e0 passer la nuit dans la rue jusqu\u2019\u00e0 ce qu\u2019il rencontre le centre qu\u2019il a commenc\u00e9 \u00e0 fr\u00e9quenter.<\/p>\n\n\n\n<p>Nous l\u2019avons suivi au centre pendant une longue p\u00e9riode du fait que les deux familles ne s\u2019ouvraient pas pour l\u2019accueillir. Une de ses tantes maternelles nous a mis en contact avec son p\u00e8re qui se trouve actuellement au Congo Brazzaville et lui \u00e0 son tour nous a mis en contact avec la m\u00e8re biologique de l\u2019enfant qui se trouve en Europe. Sa m\u00e8re s\u2019est entendue avec un de ses fr\u00e8res afin que l\u2019enfant soit accueilli chez son grand-p\u00e8re maternel. C\u2019est ainsi que nous sommes rentr\u00e9s en contact avec son grand p\u00e8re. Nous avons r\u00e9unifi\u00e9 l\u2019enfant en assurant la famille qu\u2019il n\u2019y avait pas de sorcellerie dans sa vie.<\/p>\n<\/div>\n<\/div>\n\n\n\n<div class=\"wp-block-columns is-layout-flex wp-container-core-columns-is-layout-9d6595d7 wp-block-columns-is-layout-flex\">\n<div class=\"wp-block-column is-layout-flow wp-block-column-is-layout-flow\" style=\"flex-basis:100%\">\n<div class=\"wp-block-columns are-vertically-aligned-center is-style-default is-layout-flex wp-container-core-columns-is-layout-9d6595d7 wp-block-columns-is-layout-flex\">\n<div class=\"wp-block-column is-vertically-aligned-center is-layout-flow wp-block-column-is-layout-flow\">\n<p>L&rsquo;enfant a pass\u00e9 toute une ann\u00e9e dans la famille de son grand p\u00e8re mais, malgr\u00e9 sa promesse, la maman n\u2019a rien envoy\u00e9 \u00e0 sa famille pour l\u2019aider \u00e0 accueillir son enfant. Cela a cr\u00e9\u00e9 un conflit familial, malgr\u00e9 notre apport pour la scolarit\u00e9&nbsp;et le micro-cr\u00e9dit donn\u00e9. C\u2019est comme \u00e7a que les accusations de sorcellerie&nbsp; ont refait surface et l\u2019enfant est redescendu dans la rue. La famille nous a fait part de la situation, et nous sommes descendus pour aller chercher l\u2019enfant dans la rue vers Matete. Une m\u00e9diation a \u00e9t\u00e9 entam\u00e9e pour son retour, l\u2019enfant a \u00e9t\u00e9 \u00e0 nouveau accept\u00e9 en famille. Mais apr\u00e8s deux semaines, l\u2019enfant a encore rechut\u00e9 et, cette fois-l\u00e0, c\u2019\u00e9tait de trop pour la famille. Quand sa m\u00e8re a appri la nouvelle, elle s\u2019est adress\u00e9e violemment \u00e0 son oncle jusqu\u2019\u00e0 cracher sur lui. Les relations sont devenues tendues, tr\u00e8s froides. Quand nous avons revu l\u2019enfant et \u00e9chang\u00e9 avec lui, il n\u2019\u00e9tait pas d\u2019avis de rentrer dans la famille o\u00f9 il \u00e9tait.&nbsp;En raison de son conflit avec sa maman, l\u2019oncle non plus ne voulait plus voir l\u2019enfant.&nbsp;<\/p>\n\n\n\n<p>Comme l\u2019enfant \u00e9tudie, nous avons cherch\u00e9 une solution alternative en&nbsp;le pla\u00e7ant dans un centre d\u2019h\u00e9bergement afin de lui permettre de poursuivre ses \u00e9tudes. Nous sommes toujours en contact avec sa m\u00e8re pour trouver une solution durable pour la stabilit\u00e9 l\u2019enfant. Le jeune qui a 16 ans \u00e9volue bien et poursuit ses \u00e9tudes en classe de&nbsp;3\u00b0ann\u00e9e secondaire.<\/p>\n\n\n\n<p><strong>&nbsp;Antoine KAWASA, psychologue<\/strong><\/p>\n\n\n\n<div class=\"wp-block-columns is-layout-flex wp-container-core-columns-is-layout-9d6595d7 wp-block-columns-is-layout-flex\">\n<div class=\"wp-block-column is-layout-flow wp-block-column-is-layout-flow\" style=\"flex-basis:66.66%\">\n<div class=\"wp-block-columns is-layout-flex wp-container-core-columns-is-layout-9d6595d7 wp-block-columns-is-layout-flex\">\n<div class=\"wp-block-column is-layout-flow wp-block-column-is-layout-flow\">\n<p><strong>3) M. B. Christian<\/strong>&nbsp;est un gar\u00e7on \u00e2g\u00e9 de dix ans. Il est n\u00e9 d&rsquo;une famille de cinq enfants, deux filles et trois gar\u00e7ons. Il est le deuxi\u00e8me de sa famille. Son p\u00e8re est d\u00e9c\u00e9d\u00e9 en 2020 \u00e0 cause de la malaria mal soign\u00e9e, pour faute des moyens financiers. Auparavant l&rsquo;enfant vivait au niveau du&nbsp;Bandundu avec sa famille. La famille a pris l&rsquo;initiative de venir vivre dans la ville de Kinshasa depuis 2017.<\/p>\n\n\n\n<p>La maman de l&rsquo;enfant pratiquait l&rsquo;agriculture, plantant des feuilles de patate douce, des l\u00e9gumes comme les amarantes et des oseilles afin les cueillir pour les vendre. La maman louait la maison \u00e0 10$ par mois.<\/p>\n\n\n\n<p>L&rsquo; enfant a \u00e9tudi\u00e9 \u00e0 l&rsquo;\u00e9cole Complexe Scolaire Maman NGINDU jusqu\u2019\u00e0 sa troisi\u00e8me primaire, &nbsp;terminant l&rsquo;ann\u00e9e scolaire avec&nbsp; peu des moyens financiers. Puis il n&rsquo;a plus \u00e9t\u00e9 scolaris\u00e9 par manque des moyens et il a commenc\u00e9 \u00e0 vendre de l\u2019eau au march\u00e9 local pour trouver de quoi survivre.<\/p>\n\n\n\n<p>Le responsable du march\u00e9 a fait sa connaissance et nous a appel\u00e9s pour nous le confier. J\u2019ai parl\u00e9 avec l\u2019enfant qui m\u2019a racont\u00e9 son histoire et a bien voulu me conduire chez sa maman. Celle-ci vit dans une grande mis\u00e8re et a en plus un probl\u00e8me de sant\u00e9. Elle ne peut pas soulever des choses lourdes sur sa t\u00eate car cela lui apporte des maux de t\u00eate terribles.&nbsp;&nbsp;&nbsp;&nbsp;&nbsp;&nbsp;&nbsp;&nbsp;&nbsp;&nbsp;&nbsp;&nbsp;&nbsp;&nbsp;&nbsp;&nbsp;&nbsp;&nbsp;&nbsp;&nbsp;&nbsp;&nbsp;&nbsp;&nbsp;&nbsp;&nbsp;&nbsp;&nbsp;&nbsp;&nbsp;&nbsp;&nbsp;&nbsp;&nbsp;&nbsp;&nbsp;&nbsp;&nbsp;&nbsp;&nbsp;&nbsp;&nbsp;&nbsp;&nbsp;&nbsp;&nbsp;&nbsp;&nbsp;&nbsp;&nbsp;&nbsp;&nbsp;&nbsp;&nbsp;&nbsp;&nbsp;&nbsp;&nbsp;&nbsp;&nbsp;&nbsp;&nbsp;&nbsp;&nbsp;&nbsp;&nbsp;&nbsp;&nbsp;&nbsp;<\/p>\n\n\n\n<p>J\u2019ai pu ramener l\u2019enfant chez sa maman. La m\u00e8re l&rsquo;a serr\u00e9 dans ses bras avec joie. L&rsquo;enfant a \u00e9t\u00e9 inscrit dans&nbsp; une \u00e9cole proche de la maison pour s&rsquo;int\u00e9grer. L&rsquo;enfant est en quatri\u00e8me primaire et vient de pr\u00e9senter les examens du premier trimestre et nous allons avoir des r\u00e9sultats d&rsquo;ici l\u00e0.<\/p>\n\n\n\n<p>Nous allons donner \u00e0 la maman un microcr\u00e9dit de 50$ pour relancer son petit commerce de vente des condiments sur le march\u00e9 local.<\/p>\n\n\n\n<p><strong>Laura Love, \u00e9ducatrice<\/strong><strong><\/strong><\/p>\n\n\n\n<p> <\/p>\n<\/div>\n<\/div>\n<\/div>\n\n\n\n<div class=\"wp-block-column is-layout-flow wp-block-column-is-layout-flow\" style=\"flex-basis:33.33%\">\n<figure class=\"wp-block-image size-full\"><img loading=\"lazy\" decoding=\"async\" width=\"228\" height=\"415\" src=\"https:\/\/www.streetchildrenofkinshasa.org\/wp-content\/uploads\/2023\/03\/Image7-1.jpg\" alt=\"\" class=\"wp-image-34784\" srcset=\"https:\/\/www.streetchildrenofkinshasa.org\/wp-content\/uploads\/2023\/03\/Image7-1.jpg 228w, https:\/\/www.streetchildrenofkinshasa.org\/wp-content\/uploads\/2023\/03\/Image7-1-165x300.jpg 165w\" sizes=\"auto, (max-width: 228px) 100vw, 228px\" \/><\/figure>\n<\/div>\n<\/div>\n\n\n\n<div class=\"wp-block-columns is-layout-flex wp-container-core-columns-is-layout-9d6595d7 wp-block-columns-is-layout-flex\">\n<div class=\"wp-block-column is-layout-flow wp-block-column-is-layout-flow\" style=\"flex-basis:33.33%\">\n<figure class=\"wp-block-image size-full\"><img loading=\"lazy\" decoding=\"async\" width=\"227\" height=\"303\" src=\"https:\/\/www.streetchildrenofkinshasa.org\/wp-content\/uploads\/2023\/03\/Image8.jpg\" alt=\"\" class=\"wp-image-34787\" srcset=\"https:\/\/www.streetchildrenofkinshasa.org\/wp-content\/uploads\/2023\/03\/Image8.jpg 227w, https:\/\/www.streetchildrenofkinshasa.org\/wp-content\/uploads\/2023\/03\/Image8-225x300.jpg 225w\" sizes=\"auto, (max-width: 227px) 100vw, 227px\" \/><\/figure>\n<\/div>\n\n\n\n<div class=\"wp-block-column is-layout-flow wp-block-column-is-layout-flow\" style=\"flex-basis:66.66%\">\n<p><strong>4) Ephra\u00efm&nbsp;<\/strong>a 14 ans et a fait deux ans dans la rue. Il est dans notre dispensaire pour les soins de sant\u00e9 et nous avons observ\u00e9 chez le jeune un probl\u00e8me de malpropret\u00e9 : gale g\u00e9n\u00e9ralis\u00e9e, teigne, mycose&#8230; Apr\u00e8s avoir fini les soins de cette journ\u00e9e-l\u00e0, je lui ai conseill\u00e9 de se laver chaque jour aux moins deux fois avec du savon, mais aussi de prendre soin de ses habits. C&rsquo;est pendant ses conseils qu&rsquo;il a commenc\u00e9 \u00e0 me raconter sa souffrance: \u00ab&nbsp;A quoi bon me laver ? Dans la rue on est sale, d&rsquo;ailleurs on ne veut plus de moi dans ma famille&nbsp;\u00bb. Je lui ai dit de s&rsquo;apaiser et de me parler d&rsquo;avantage:&nbsp; \u00ab&nbsp;Madame, nous sommes all\u00e9s en famille avec des \u00e9ducateurs chez mon papa biologique. Je leurs ai montr\u00e9 la maison de loin. D\u00e8s qu&rsquo;ils ont parl\u00e9 de mon nom, le papa a dit: \u00ab&nbsp;Pas de cet enfant ici, qu&rsquo;il parte l\u00e0 o\u00f9 &nbsp;il veut mais pas chez moi&nbsp;\u00bb. \u00ab&nbsp;Pourquoi donc me laver alors que personne ne m&rsquo;aime, je suis sans famille, sans avenir, donc inutile&nbsp;\u00bb. Il se mit \u00e0 pleurer. Je lui ai dit que je comprenais tout \u00e0 fait sa souffrance. Peut \u00eatre que je r\u00e9agirais de la m\u00eame fa\u00e7on. \u00ab&nbsp;Mais toi, tu as de la chance puisqu&rsquo;il y a des \u00e9ducateurs et moi-m\u00eame avec toi. Qu&rsquo;ensemble nous trouverons un chemin. Que tu gardes espoir. M\u00eame si tout le&nbsp; monde te rejette, Dieu qui t&rsquo;a cr\u00e9\u00e9 ne va pas t&rsquo;abandonner. Aie toujours espoir qu&rsquo;un jour tu trouveras quelqu&rsquo;un pour t&rsquo;accueillir&nbsp;\u00bb. Apr\u00e8s ce moment d&rsquo;\u00e9coute empathique, il a repris son sourire. M\u00eame sa fa\u00e7on de s&rsquo;habiller s&rsquo;est am\u00e9lior\u00e9e, ses l\u00e9sions cutan\u00e9es ont bien \u00e9volu\u00e9. Il fait des efforts pour \u00eatre pr\u00e9sentable pour ses soins afin d&rsquo;avoir des compliments&#8230; A pr\u00e9sent le gar\u00e7on est encore au centre, les \u00e9ducateurs continuent la m\u00e9diation. Selon les informations re\u00e7ues d&rsquo;eux : ses parents ont divorc\u00e9 et chacun s&rsquo;est remari\u00e9. Il habitait chez la grand-m\u00e8re paternelle. Malheureusement celle-ci&nbsp; est d\u00e9c\u00e9d\u00e9e, le gar\u00e7on a \u00e9t\u00e9 accus\u00e9 de l&rsquo;avoir \u00ab&nbsp;mang\u00e9e&nbsp;\u00bb et s&rsquo;est vu chass\u00e9 de la maison. D&rsquo;o\u00f9 la raison de sa descente dans la rue. Provisoirement, nous l\u2019avons plac\u00e9 dans un autre centre ferm\u00e9 afin qu\u2019il puisse reprendre ses \u00e9tudes \u00e0 l\u2019\u00e9cole.<\/p>\n\n\n\n<p><strong>Emilie Linono, infirmi\u00e8re<\/strong><\/p>\n<\/div>\n<\/div>\n\n\n\n<div class=\"wp-block-columns is-layout-flex wp-container-core-columns-is-layout-9d6595d7 wp-block-columns-is-layout-flex\">\n<div class=\"wp-block-column is-layout-flow wp-block-column-is-layout-flow\" style=\"flex-basis:66.66%\">\n<p><strong>5) Amos F<\/strong> est le 4\u00b0enfant d\u2019une famille de 8. Il a 16 ans. L\u2019enfant est dr\u00e9panocytaire, ce qui veut dire qu\u2019il est du groupe sanguin SS non r\u00e9sistant aux maladies et qu\u2019il tombe souvent malade. Suite \u00e0 ses maladies \u00e0 r\u00e9p\u00e9tition, et sans en connaitre l \u2018origine, les membres de sa famille l\u2019ont accus\u00e9 d\u2019\u00eatre sorcier. Ses parents se sont s\u00e9par\u00e9s et le nouveau mari de sa m\u00e8re, le consid\u00e9rant comme sorcier, n\u2019a plus voulu le voir dans sa maison et l\u2019a chass\u00e9 dans la rue. Nous l\u2019avons trouv\u00e9 dans la rue et l\u2019avons accueilli dans notre centre. L\u2019enfant \u00e9tait tr\u00e8s maigre et en mauvaise sant\u00e9 mais petit \u00e0 petit il a retrouv\u00e9 force, courage et sourire. Il est depuis plus d\u2018une ann\u00e9e dans notre centre et nous n\u2019avons toujours pas trouv\u00e9 de solution pour lui. Sa maman veut bien le prendre mais ne veut pas se s\u00e9parer de son mari actuel qui ne veut pas le voir. Il a peur de lui, malgr\u00e9 notre visite en famille avec un m\u00e9decin qui leur a expliqu\u00e9 la situation r\u00e9elle de l\u2019enfant et malgr\u00e9 le fait que nous avons propos\u00e9 de prier pour toute la famille pour \u00e9carter tout danger de sorcellerie. Nous esp\u00e9rons encore trouver quelqu\u2019un de la famille plus \u00e9loign\u00e9e.<\/p>\n\n\n\n<p><strong>Marie-No\u00eblle Potopoto, infirmi\u00e8re<\/strong><\/p>\n<\/div>\n\n\n\n<div class=\"wp-block-column is-layout-flow wp-block-column-is-layout-flow\" style=\"flex-basis:33.33%\">\n<figure class=\"wp-block-image size-full\"><img loading=\"lazy\" decoding=\"async\" width=\"226\" height=\"302\" src=\"https:\/\/www.streetchildrenofkinshasa.org\/wp-content\/uploads\/2023\/03\/Image9.jpg\" alt=\"\" class=\"wp-image-34790\" srcset=\"https:\/\/www.streetchildrenofkinshasa.org\/wp-content\/uploads\/2023\/03\/Image9.jpg 226w, https:\/\/www.streetchildrenofkinshasa.org\/wp-content\/uploads\/2023\/03\/Image9-225x300.jpg 225w\" sizes=\"auto, (max-width: 226px) 100vw, 226px\" \/><\/figure>\n<\/div>\n<\/div>\n\n\n\n<div class=\"wp-block-columns is-layout-flex wp-container-core-columns-is-layout-9d6595d7 wp-block-columns-is-layout-flex\">\n<div class=\"wp-block-column is-layout-flow wp-block-column-is-layout-flow\" style=\"flex-basis:33.33%\">\n<figure class=\"wp-block-image size-full is-resized\"><img loading=\"lazy\" decoding=\"async\" src=\"https:\/\/www.streetchildrenofkinshasa.org\/wp-content\/uploads\/2023\/03\/Image10.jpg\" alt=\"\" class=\"wp-image-34793\" width=\"219\" height=\"546\" srcset=\"https:\/\/www.streetchildrenofkinshasa.org\/wp-content\/uploads\/2023\/03\/Image10.jpg 162w, https:\/\/www.streetchildrenofkinshasa.org\/wp-content\/uploads\/2023\/03\/Image10-120x300.jpg 120w\" sizes=\"auto, (max-width: 219px) 100vw, 219px\" \/><\/figure>\n<\/div>\n\n\n\n<div class=\"wp-block-column is-layout-flow wp-block-column-is-layout-flow\" style=\"flex-basis:66.66%\">\n<p><strong>6) &nbsp;Eric<\/strong> a 23 ans. Il est l\u2019un des grands jeunes qui nous a marqu\u00e9s durant l\u2019ann\u00e9e 2022. A 10 ans, il ne pouvait plus aller \u00e0 l\u2019\u00e9cole parce que le papa n\u2019avait plus de moyen pour le scolariser. En 2019, il rejoint un groupe de jeunes kulunaqui qui terrorisaient la population locale. Apr\u00e8s la mort du leader du groupe, il a \u00e9t\u00e9 baptis\u00e9 du nom de \u00ab&nbsp;mar\u00e9chal&nbsp;\u00bb du groupe car c\u2019est lui qui avait plus de force et un esprit fort&nbsp; pour prendre le risque devant n\u2019importe quelle situation. Apr\u00e8s cette prise de pouvoir, il devint plus influent dans le quartier. Tout le monde avait peur de lui, m\u00eame ses parents ainsi que les membres de sa famille. Pour manger, pour acheter des habits ou pour subvenir \u00e0 ses besoins il volait et prenait de force l\u2019argent des mains des habitants. Il vit avec une jeune femme du quartier et ils ont une fille.<\/p>\n\n\n\n<p>En 2021, lors des sensibilisations des grands jeunes, nous l\u2019avons rencontr\u00e9. Il est venu pour nous exposer sa situation. Nous avons constat\u00e9 qu\u2019\u00c9ric vivait un sentiment de culpabilit\u00e9 et de honte. Il avait besoin de se s\u00e9parer de ses camarades de la rue. &nbsp;&nbsp;&nbsp;&nbsp;&nbsp;&nbsp;&nbsp;&nbsp;&nbsp;&nbsp;&nbsp;&nbsp;&nbsp;&nbsp;&nbsp;&nbsp;&nbsp;&nbsp;&nbsp;&nbsp;&nbsp;&nbsp;&nbsp;&nbsp;&nbsp;&nbsp;&nbsp;&nbsp;&nbsp;&nbsp;&nbsp;&nbsp;&nbsp;&nbsp;&nbsp;&nbsp;&nbsp;&nbsp;&nbsp;&nbsp;&nbsp;&nbsp;&nbsp;&nbsp;&nbsp;&nbsp;&nbsp;&nbsp;&nbsp;&nbsp;&nbsp;&nbsp;&nbsp;&nbsp;&nbsp;&nbsp;&nbsp;&nbsp;&nbsp;&nbsp;&nbsp;&nbsp;&nbsp;&nbsp;&nbsp;&nbsp;&nbsp;&nbsp;&nbsp;&nbsp;&nbsp;&nbsp;&nbsp;&nbsp;&nbsp;&nbsp;&nbsp;&nbsp;&nbsp;&nbsp;&nbsp;&nbsp;&nbsp;&nbsp;&nbsp;&nbsp;&nbsp;&nbsp;&nbsp;&nbsp;&nbsp;&nbsp;&nbsp;&nbsp;&nbsp;&nbsp;&nbsp;&nbsp;&nbsp;&nbsp;&nbsp;&nbsp;&nbsp;&nbsp;&nbsp;&nbsp;&nbsp;&nbsp;&nbsp;&nbsp;&nbsp;&nbsp;&nbsp;&nbsp;&nbsp;&nbsp;&nbsp;&nbsp;&nbsp;&nbsp;&nbsp;&nbsp;&nbsp;&nbsp;<\/p>\n\n\n\n<p>Notre accompagnement \u00e9tait bas\u00e9 sur le soutien et l\u2019accompagnement psychologique, le travail sur la culpabilit\u00e9 de son pass\u00e9, l\u2019encouragement pour l\u2019abandon de ses pratiques violentes, la prise de conscience, l\u2019estime de soi. Cela lui a permis d\u2019accepter son pass\u00e9 et de se fixer un objectif pour sa vie future&nbsp;: \u00eatre un parent responsable. Il a commenc\u00e9 l\u2019alphab\u00e9tisation comme d\u2019autres grands jeunes puis a \u00e9t\u00e9 plac\u00e9 dans un atelier de peinture. Il a termin\u00e9 sa formation en 2022 et a re\u00e7u un kit d\u2019insertion comprenant un outillage de fabrication de la peinture. Actuellement, avec sa femme, ils vivent ensemble. Il travaille \u00e0 son compte et est sollicit\u00e9 par d\u2019autres maitres qui ont des march\u00e9s de peinture de b\u00e2timents.&nbsp;&nbsp;&nbsp;&nbsp;&nbsp;<\/p>\n\n\n\n<p>Maintenant il est en bon terme avec le centre NYB et sa famille est appr\u00e9ci\u00e9e dans son ancien quartier. Il a abandonn\u00e9 ses mauvais comportements et est tr\u00e8s attentif \u00e0 \u00e9couter tous les conseils qu\u2019on lui prodigue pour le progr\u00e8s de sa vie. Il est devenu un mod\u00e8le pour d\u2019autres jeunes du quartier qui ont suivi ses traces. Face \u00e0 un probl\u00e8me ou une situation qui&nbsp; le d\u00e9range, il n\u2019h\u00e9site pas \u00e0 nous appeler ou&nbsp; \u00e0 venir nous voir pour savoir comment on peut l\u2019aider.<\/p>\n\n\n\n<p><strong>Shadrack Mulumba, psychologue<\/strong><\/p>\n<\/div>\n<\/div>\n\n\n\n<div class=\"wp-block-columns is-layout-flex wp-container-core-columns-is-layout-9d6595d7 wp-block-columns-is-layout-flex\">\n<div class=\"wp-block-column is-layout-flow wp-block-column-is-layout-flow\" style=\"flex-basis:66.66%\">\n<p><strong>7) Vicky M.&nbsp;<\/strong>est le 2eme d&rsquo;une famille de 4 enfants. Ses parents se sont s\u00e9par\u00e9s quand il avait quatre ans. Son p\u00e8re a d\u00e9cid\u00e9 de prendre Vicky et sa grande s\u0153ur puis les a amen\u00e9 chez la grand-m\u00e8re paternelle. La maman de Vicky a suppli\u00e9 le papa de la laisser partir avec ses enfants mais celui-ci n&rsquo;a pas voulu. Une fois chez la grand-m\u00e8re, les enfants \u00e9taient abandonn\u00e9s \u00e0 eux-m\u00eames et ils se mettaient \u00e0 pleurer pour partir chez leur maman alors que le papa ne les autorisait pas.<\/p>\n\n\n\n<p>Vicky et sa grande s\u0153ur ont grandi. Le papa s&rsquo;est remari\u00e9 \u00e0 une autre femme et le papa est devenu pasteur d&rsquo;une \u00e9glise de r\u00e9veil \u00e0 Kinshasa, puis il est all\u00e9 s&rsquo;installer \u00e0 Matadi. Pendant ce temps, il a laiss\u00e9 ses enfants chez la grand- m\u00e8re qui devenait fatigu\u00e9e par la vieillesse. La maman continuait \u00e0 venir rendre visite discr\u00e8tement \u00e0 ses enfants. C&rsquo;est \u00e0 ce moment qu&rsquo;elle a pris la grande s\u0153ur de Vicky discr\u00e8tement sans informer la famille du papa.<\/p>\n\n\n\n<p>Quand la grand-m\u00e8re est tomb\u00e9e malade et est d\u00e9c\u00e9d\u00e9e, la famille a accus\u00e9 Vicky d\u2019\u00eatre le sorcier qui aurait \u00ab&nbsp;mang\u00e9&nbsp;\u00bb sa grand-m\u00e8re. La famille l&rsquo;a chass\u00e9. Comme il avait 15 ans, il a commenc\u00e9 \u00e0 vivre dans la rue, sur le march\u00e9 local.<\/p>\n\n\n\n<p><\/p>\n\n\n\n<div class=\"wp-block-columns is-layout-flex wp-container-core-columns-is-layout-9d6595d7 wp-block-columns-is-layout-flex\">\n<div class=\"wp-block-column is-layout-flow wp-block-column-is-layout-flow\"><\/div>\n<\/div>\n<\/div>\n\n\n\n<div class=\"wp-block-column is-layout-flow wp-block-column-is-layout-flow\" style=\"flex-basis:33.33%\">\n<figure class=\"wp-block-image size-full\"><img loading=\"lazy\" decoding=\"async\" width=\"255\" height=\"340\" src=\"https:\/\/www.streetchildrenofkinshasa.org\/wp-content\/uploads\/2023\/03\/Image11.jpg\" alt=\"\" class=\"wp-image-34796\" srcset=\"https:\/\/www.streetchildrenofkinshasa.org\/wp-content\/uploads\/2023\/03\/Image11.jpg 255w, https:\/\/www.streetchildrenofkinshasa.org\/wp-content\/uploads\/2023\/03\/Image11-225x300.jpg 225w\" sizes=\"auto, (max-width: 255px) 100vw, 255px\" \/><\/figure>\n<\/div>\n<\/div>\n\n\n\n<div class=\"wp-block-columns is-layout-flex wp-container-core-columns-is-layout-9d6595d7 wp-block-columns-is-layout-flex\">\n<div class=\"wp-block-column is-layout-flow wp-block-column-is-layout-flow\">\n<p>Pendant ce temps, quand la maman demandait des nouvelles de Vicky \u00e0 la famille de son p\u00e8re, on lui disait qu&rsquo;il allait bien, mais la maman ne le voyait pas. Au march\u00e9 de Matadi Kibala, il faisait des petits travaux, portait les colis dans les d\u00e9p\u00f4ts et on lui donnait quelque chose pour se nourrir. Il avait la sympathie des mamans du march\u00e9. Un jour alors que nous faisions nos visites sur ce march\u00e9, le chef du quartier nous a parl\u00e9 de son cas.<\/p>\n\n\n\n<p>Nous avons \u00e9cout\u00e9 le jeune, puis nous sommes all\u00e9s dans sa famille, mais ils ont refus\u00e9 de l&rsquo;accueillir disant que c&rsquo;est un sorcier. Aucune trace de la maman. Nous avons alors d\u00e9cid\u00e9 dans un premier temps de l&rsquo;h\u00e9berger dans notre centre. Apr\u00e8s nous l\u2019avons plac\u00e9 provisoirement dans une famille d&rsquo;accueil.<\/p>\n\n\n\n<p>Apr\u00e8s 4 ans dans cette famille, nous avons repris les recherches de sa maman.&nbsp; Apr\u00e8s plusieurs mois, nous avons trouv\u00e9 un monsieur qui avait le num\u00e9ro de t\u00e9l\u00e9phone de sa grande s\u0153ur. D\u00e8s que nous l&rsquo;avons contact\u00e9, elle \u00e9tait \u00e9merveill\u00e9e de savoir que son fr\u00e8re qu&rsquo;ils ont tant cherch\u00e9 avec sa maman pendant plus de cinq ans \u00e9tait encore vivant. Nous avons appel\u00e9 Vicky qui a parl\u00e9 au t\u00e9l\u00e9phone avec sa s\u0153ur. Apr\u00e8s sa conversation avec sa s\u0153ur, il \u00e9tait rayonnant et souriant en annon\u00e7ant \u00e0 tous les \u00e9ducateurs du centre que sa famille \u00e9tait retrouv\u00e9e.&nbsp;<\/p>\n\n\n\n<p>Le samedi, sa s\u0153ur est arriv\u00e9e avec deux fr\u00e8res et une petite s\u0153ur. Vicky M. \u00e9tait \u00e0 l&rsquo;entr\u00e9e, \u00e0 les attendre, tous l&rsquo;ont embrass\u00e9 longuement puis ont commenc\u00e9 \u00e0 pleurer. Pendant plus de 10 minutes ils pleuraient, nous les avons conduits dans une salle o\u00f9 nous avons discut\u00e9 avec eux. Vicky a d\u00e9cid\u00e9 alors de repartir tout de suite avec eux chez sa maman. Comme le repas au centre \u00e9tait pr\u00eat, nous avons partag\u00e9 le repas ensemble avec eux. Prenant la parole dans une grande \u00e9motion, Vicky nous a remerci\u00e9s pour tout ce que nous avons fait pour lui. Particuli\u00e8rement, il m&rsquo;a dit&nbsp;:&nbsp;\u00ab&nbsp;Jean Didier, merci beaucoup pour tout ce que tu as fait pour moi, que Dieu te b\u00e9nisse abondamment&nbsp;\u00bb, en pleurant puis il m&rsquo;a&nbsp;pris dans ses mains tr\u00e8s tr\u00e8s fort.<\/p>\n\n\n\n<p>&nbsp;Nous lui avons donn\u00e9 un sac avec quelques habits avec la promesse de descendre en famille le lundi pour discuter avec sa maman. Le lundi je suis parti en famille o\u00f9 la maman, tr\u00e8s \u00e9mue, nous a remerci\u00e9s vivement pour notre soutien \u00e0 son fils. Vicky a 22 ans pour le moment, selon sa maman. Nous allons rapidement voir comment l\u2019aider \u00e0 continuer sa formation.<\/p>\n\n\n\n<p><strong>Jean Didier Kpanya, \u00e9ducateur<\/strong><\/p>\n<\/div>\n<\/div>\n\n\n\n<div class=\"wp-block-columns is-layout-flex wp-container-core-columns-is-layout-9d6595d7 wp-block-columns-is-layout-flex\">\n<div class=\"wp-block-column is-layout-flow wp-block-column-is-layout-flow\" style=\"flex-basis:33.33%\">\n<figure class=\"wp-block-image size-full is-resized\"><img loading=\"lazy\" decoding=\"async\" src=\"https:\/\/www.streetchildrenofkinshasa.org\/wp-content\/uploads\/2023\/03\/Image12.jpg\" alt=\"\" class=\"wp-image-34799\" width=\"181\" height=\"403\" srcset=\"https:\/\/www.streetchildrenofkinshasa.org\/wp-content\/uploads\/2023\/03\/Image12.jpg 136w, https:\/\/www.streetchildrenofkinshasa.org\/wp-content\/uploads\/2023\/03\/Image12-135x300.jpg 135w\" sizes=\"auto, (max-width: 181px) 100vw, 181px\" \/><\/figure>\n<\/div>\n\n\n\n<div class=\"wp-block-column is-layout-flow wp-block-column-is-layout-flow\" style=\"flex-basis:66.66%\">\n<p><strong>8) M. Winner<\/strong>&nbsp;est un enfant de 5 ans. La maman l\u2019a abandonn\u00e9 \u00e0 l\u2019\u00e2ge de six mois chez sa grand-m\u00e8re paternelle. Apr\u00e8s le d\u00e9c\u00e8s de la grand-m\u00e8re, le papa a r\u00e9cup\u00e9r\u00e9 son fils. Mais l\u2019enfant a commenc\u00e9 \u00e0 faire des crises. Il ne parle pas, il fait ses besoins dans ses habits, il mange les d\u00e9chets dans la poubelle, il va se promener dans la rue\u2026 Aussi la famille a commenc\u00e9 \u00e0 accuser l\u2019enfant de sorcellerie et \u00e0 se d\u00e9sint\u00e9resser de lui. L\u2019enfant a commenc\u00e9 \u00e0 se promener dans le quartier et \u00e0 s\u2019\u00e9garer. La police nous a confi\u00e9 l\u2019enfant et le chef du quartier nous a orient\u00e9 pour retrouver le papa. Nous avons pris le temps de discuter avec le papa Celui-ci voulait bien reprendre son fils, mais la famille ne voulait pas voir l \u2018enfant.<\/p>\n\n\n\n<p>Nous sommes all\u00e9s voir un m\u00e9decin psychiatre qui nous a confirm\u00e9 que l\u2019enfant a un probl\u00e8me au cerveau, li\u00e9 aux conditions de son accouchement et qu\u2019il a besoin d\u2019un suivi rapproch\u00e9.<\/p>\n\n\n\n<p>Le papa garde la charge de son fils&nbsp;; il est peintre en b\u00e2timent et se d\u00e9brouille. Il veille au suivi du traitement m\u00e9dical de son fils, malgr\u00e9 les critiques de la famille, mais il cherche un autre logement (avec notre appui) et une \u00e9pouse qui pourrait l\u2019aider.<\/p>\n\n\n\n<p><strong>Rachel Kilolo, \u00e9ducatrice<\/strong><\/p>\n<\/div>\n<\/div>\n\n\n\n<div class=\"wp-block-columns is-layout-flex wp-container-core-columns-is-layout-9d6595d7 wp-block-columns-is-layout-flex\">\n<div class=\"wp-block-column is-layout-flow wp-block-column-is-layout-flow\" style=\"flex-basis:66.66%\">\n<p><strong>9) Sylva M.<\/strong>&nbsp;est un gar\u00e7on de 15 ans. Il vit avec sa maman, dans sa famille maternelle.&nbsp; Comme il n\u2019a pas d\u2019occupation, toute la famille le consid\u00e8re comme un sorcier \u00e0 l\u2019origine de tous les probl\u00e8mes v\u00e9cus par la famille&nbsp;: les maladies, les souffrances, l\u2019absence de travail\u2026 Au point que la nuit, s\u2019il y a un bruit, le passage d\u2019une souris, la maman r\u00e9veille son fils et lui demande d\u2019arr\u00eater sa sorcellerie. C\u2019est ainsi que l\u2019enfant s\u2019est retrouv\u00e9 chass\u00e9 dans la rue, en se d\u00e9brouillant dans la vente de certaines plantes m\u00e9dicinales. Nous avons accueilli l\u2019enfant dans notre centre, il nous a donn\u00e9 l\u2019adresse de la famille et nous sommes all\u00e9s rencontrer plusieurs fois sa maman. Finalement, celle-ci a accept\u00e9 de quitter la maison familiale pour pouvoir garder son fils. Nous avons offert une garantie locative \u00e0 la maman pour l\u2019aider \u00e0 trouver un logement personnel. Elle habite un studio avec son fils et ses deux filles. Nous lui avons aussi octroy\u00e9 de Micro Cr\u00e9dit de 50$ pour son petit commerce. Quant \u00e0 Sylva, il a pu \u00eatre plac\u00e9 dans un atelier de peinture pour automobiles afin de se former.&nbsp;<\/p>\n\n\n\n<p><strong>Caleb Diaki, \u00e9ducateur<\/strong><\/p>\n<\/div>\n\n\n\n<div class=\"wp-block-column is-layout-flow wp-block-column-is-layout-flow\" style=\"flex-basis:33.33%\">\n<figure class=\"wp-block-image size-full\"><img loading=\"lazy\" decoding=\"async\" width=\"221\" height=\"303\" src=\"https:\/\/www.streetchildrenofkinshasa.org\/wp-content\/uploads\/2023\/03\/Image13.jpg\" alt=\"\" class=\"wp-image-34802\" srcset=\"https:\/\/www.streetchildrenofkinshasa.org\/wp-content\/uploads\/2023\/03\/Image13.jpg 221w, https:\/\/www.streetchildrenofkinshasa.org\/wp-content\/uploads\/2023\/03\/Image13-219x300.jpg 219w\" sizes=\"auto, (max-width: 221px) 100vw, 221px\" \/><\/figure>\n<\/div>\n<\/div>\n\n\n\n<div class=\"wp-block-columns is-layout-flex wp-container-core-columns-is-layout-9d6595d7 wp-block-columns-is-layout-flex\">\n<div class=\"wp-block-column is-layout-flow wp-block-column-is-layout-flow\" style=\"flex-basis:33.33%\">\n<figure class=\"wp-block-image size-full\"><img loading=\"lazy\" decoding=\"async\" width=\"227\" height=\"302\" src=\"https:\/\/www.streetchildrenofkinshasa.org\/wp-content\/uploads\/2023\/03\/Image14.jpg\" alt=\"\" class=\"wp-image-34825\" srcset=\"https:\/\/www.streetchildrenofkinshasa.org\/wp-content\/uploads\/2023\/03\/Image14.jpg 227w, https:\/\/www.streetchildrenofkinshasa.org\/wp-content\/uploads\/2023\/03\/Image14-225x300.jpg 225w\" sizes=\"auto, (max-width: 227px) 100vw, 227px\" \/><\/figure>\n<\/div>\n\n\n\n<div class=\"wp-block-column is-layout-flow wp-block-column-is-layout-flow\" style=\"flex-basis:66.66%\">\n<p>10. <strong>Gemima K.<\/strong> est une fille de 13 ans, n\u00e9e \u00e0 Brazzaville. Sa maman l\u2019a abandonn\u00e9e \u00e0 l\u2019\u00e2ge de trois mois. Quand elle a eu six mois, le papa l\u2019a laiss\u00e9e chez sa s\u0153ur \u00e0 Matadi. La tante ne voulait pas que l\u2019enfant sache qu\u2019elle n\u2019\u00e9tait pas sa m\u00e8re et se faisait appeler maman. Mais quand l\u2019enfant a eu dix ans, des personnes ont commenc\u00e9 \u00e0 lui dire que sa maman n\u2019\u00e9tait pas sa vraie maman, ce qui l\u2019a fortement troubl\u00e9e. Finalement, son p\u00e8re est arriv\u00e9 et a inform\u00e9 l\u2019enfant de sa situation r\u00e9elle. Comme cette situation conduisait l\u2019enfant \u00e0 faire des d\u00e9sordres dans la famille, la tante a rendu l\u2019enfant \u00e0 son p\u00e8re remari\u00e9 avec une autre femme. Mais rendue chez son p\u00e8re, \u00e0 Kinshasa, la fille a constat\u00e9 que le niveau de vie \u00e9tait beaucoup plus bas que celui de la tante. En plus elle n\u2019avait aucune affection pour ce papa qui l\u2019avait abandonn\u00e9 et pour sa nouvelle femme. Aussi, la fille a vol\u00e9 l\u2019argent du papa pour prendre le bus et retourner \u00e0 Matadi. Mais la tante ne l\u2019a plus re\u00e7ue et l\u2019a renvoy\u00e9e chez son p\u00e8re. Quant \u00e0 la nouvelle femme du papa, elle n\u2019appr\u00e9ciait pas l\u2019enfant et sa conduite bizarre et elle est partie consulter un proph\u00e8te d\u2019une Eglise de R\u00e9veil. On lui a dit que l\u2019enfant est une sorci\u00e8re et que ses cheveux sont des antennes de communication. Le proph\u00e8te a accept\u00e9 de prier pour la d\u00e9livrance de la fille moyennant un payement de 100$, mais la fille n\u2019a pas support\u00e9 les mauvais traitements de ce pasteur. Elle a refus\u00e9 l\u2019\u00e9cole et a commenc\u00e9 \u00e0 travailler avec une maman qui a son petit restaurant sur le march\u00e9. La maman du restaurant a dit \u00e0 la fille qu\u2019elle avait appris que son p\u00e8re voulait la vendre, et la fille a fui dans la rue sans savoir o\u00f9 aller. Elle a pu rencontrer une maman qui l\u2019a orient\u00e9e dans notre centre. Au d\u00e9part, elle avait peur et ne voulait rien dire. Gr\u00e2ce au travail de notre psychologue, la confiance a pu s\u2019installer et l\u2019enfant nous a donn\u00e9 les adresses de la famille.<\/p>\n\n\n\n<p><\/p>\n<\/div>\n<\/div>\n\n\n\n<div class=\"wp-block-columns is-layout-flex wp-container-core-columns-is-layout-9d6595d7 wp-block-columns-is-layout-flex\">\n<div class=\"wp-block-column is-layout-flow wp-block-column-is-layout-flow\">\n<p>C\u2019est ainsi que la maman du petit restaurant est venue visiter la fille puis le papa nous a expliqu\u00e9 toute l\u2019histoire. Nous avons pris le temps de travailler avec l\u2019enfant qui avait soif de connaitre sa vraie maman et comprenait les b\u00eatises qu\u2019elle avait faites.<\/p>\n\n\n\n<p>Travail avec le papa en vue de pr\u00e9parer le retour de la fille, mais son \u00e9pouse ne voulait pas la voir. Nous sommes alors partis avec la fille \u00e0 Matadi chez la tante qui a tr\u00e8s bien re\u00e7u la fille, mais la famille de la tante ne voulait plus voir la fille.<\/p>\n\n\n\n<p>Nous avons alors repris le travail avec le papa qui entretemps s\u2019\u00e9tait s\u00e9par\u00e9 de sa femme. Aujourd\u2019hui la fille a pu \u00eatre r\u00e9unifi\u00e9e chez son papa et plac\u00e9e \u00e0 l\u2019\u00e9cole en classe de 7 \u00e8me&nbsp; ann\u00e9e. Nous avons offert une garantie locative au papa afin de l\u2019aider \u00e0 trouver un bon logement pour les h\u00e9berger et nous continuons le suivi r\u00e9gulier de la petite famille.<\/p>\n\n\n\n<p><strong>Virginie Nyalibondi, \u00e9ducatrice<\/strong><\/p>\n<\/div>\n<\/div>\n\n\n\n<div class=\"wp-block-columns is-layout-flex wp-container-core-columns-is-layout-9d6595d7 wp-block-columns-is-layout-flex\">\n<div class=\"wp-block-column is-layout-flow wp-block-column-is-layout-flow\">\n<p><strong>11) Julia I.&nbsp;<\/strong>a 12 ans. Une \u00e9ducatrice l\u2019a trouv\u00e9e dans la rue, autour du rond-point Ngaba, en train de mendier. Elle a&nbsp; bien voulu nous donner l\u2019adresse de sa famille et nous a dit qu\u2019elle \u00e9tudiait en 3\u00b0primaire. Mais quand nous avons voulu partir en famille avec elle, elle a refus\u00e9 de rentrer \u00e0 la maison. La pauvret\u00e9 dans la famille est tr\u00e8s grande, la maman est seule avec ses deux enfants et n\u2019a pas de moyens de survivre. La fille a pr\u00e9f\u00e9r\u00e9 suivre ses amies dans la rue pour pouvoir se d\u00e9brouiller et trouver quelque chose \u00e0 manger. Nous avons accueilli la fille dans notre centre pour que notre psychologue puisse travailler avec elle et qu\u2019elle retrouve une paix int\u00e9rieure et puisse se r\u00e9concilier avec sa famille. La maman n\u2019a pas de probl\u00e8me avec sa famille, mais ce sont les moyens de survie qui manquent. Aussi, nous allons d\u2019abord donner un petit cr\u00e9dit \u00e0 la maman qui nous dit avoir d\u00e9j\u00e0 pratiqu\u00e9 un petit commerce. Et quand la maman aura pu reconstruire un petit capital, nous lui ram\u00e8nerons sa fille tout en prenant en charge sa scolarit\u00e9.<\/p>\n\n\n\n<p><strong>Th\u00e9r\u00e8se Lusamba<\/strong><\/p>\n<\/div>\n<\/div>\n\n\n\n<div class=\"wp-block-columns is-layout-flex wp-container-core-columns-is-layout-9d6595d7 wp-block-columns-is-layout-flex\">\n<div class=\"wp-block-column is-layout-flow wp-block-column-is-layout-flow\" style=\"flex-basis:66.66%\">\n<p><strong>12. Gemina K<\/strong> est une fille de 12 ans qui vit avec sa maman Tumba et son grand fr\u00e8re. Maman T. survit difficilement par la vente des haricots pour assurer la survie de sa petite famille. Comme sa fille est tr\u00e8s turbulente, la maman a l\u2019habitude de crier et de taper sa fille. Elle fuit alors dans le quartier ou dans une Eglise proche. La fille est irr\u00e9guli\u00e8re \u00e0 l\u2019\u00e9cole malgr\u00e9 les punitions donn\u00e9es par sa maman. Un soir vers 19h, alors qu\u2019il y avait eu un conflit dans la parcelle entre la maman et ses voisins et que ceux-ci \u00e9taient f\u00e2ch\u00e9s contre la fille, celle-ci a fui comme dans ses habitudes.  La grille d\u2019une maison voisine en construction \u00e9tait ouverte et le gardien a fait entrer la fille puis a ferm\u00e9 la grille. Ensuite il a saisi la fille, l\u2019a viol\u00e9e et a abus\u00e9 d\u2019elle toute la nuit puis il l\u2019a jet\u00e9e hors de la parcelle en la mena\u00e7ant au cas o\u00f9 elle le d\u00e9noncerait. C\u2019est le matin que la maman a retrouv\u00e9 sa fille couch\u00e9e dans la rue et qui ne savait plus se relever ni marcher en raison de sa souffrance. <\/p>\n\n\n\n<p>La fille a expliqu\u00e9 toute l\u2018histoire \u00e0 sa maman qui est tout de suite partie se plaindre \u00e0 la police qui a arr\u00eat\u00e9 le monsieur.<\/p>\n\n\n\n<p>La fille a \u00e9t\u00e9 conduite par la maman dans un centre qui nous a appel\u00e9s pour accueillir la fille afin de l\u2019h\u00e9berger et de la suivre pendant un temps. C\u2019est ainsi que nous avons pris du temps avec elle pour l\u2019accompagner, la r\u00e9concilier avec sa maman, et lui montrer un nouveau chemin de vie. Nous avons aid\u00e9 la maman en lui donnant une garantie locative pour trouver un autre logement dans un autre quartier et un microcr\u00e9dit pour relancer son petit commerce des haricots. Et nous avons inscrit Gemima dans une \u00e9cole proche, en classe de 5\u00b0primaire. Nous continuons \u00e0 suivre tr\u00e8s r\u00e9guli\u00e8rement l\u2019enfant qui est devenue plus calme et stable \u00e0 la maison et plus motiv\u00e9e pour son \u00e9cole.<\/p>\n\n\n\n<p><strong>Brigitte Bukaka, \u00e9ducatrice<\/strong><\/p>\n<\/div>\n\n\n\n<div class=\"wp-block-column is-layout-flow wp-block-column-is-layout-flow\" style=\"flex-basis:33.33%\">\n<figure class=\"wp-block-image size-full\"><img loading=\"lazy\" decoding=\"async\" width=\"283\" height=\"378\" src=\"https:\/\/www.streetchildrenofkinshasa.org\/wp-content\/uploads\/2023\/03\/Image15.jpg\" alt=\"\" class=\"wp-image-34828\" srcset=\"https:\/\/www.streetchildrenofkinshasa.org\/wp-content\/uploads\/2023\/03\/Image15.jpg 283w, https:\/\/www.streetchildrenofkinshasa.org\/wp-content\/uploads\/2023\/03\/Image15-225x300.jpg 225w\" sizes=\"auto, (max-width: 283px) 100vw, 283px\" \/><\/figure>\n<\/div>\n<\/div>\n\n\n\n<div class=\"wp-block-columns is-layout-flex wp-container-core-columns-is-layout-9d6595d7 wp-block-columns-is-layout-flex\">\n<div class=\"wp-block-column is-layout-flow wp-block-column-is-layout-flow\" style=\"flex-basis:33.33%\">\n<figure class=\"wp-block-image size-full is-resized\"><img loading=\"lazy\" decoding=\"async\" src=\"https:\/\/www.streetchildrenofkinshasa.org\/wp-content\/uploads\/2023\/03\/Image16.jpg\" alt=\"\" class=\"wp-image-34831\" width=\"247\" height=\"234\"\/><\/figure>\n<\/div>\n\n\n\n<div class=\"wp-block-column is-layout-flow wp-block-column-is-layout-flow\" style=\"flex-basis:66.66%\">\n<p><strong>13) N. Claude<\/strong>&nbsp;est un gar\u00e7on de 11 ans, cadet d\u2019une famille de quatre enfants. Les parents vivent ensemble sur une parcelle familiale de la famille maternelle. Mais la famille vit dans des conditions tr\u00e8s difficiles&nbsp;: le papa est l\u00e9preux et la maman presqu\u2019aveugle. La famille vit dans une grande mis\u00e8re dans un quartier p\u00e9riph\u00e9rique de Kinshasa. <\/p>\n\n\n\n<p>Les deux parents sont dans l\u2019impossibilit\u00e9 d\u2019exercer une activit\u00e9 lucrative et ce sont leurs enfants qui vont exercer des petites activit\u00e9s dans la rue afin de nourrir la famille. C\u2019est ainsi que Claude ne va pas \u00e0 l\u2019\u00e9cole mais cire les chaussures sur le march\u00e9 local afin de trouver un peu d\u2019argent pour la famille. Et souvent il ne rentre m\u00eame pas \u00e0 la maison mais reste dormir au march\u00e9 local. Nous avons rencontr\u00e9 l\u2019enfant sur le march\u00e9 o\u00f9 il travaille et nous l\u2019avons \u00e9cout\u00e9. Il a bien voulu &nbsp;nous donner l\u2019adresse de la famille et nous sommes partis visiter la famille.<\/p>\n\n\n\n<p>C\u2019est toute une famille qui vit sur cette parcelle dans une grande mis\u00e8re&nbsp;: les grands parents, les parents et leurs enfants dont aucun ne va \u00e0 l\u2019\u00e9cole. Nous avons d\u00e9cid\u00e9 de prendre en charge la scolarit\u00e9 de deux enfants, Claude et son fr\u00e8re Jordan&nbsp;; Claude a \u00e9t\u00e9 inscrit en 4\u00b0ann\u00e9e primaire, et son fr\u00e8re en 3\u00b0. Nous leur avons fourni l\u2019uniforme et le kit scolaire et leur avons fait donner des cours de rattrapage afin de les remettre \u00e0 niveau. Le papa  a \u00e9t\u00e9 trait\u00e9 dans un centre sp\u00e9cialis\u00e9 afin de l\u2019aider \u00e0 retrouver sa sant\u00e9.<\/p>\n\n\n\n<p>Nous devons encore trouver dans la famille la personne de confiance \u00e0 qui nous pouvons octroyer un microcr\u00e9dit pour la subsistance de la famille.<\/p>\n\n\n\n<p><\/p>\n\n\n\n<p><strong>Pascal Kanyki, \u00e9ducateur<\/strong><\/p>\n<\/div>\n<\/div>\n\n\n\n<div class=\"wp-block-columns is-layout-flex wp-container-core-columns-is-layout-9d6595d7 wp-block-columns-is-layout-flex\">\n<div class=\"wp-block-column is-layout-flow wp-block-column-is-layout-flow\" style=\"flex-basis:66.66%\">\n<p><strong>14. Chance <\/strong>est une fille de 16 ans qui vivait avec son p\u00e8re, et six autres enfants de plusieurs femmes. Mais le papa ne travaille plus en raison de son \u00e2ge et de son \u00e9tat de sant\u00e9 et la mis\u00e8re est grande dans la famille. C\u2019est pourquoi la femme du papa, d\u00e9courag\u00e9e par cette situation, est partie avec sa fille en vue de louer sa propre maison comme elle avait une fille en Angola qui lui envoyait r\u00e9guli\u00e8rement de l\u2019argent.<\/p>\n\n\n\n<p>Mais les choses ne se sont pas pass\u00e9es comme la femme l\u2019esp\u00e9rait. Elle a&nbsp; commenc\u00e9 \u00e0 accuser Chance d\u2019\u00eatre la sorci\u00e8re \u00e0 la base du blocage de ses projets, comme le lui avait r\u00e9v\u00e9l\u00e9 un pasteur d\u2019une Eglise de R\u00e9veil. D\u00e8s lors, maman Sophie a commenc\u00e9 \u00e0 maltraiter sa fille et \u00e0 la pers\u00e9cuter si bien qu&rsquo;elle a fui la maison pour aller dans la rue. Elle a pu trouver un centre qui l\u2019a accueillie et h\u00e9berg\u00e9e, mais le centre n&rsquo;a  fait aucune d\u00e9marche de r\u00e9unification familiale, la fille s\u2019est d\u00e9courag\u00e9e de cette situation et est repartie dans la rue o\u00f9 une amie l\u2019a orient\u00e9e vers notre centre. <\/p>\n\n\n\n<p>Nous l\u2019avons accueillie et \u00e9cout\u00e9e, et notre psychologue a pris du temps avec elle pour l\u2019aider \u00e0 retrouver confiance en elle-m\u00eame. La fille nous a donn\u00e9 l\u2019adresse de son p\u00e8re&nbsp;qui a commenc\u00e9 par refuser de la recevoir \u00e0 cause de que qu&rsquo;elle avait fait en l\u2019abandonnant dans sa maison. Poursuite de l\u2019\u00e9coute et reconstruction du lien avec le papa et sa femme qui ont fini par accepter de collaborer avec nous. Nous avons alors aid\u00e9 le papa \u00e0 achever sa maison qui restait depuis longtemps en chantier . La fille est revenue chez son p\u00e8re et est en quatri\u00e8me ann\u00e9e secondaire o\u00f9 elle a r\u00e9ussi son ann\u00e9e, premi\u00e8re de sa classe avec 63%.&nbsp;&nbsp;<\/p>\n\n\n\n<p><strong>Eloge Mbuka , \u00e9ducatrice<\/strong><\/p>\n<\/div>\n\n\n\n<div class=\"wp-block-column is-layout-flow wp-block-column-is-layout-flow\" style=\"flex-basis:33.33%\">\n<figure class=\"wp-block-image size-full\"><img loading=\"lazy\" decoding=\"async\" width=\"227\" height=\"302\" src=\"https:\/\/www.streetchildrenofkinshasa.org\/wp-content\/uploads\/2023\/03\/Image17.jpg\" alt=\"\" class=\"wp-image-34834\" srcset=\"https:\/\/www.streetchildrenofkinshasa.org\/wp-content\/uploads\/2023\/03\/Image17.jpg 227w, https:\/\/www.streetchildrenofkinshasa.org\/wp-content\/uploads\/2023\/03\/Image17-225x300.jpg 225w\" sizes=\"auto, (max-width: 227px) 100vw, 227px\" \/><\/figure>\n<\/div>\n<\/div>\n\n\n\n<div class=\"wp-block-columns is-layout-flex wp-container-core-columns-is-layout-9d6595d7 wp-block-columns-is-layout-flex\">\n<div class=\"wp-block-column is-layout-flow wp-block-column-is-layout-flow\" style=\"flex-basis:66.66%\">\n<p><strong>15)<\/strong><strong> Espoir Mfumu Nkama&nbsp;:<\/strong><\/p>\n\n\n\n<p>Nous accueillons depuis plusieurs ann\u00e9es des grands jeunes : de 18 \u00e0 30 ans. La majorit\u00e9 vivent dans la rue et parfois avec leur famille : femme et enfants&#8230; Les logements sont disponibles mais la garantie locative de plusieurs mois n&rsquo;est pas facilement accessible aux jeunes. Ce jour-l\u00e0, le charg\u00e9 de discipline m\u2019annonce l&rsquo;arriv\u00e9e d&rsquo;un jeune en situation de handicap moteur. Le jeune voulait rencontrer un responsable pour demander de l&rsquo;aide. Le charg\u00e9 de discipline lui dit de passer \u00e0 la paroisse pour voir le service de Caritas. Le jeune dit qu&rsquo;il n&rsquo;est pas indigent mais en situation difficile. Il ne va pas quitter, s&rsquo;il n&rsquo;a pas rencontr\u00e9 le responsable.<\/p>\n\n\n\n<p>Je suis monsieur Espoir Mfumu Nkama dit il ! Son nom veut dire : Mfumu : chef et Nkama: argent. Joie de t&rsquo;accueillir dans notre modeste bureau. Je peux t&rsquo;aider \u00e0 t&rsquo;asseoir? Non je sais me d\u00e9brouiller moi-m\u00eame&#8230; D&rsquo;un geste, il saute et s&rsquo;assied sur le tabouret. En effet Espoir est un jeune d&rsquo;une vingtaine ann\u00e9e h\u00e9mipl\u00e9gique depuis le bas \u00e2ge, se d\u00e9pla\u00e7ant \u00e0 quatre pattes. Que pouvons-nous faire pour t&rsquo;aider ? \u00ab\u00a0Je suis Espoir et je n&rsquo;ai jamais perdu espoir&#8230; \u00ab\u00a0<\/p>\n\n\n\n<p>Voil\u00e0 quelques mois que j&rsquo;ai quitt\u00e9 mon village : Lukala, pour venir me d\u00e9brouiller ici \u00e0 Kin. J&rsquo;avais trouv\u00e9 un logement en t\u00f4les. J&rsquo;ai pay\u00e9 la garantie de 5 mois. Pendant ces 5 mois je ne payais plus. A la fin du 5\u00e8me mois j&rsquo;ai appel\u00e9 mon bailleur pour lui payer mon loyer mensuel. A ma grande surprise, il m&rsquo;a dit de quitter la maison si je ne lui redonnait pas 5 mois de garantie. Je pensais que je ne devais plus payer la garantie mais seulement le loyer mensuel (comme \u00e7a se fait ailleurs)&#8230; Il me donne l&rsquo;ultimatum de trois jours. \u00ab\u00a0Regardez comment je suis, sans famille ni ami. Une nuit dans la rue de Kin et je suis mort et d\u00e9pouill\u00e9, ils ne vont pas voir mon handicap.\u00a0\u00bb<\/p>\n<\/div>\n\n\n\n<div class=\"wp-block-column is-layout-flow wp-block-column-is-layout-flow\" style=\"flex-basis:33.33%\">\n<figure class=\"wp-block-image size-full\"><img loading=\"lazy\" decoding=\"async\" width=\"276\" height=\"492\" src=\"https:\/\/www.streetchildrenofkinshasa.org\/wp-content\/uploads\/2023\/03\/Image18.jpg\" alt=\"\" class=\"wp-image-34837\" srcset=\"https:\/\/www.streetchildrenofkinshasa.org\/wp-content\/uploads\/2023\/03\/Image18.jpg 276w, https:\/\/www.streetchildrenofkinshasa.org\/wp-content\/uploads\/2023\/03\/Image18-168x300.jpg 168w\" sizes=\"auto, (max-width: 276px) 100vw, 276px\" \/><\/figure>\n<\/div>\n<\/div>\n\n\n\n<div class=\"wp-block-columns is-layout-flex wp-container-core-columns-is-layout-9d6595d7 wp-block-columns-is-layout-flex\">\n<div class=\"wp-block-column is-layout-flow wp-block-column-is-layout-flow\">\n<p>Nous pouvons t&rsquo;aider \u00e0 rentrer au village rejoindre les tiens. \u00ab&nbsp;Jamais ! Ici je gagne ma vie. Je vends \u00e0 m\u00eame le sol des petits articles et j&rsquo;ai le n\u00e9cessaire pour survivre. Au village, on me traite comme un vaurien, malgr\u00e9 mon dipl\u00f4me d&rsquo;\u00c9tat. Mes parents m&rsquo;envoient mendier alors que je suis intelligent, je suis peu mobile mais capable de me d\u00e9brouiller. Ils ont d\u00e9j\u00e0 essay\u00e9 de me d\u00e9poser dans un orphelinat. Je vous promets que je ne reviendrai plus ici pour mendier ; aidez-moi&nbsp;\u00bb.&nbsp;<\/p>\n\n\n\n<p>Il donna le contact de son bailleur, et, avec un \u00e9ducateur ils vont visiter la maison. On demande une d\u00e9rogation de quelques jours et on paie la garantie.<\/p>\n\n\n\n<p>Le jeune est tr\u00e8s heureux et fier de ce qu&rsquo;il fait : son petit commerce. On le rencontre de temps en temps au rond-point vendre ses articles devant l&rsquo;h\u00f4tel Mayalos.<\/p>\n\n\n\n<p>Un jour, alors qu&rsquo;il faisait tr\u00e8s chaud, le jeune me dit : \u00ab&nbsp;Fr\u00e8re, prend quelque chose dans ce que je vends&nbsp;\u00bb. Je lui dit&nbsp;: \u00ab&nbsp;Non, je dois plut\u00f4t acheter&nbsp;\u00bb. \u00ab&nbsp;Quoi toi aussi, tu me consid\u00e8re incapable de g\u00e9n\u00e9rosit\u00e9 puisqu&rsquo;en situation de handicap ?&nbsp;\u00bb J&rsquo;\u00e9tais boulevers\u00e9 de ces mots et plein d&rsquo;admiration pour ce jeune. Je lui dis : \u00ab&nbsp;Un papier mouchoir&nbsp;\u00bb. Tout en rigolant, il me donne un paquet que j&rsquo;ouvre en sa pr\u00e9sence et je m&rsquo;essuyai. Il dit \u00ab\u00a0je savais que c&rsquo;\u00e9tait \u00e7a\u00a0\u00bb. Il poursuit en disant : \u00ab\u00a0Je prie chaque jour pour vous et pour votre mission, merci.\u00a0\u00bb. \u00a0\u00bb C&rsquo;est un bonheur et un honneur de te voir aussi courageux et g\u00e9n\u00e9reux, Merci.\u00a0\u00bb&nbsp;<\/p>\n\n\n\n<p>Le jeune a int\u00e9gr\u00e9 le groupe d&rsquo;autres personnes en situation de handicap de la paroisse sainte Christine pour des \u00e9changes. Il aura tr\u00e8s bient\u00f4t un v\u00e9lo qui lui permettra de se d\u00e9placer plus rapidement et de fa\u00e7on plus hygi\u00e9nique.<\/p>\n\n\n\n<p><strong>&nbsp;Martin Ekokanya, \u00e9ducateur charg\u00e9 des grands jeunes<\/strong><\/p>\n<\/div>\n<\/div>\n\n\n\n<div class=\"wp-block-columns is-layout-flex wp-container-core-columns-is-layout-9d6595d7 wp-block-columns-is-layout-flex\">\n<div class=\"wp-block-column is-layout-flow wp-block-column-is-layout-flow\" style=\"flex-basis:33.33%\">\n<figure class=\"wp-block-image size-full is-resized\"><img loading=\"lazy\" decoding=\"async\" src=\"https:\/\/www.streetchildrenofkinshasa.org\/wp-content\/uploads\/2023\/03\/Image19.jpg\" alt=\"\" class=\"wp-image-34840\" width=\"254\" height=\"307\"\/><\/figure>\n<\/div>\n\n\n\n<div class=\"wp-block-column is-layout-flow wp-block-column-is-layout-flow\" style=\"flex-basis:66.66%\">\n<p><strong>16)Ruth M.<\/strong> est \u00e2g\u00e9e de 22 ans, et habite \u00e0 Kindele dans la parcelle familiale.<br>Elle a connu des moments difficiles dans sa vie, sa m\u00e8re a \u00e9t\u00e9 prostitu\u00e9e et a eu six enfants avec plusieurs maris. Ruth et sa s\u0153ur n&rsquo;ont jamais connu leur p\u00e8re. Elle a \u00e9t\u00e9 sur le banc de l&rsquo;\u00e9cole jusqu&rsquo;en deuxi\u00e8me primaire seulement. Vu la mis\u00e8re insupportable, elle jugea bon de rejoindre ses amies vivant de la prostitution pour sa survie. Elle a fr\u00e9quent\u00e9 le centre IREBU \u00e0 Matonge.<br>Elle a rencontr\u00e9 un jeune avec lequel elle a eu deux enfants, mais cet homme n&rsquo;\u00e9tait pas en mesure de les prendre en charge parce qu&rsquo;il \u00e9tait d\u00e9j\u00e0 mari\u00e9 \u00e0 une autre femme. Et elle a \u00e9t\u00e9 oblig\u00e9e de reprendre la prostitution pour sauver sa petite famille.<br>Elle a rencontr\u00e9 les \u00e9ducateurs de Ndako Ya Biso qui lui ont donn\u00e9 de l&#8217;empathie et qui l\u2019ont \u00e9cout\u00e9e. Cela a permis aux \u00e9ducateurs d&rsquo;\u00e9tablir avec elle un projet d&rsquo;ensemble. D\u2019abord avec un suivi psychologique, parce que la situation du p\u00e8re de ses enfants l&rsquo;avait rendue malade &#8211; comment un p\u00e8re peut-il&nbsp;abandonner ses enfants sous pr\u00e9texte qu&rsquo;il est mari\u00e9 ? -. Faire la m\u00e9diation avec le p\u00e8re de ses enfants si possible et lui offrir une formation en coupe et couture dans l&rsquo;objectif de la rendre autonome. <\/p>\n\n\n\n<p>Le responsable du centre a essay\u00e9 de rencontrer le mari de Ruth mais cette d\u00e9marche n&rsquo;a pas donn\u00e9 de r\u00e9sultat. Cependant Ndako Ya Biso a appuy\u00e9 Ruth pour r\u00e9parer leur maison pour qu&rsquo;elle puisse avoir un abri avec ses enfants et aussi un appui alimentaire. Quelques mois plus tard, sa s\u0153ur a\u00een\u00e9e d\u00e9c\u00e9da et laissa deux enfants une fille de 12ans et un gar\u00e7on de 6 mois, mal-nourris qui sont maintenant \u00e0 la charge de Ruth. Nndako Ya Biso a aussi donn\u00e9 un appui de Soya pour le b\u00e9b\u00e9 de 6 mois. Malgr\u00e9 sa situation &nbsp;difficile, elle est rest\u00e9e d\u00e9termin\u00e9e \u00e0 suivre sa formation jusqu&rsquo;\u00e0 la fin. &nbsp; <\/p>\n\n\n\n<p>Elle &nbsp;a fini avec succ\u00e8s et elle est retenue dans le m\u00eame atelier en vue de perfectionner encore avant qu&rsquo;elle puisse s&rsquo;installer elle-m\u00eame. Nous lui avons d\u00e9j\u00e0 donn\u00e9 sa machine \u00e0 coudre et elle commence \u00e0 trouver ses propres clients ce qui lui donne de la joie et de la confiance.<br><strong>Bibiane Kabena, \u00e9ducatrice charg\u00e9e des grands jeunes<\/strong><\/p>\n<\/div>\n<\/div>\n\n\n\n<div class=\"wp-block-columns is-layout-flex wp-container-core-columns-is-layout-9d6595d7 wp-block-columns-is-layout-flex\">\n<div class=\"wp-block-column is-layout-flow wp-block-column-is-layout-flow\">\n<figure class=\"wp-block-table\"><table><tbody><tr><td><strong><em>Les quatre derniers t\u00e9moignages sont ceux de mamans des enfants de la rue qui ont pu recevoir de notre part un microcr\u00e9dit en vue de pouvoir reprendre en charge la survie de leur famille.<\/em><\/strong><\/td><\/tr><\/tbody><\/table><\/figure>\n\n\n\n<p><strong>17) La famille K.&nbsp;:<\/strong><\/p>\n\n\n\n<p>C\u2019est le directeur d\u2019une \u00e9cole dans le quartier de Kindele qui le premier a rep\u00e9r\u00e9 cette famille et m\u2019a appel\u00e9&nbsp;: une maman seule avec ses 8 enfants. Maman Tantine K. et ses enfants ont \u00e9t\u00e9 abandonn\u00e9s par leur papa dans un village \u00e0 l\u2019int\u00e9rieur du pays. Un ami a encourag\u00e9 la maman \u00e0 venir chercher une vie nouvelle \u00e0 Kinshasa. Mais la famille vit dans des conditions tr\u00e8s difficiles. Le propri\u00e9taire du studio o\u00f9 ils habitent veut les chasser car cette famille nombreuse le d\u00e9range. <\/p>\n\n\n\n<p>Les enfants non scolaris\u00e9s et mal-nourris cherchent des petits boulots&nbsp;; nous en avons rencontr\u00e9 deux en train de ramasser des cailloux pour les revendre. Nous avons essay\u00e9 de mettre nos outils au service de cette famille. Puis nous lui avons octroy\u00e9 une garantie locative pour trouver un meilleur logement puis un microcr\u00e9dit de 50$ pour l\u2019aider \u00e0 commencer son petit potager. En attendant que ses l\u00e9gumes poussent, elle en ach\u00e8te \u00e0 d\u2019autres mamans productrices pour les revendre et la situation de la famille commence \u00e0 s\u2019am\u00e9liorer. Nous avons d\u00e9j\u00e0 pu placer deux enfants dans une \u00e9cole primaire locale.<\/p>\n\n\n\n<p><strong>Pauline Nlandu, \u00e9ducatrice charg\u00e9e des microcr\u00e9dits<\/strong><\/p>\n\n\n\n<div class=\"wp-block-columns is-layout-flex wp-container-core-columns-is-layout-9d6595d7 wp-block-columns-is-layout-flex\">\n<div class=\"wp-block-column is-layout-flow wp-block-column-is-layout-flow\">\n<figure class=\"wp-block-image size-full\"><img loading=\"lazy\" decoding=\"async\" width=\"353\" height=\"264\" src=\"https:\/\/www.streetchildrenofkinshasa.org\/wp-content\/uploads\/2023\/03\/Image20.jpg\" alt=\"\" class=\"wp-image-34843\" srcset=\"https:\/\/www.streetchildrenofkinshasa.org\/wp-content\/uploads\/2023\/03\/Image20.jpg 353w, https:\/\/www.streetchildrenofkinshasa.org\/wp-content\/uploads\/2023\/03\/Image20-300x224.jpg 300w\" sizes=\"auto, (max-width: 353px) 100vw, 353px\" \/><\/figure>\n<\/div>\n<\/div>\n\n\n\n<div class=\"wp-block-columns is-layout-flex wp-container-core-columns-is-layout-9d6595d7 wp-block-columns-is-layout-flex\">\n<div class=\"wp-block-column is-layout-flow wp-block-column-is-layout-flow\" style=\"flex-basis:66.66%\">\n<p><strong>18) Maman Monique M.&nbsp;<\/strong>a 36 ans, elle est maman de sept enfants et son mari est d\u00e9c\u00e9d\u00e9 il y a quatre ans. La famille est venue de l\u2019int\u00e9rieur du pays(Kasa\u00ef) en esp\u00e9rant pouvoir trouver une meilleure vie \u00e0 Kinshasa. Mais deux ans plus tard, le papa est tomb\u00e9 malade et est d\u00e9c\u00e9d\u00e9. La famille du papa a rejet\u00e9 la maman et ses enfants et la maman n\u2019ayant aucune famille \u00e0 Kinshasa a pu \u00eatre h\u00e9berg\u00e9e provisoirement par une amie. <\/p>\n\n\n\n<p>Entretemps, tous les enfants ont d\u00fb abandonner l\u2019\u00e9cole, la maman ne pouvant plus les prendre en charge. Nous avons rencontr\u00e9 sa fille de 14 ans, Felly, en train de vendre de l\u2019eau au march\u00e9 local et elle nous a conduit jusqu\u2019\u00e0 sa maman. Nous avons pu remettre Felly \u00e0 l\u2019\u00e9cole et avons demand\u00e9 \u00e0 la maman quelle activit\u00e9 elle \u00e9tait capable de faire. Elle nous a dit qu\u2019elle savait pr\u00e9parer des beignets. Alors nous lui avons donn\u00e9 un premier cr\u00e9dit de 50$, avec lequel elle a commenc\u00e9 \u00e0 fabriquer et vendre ses beignets et elle nous a rembours\u00e9 le cr\u00e9dit en deux mois. <\/p>\n\n\n\n<p>Nous avons alors octroy\u00e9 \u00e0 la famille une garantie locative afin qu\u2019ils puissent disposer de leur logement et nous avons octroy\u00e9 un deuxi\u00e8me cr\u00e9dit de 70$ \u00e0 la maman \u00e9galement rapidement rembours\u00e9. Ensuite un cr\u00e9dit de 100$&nbsp;: maintenant elle dispose de son stock de deux sacs de farine et d\u2019un bidon de 25l d\u2019huile&nbsp;; en outre, elle a diversifi\u00e9 son commerce et vend aussi des boudins. Elle arrive \u00e0 prendre en charge son loyer et a pu envoyer trois de ses enfants reprendre leur scolarit\u00e9.<\/p>\n\n\n\n<p><strong>G\u00e9d\u00e9on Kimwanga, \u00e9ducateur, charg\u00e9 des microcr\u00e9dits<\/strong><\/p>\n<\/div>\n\n\n\n<div class=\"wp-block-column is-layout-flow wp-block-column-is-layout-flow\" style=\"flex-basis:33.33%\">\n<figure class=\"wp-block-image size-full\"><img loading=\"lazy\" decoding=\"async\" width=\"227\" height=\"302\" src=\"https:\/\/www.streetchildrenofkinshasa.org\/wp-content\/uploads\/2023\/03\/Image21.jpg\" alt=\"\" class=\"wp-image-34846\" srcset=\"https:\/\/www.streetchildrenofkinshasa.org\/wp-content\/uploads\/2023\/03\/Image21.jpg 227w, https:\/\/www.streetchildrenofkinshasa.org\/wp-content\/uploads\/2023\/03\/Image21-225x300.jpg 225w\" sizes=\"auto, (max-width: 227px) 100vw, 227px\" \/><\/figure>\n<\/div>\n<\/div>\n\n\n\n<div class=\"wp-block-columns is-layout-flex wp-container-core-columns-is-layout-9d6595d7 wp-block-columns-is-layout-flex\">\n<div class=\"wp-block-column is-layout-flow wp-block-column-is-layout-flow\" style=\"flex-basis:33.33%\">\n<figure class=\"wp-block-image size-full\"><img loading=\"lazy\" decoding=\"async\" width=\"227\" height=\"302\" src=\"https:\/\/www.streetchildrenofkinshasa.org\/wp-content\/uploads\/2023\/03\/Image22.jpg\" alt=\"\" class=\"wp-image-34849\" srcset=\"https:\/\/www.streetchildrenofkinshasa.org\/wp-content\/uploads\/2023\/03\/Image22.jpg 227w, https:\/\/www.streetchildrenofkinshasa.org\/wp-content\/uploads\/2023\/03\/Image22-225x300.jpg 225w\" sizes=\"auto, (max-width: 227px) 100vw, 227px\" \/><\/figure>\n<\/div>\n\n\n\n<div class=\"wp-block-column is-layout-flow wp-block-column-is-layout-flow\" style=\"flex-basis:66.66%\">\n<p><strong>19) Maman Malu M.&nbsp;<\/strong>est la tante de l\u2019enfant Caleb B. qui est descendu dans la rue \u00e0 l\u2019\u00e2ge de douze ans, apr\u00e8s la s\u00e9paration de ses parents. L\u2019enfant a fait une ann\u00e9e dans la rue et est arriv\u00e9 dans notre centre. Nous l\u2019avons \u00e9cout\u00e9 et avons recherch\u00e9 sa famille. Mais son papa ne voulait pas le recevoir, nous avons pu trouver une tante maternelle qui a accept\u00e9 de l\u2019accueillir. Nous avons r\u00e9unifi\u00e9 l\u2019enfant chez sa tante et l\u2019avons mis \u00e0 l\u2019\u00e9cole en 6\u00b0 ann\u00e9e primaire. La tante faisait un petit commerce de charbon de bois, mais n\u2019avait qu\u2019un petit capital de 10$ et achetait des demi sacs pour les revendre avec tr\u00e8s peu de b\u00e9n\u00e9fice. <\/p>\n\n\n\n<p>Avec notre cr\u00e9dit de 50$, elle a pu acheter deux sacs de charbon et nous a rapidement rembours\u00e9 ce premier cr\u00e9dit. Nous sommes alors pass\u00e9s \u00e0 un 2\u00b0cr\u00e9dit de 60$, puis \u00e0 un troisi\u00e8me de de 100$. Maintenant, la maman est \u00e0 son quatri\u00e8me cr\u00e9dit d\u2019un montant de 100$ et son capital est pass\u00e9 \u00e0 six sacs de charbon de bois. Les conditions de vie de la famille se sont am\u00e9lior\u00e9es et la maman est fi\u00e8re de son activit\u00e9 commerciale tandis que Caleb poursuit son \u00e9cole.<\/p>\n\n\n\n<p><strong>Elie Mukweti, \u00e9ducateur charg\u00e9 des microcr\u00e9dits<\/strong><\/p>\n\n\n\n<p><\/p>\n<\/div>\n<\/div>\n\n\n\n<div class=\"wp-block-columns is-layout-flex wp-container-core-columns-is-layout-9d6595d7 wp-block-columns-is-layout-flex\">\n<div class=\"wp-block-column is-layout-flow wp-block-column-is-layout-flow\" style=\"flex-basis:66.66%\">\n<p><strong>20) Maman L. Sarah&nbsp;:<\/strong> Maman Sarah est une veuve \u00e2g\u00e9e de 58 ans et m\u00e8re de 5 enfants dont L. Caroline, r\u00e9unifi\u00e9e de NYB en 2018 \u00e0 l\u2019\u00e2ge de 13 ans.<\/p>\n\n\n\n<p>La situation de la m\u00e8re et ses enfants s\u2019\u00e9tait compliqu\u00e9e \u00e0 la mort de son mari. La famille du d\u00e9funt a menac\u00e9 la qui\u00e9tude de maman Sarah, qui a fini par \u00eatre rappel\u00e9e (les enfants y compris) par sa m\u00e8re biologique, dans la parcelle familiale.<\/p>\n\n\n\n<p>La grand-m\u00e8re d\u00e9j\u00e0 affaiblie par le poids d\u2019\u00e2ge faisait appel \u00e0 d\u2019autres membres de la famille pour la cause des enfants de sa fille Sarah L.. Mais les besoins prioritaires dont le manger et le v\u00eatir posaient probl\u00e8me. Et la mendicit\u00e9 dans le quartier a pouss\u00e9 la deuxi\u00e8me n\u00e9e de maman Sarah \u00e0 devenir m\u00e8re \u00e0 l\u2019\u00e2ge de 15 ans.<\/p>\n\n\n\n<p>Les enfants ont pu rencontrer sur le march\u00e9 local, en 2018, une \u00e9ducatrice de NYB qui a \u00e9cout\u00e9 et compris l\u2019histoire, a vite retrouv\u00e9 leur m\u00e8re qui avait l\u2019\u00e9talage de sa vieille m\u00e8re au march\u00e9 de Selembao, dans la commune de Bumbu pour vendre la friperie.<\/p>\n\n\n\n<p>La r\u00e9unification faite, la scolarit\u00e9 des enfants a \u00e9t\u00e9 appuy\u00e9e par des kits et le payement des frais scolaires. Mais le commerce de maman n\u2019arrivait pas \u00e0 nourrir sa famille. Elle tombait souvent malade. Pour elle, c\u2019\u00e9tait le mauvais sort jet\u00e9 par d\u2019autres vendeurs du march\u00e9 qui cherchent \u00e0 \u00e9liminer les faibles. C\u2019est pourquoi elle s\u2019adonnait \u00e0 une Eglise de r\u00e9veil.<\/p>\n<\/div>\n\n\n\n<div class=\"wp-block-column is-layout-flow wp-block-column-is-layout-flow\" style=\"flex-basis:33.33%\">\n<figure class=\"wp-block-image size-full\"><img loading=\"lazy\" decoding=\"async\" width=\"334\" height=\"340\" src=\"https:\/\/www.streetchildrenofkinshasa.org\/wp-content\/uploads\/2023\/03\/Image23.jpg\" alt=\"\" class=\"wp-image-34852\" srcset=\"https:\/\/www.streetchildrenofkinshasa.org\/wp-content\/uploads\/2023\/03\/Image23.jpg 334w, https:\/\/www.streetchildrenofkinshasa.org\/wp-content\/uploads\/2023\/03\/Image23-295x300.jpg 295w\" sizes=\"auto, (max-width: 334px) 100vw, 334px\" \/><\/figure>\n<\/div>\n<\/div>\n\n\n\n<p>L\u2019\u00e9quipe de microcr\u00e9dits a \u00e9t\u00e9 invit\u00e9e pour accompagner maman L. Sarah, qui a partag\u00e9 son histoire pendant la prospection. Elle revendait les habits de derni\u00e8re qualit\u00e9 ce qui ne rapportait pas beaucoup et, au moment des f\u00eates elle ne pouvait rien faire car ce sont les habits de tr\u00e8s bonne qualit\u00e9 qui int\u00e9ressaient les clients.<\/p>\n\n\n\n<p>Nous lui avons donn\u00e9 un premier cr\u00e9dit de 50$ auquel elle a ajout\u00e9 \u00e0 son petit capital pour s\u2019acheter un sac d\u2019habits de bonne qualit\u00e9 qu\u2019elle a termin\u00e9 de vendre 10 jours apr\u00e8s.<\/p>\n\n\n\n<p>Petit \u00e0 petit, elle pouvait renouveler son stock chaque semaine au moins et assurer la s\u00e9curit\u00e9 alimentaire de la maisonn\u00e9e.<\/p>\n\n\n\n<p>A la fin du remboursement, elle \u00e9tait satisfaite de ne pas sentir le poids. Elle a renouvel\u00e9 plusieurs fois les MC avec un montant de 100$. Au-del\u00e0 d\u2019avoir stabilis\u00e9 ses enfants, elle a pu s\u2019acheter 5 sacs de friperie (habits) par semaine, ouvert&nbsp; une \u00e9pargne en vue de pr\u00e9parer la fin avec NYB&nbsp; et le montant de cette \u00e9pargne atteint d\u00e9j\u00e0 70$.<\/p>\n\n\n\n<p>Elle continue \u00e0 habiter la parcelle familiale apr\u00e8s le d\u00e9c\u00e8s de sa m\u00e8re, il y a 2 ans aujourd\u2019hui et s\u2019est achet\u00e9 un terrain o\u00f9 elle est en train de se faire construire une maison.<\/p>\n\n\n\n<p><strong>Jean-Pascal Longele<\/strong><\/p>\n\n\n\n<div class=\"wp-block-columns is-layout-flex wp-container-core-columns-is-layout-9d6595d7 wp-block-columns-is-layout-flex\">\n<div class=\"wp-block-column is-layout-flow wp-block-column-is-layout-flow\">\n<p><\/p>\n<\/div>\n<\/div>\n\n\n\n<p><\/p>\n<\/div>\n<\/div>\n\n\n\n<div class=\"wp-block-columns is-layout-flex wp-container-core-columns-is-layout-9d6595d7 wp-block-columns-is-layout-flex\">\n<div class=\"wp-block-column is-layout-flow wp-block-column-is-layout-flow\" style=\"flex-basis:100%\"><\/div>\n<\/div>\n\n\n\n<p><\/p>\n<\/div>\n<\/div>\n<\/div>\n<\/div>\n\n\n\n<p><\/p>\n\n\n\n<div class=\"wp-block-columns is-layout-flex wp-container-core-columns-is-layout-9d6595d7 wp-block-columns-is-layout-flex\">\n<div class=\"wp-block-column is-layout-flow wp-block-column-is-layout-flow\">\n<p><\/p>\n\n\n\n<p><\/p>\n<\/div>\n<\/div>\n\n\n\n<div class=\"wp-block-columns is-layout-flex wp-container-core-columns-is-layout-9d6595d7 wp-block-columns-is-layout-flex\"><\/div>\n\n\n\n<div class=\"wp-block-columns is-layout-flex wp-container-core-columns-is-layout-9d6595d7 wp-block-columns-is-layout-flex\">\n<div class=\"wp-block-column is-layout-flow wp-block-column-is-layout-flow\" style=\"flex-basis:100%\">\n<p><\/p>\n\n\n\n<p><\/p>\n\n\n\n<p><\/p>\n\n\n\n<p><\/p>\n\n\n\n<p><\/p>\n\n\n\n<p> <\/p>\n<\/div>\n<\/div>\n\n\n\n<div class=\"wp-block-columns is-layout-flex wp-container-core-columns-is-layout-9d6595d7 wp-block-columns-is-layout-flex\">\n<div class=\"wp-block-column is-layout-flow wp-block-column-is-layout-flow\" style=\"flex-basis:100%\"><\/div>\n<\/div>\n\n\n\n<div class=\"wp-block-columns is-layout-flex wp-container-core-columns-is-layout-9d6595d7 wp-block-columns-is-layout-flex\">\n<div class=\"wp-block-column is-layout-flow wp-block-column-is-layout-flow\" style=\"flex-basis:100%\">\n<p><\/p>\n<\/div>\n<\/div>\n\n\n\n<div class=\"wp-block-columns is-layout-flex wp-container-core-columns-is-layout-9d6595d7 wp-block-columns-is-layout-flex\">\n<div class=\"wp-block-column is-layout-flow wp-block-column-is-layout-flow\" style=\"flex-basis:100%\">\n<p><\/p>\n<\/div>\n\n\n\n<div class=\"wp-block-column is-layout-flow wp-block-column-is-layout-flow\" style=\"flex-basis:100%\">\n<p><\/p>\n<\/div>\n<\/div>\n\n\n\n<div class=\"wp-block-columns is-layout-flex wp-container-core-columns-is-layout-9d6595d7 wp-block-columns-is-layout-flex\">\n<div class=\"wp-block-column is-layout-flow wp-block-column-is-layout-flow\" style=\"flex-basis:100%\">\n<p><\/p>\n<\/div>\n<\/div>\n\n\n\n<div class=\"wp-block-columns is-layout-flex wp-container-core-columns-is-layout-9d6595d7 wp-block-columns-is-layout-flex\">\n<div class=\"wp-block-column is-layout-flow wp-block-column-is-layout-flow\" style=\"flex-basis:100%\">\n<p><\/p>\n<\/div>\n<\/div>\n\n\n\n<div class=\"wp-block-columns is-layout-flex wp-container-core-columns-is-layout-9d6595d7 wp-block-columns-is-layout-flex\">\n<div class=\"wp-block-column is-layout-flow wp-block-column-is-layout-flow\" style=\"flex-basis:100%\">\n<p><\/p>\n<\/div>\n<\/div>\n\n\n\n<div class=\"wp-block-columns is-layout-flex wp-container-core-columns-is-layout-9d6595d7 wp-block-columns-is-layout-flex\">\n<div class=\"wp-block-column is-layout-flow wp-block-column-is-layout-flow\" style=\"flex-basis:100%\">\n<div class=\"wp-block-columns is-layout-flex wp-container-core-columns-is-layout-9d6595d7 wp-block-columns-is-layout-flex\">\n<div class=\"wp-block-column is-layout-flow wp-block-column-is-layout-flow\" style=\"flex-basis:100%\">\n<p><\/p>\n<\/div>\n<\/div>\n<\/div>\n<\/div>\n\n\n\n<div class=\"wp-block-columns is-layout-flex wp-container-core-columns-is-layout-9d6595d7 wp-block-columns-is-layout-flex\">\n<div class=\"wp-block-column is-layout-flow wp-block-column-is-layout-flow\" style=\"flex-basis:100%\">\n<p><\/p>\n<\/div>\n<\/div>\n\n\n\n<div class=\"wp-block-columns is-layout-flex wp-container-core-columns-is-layout-9d6595d7 wp-block-columns-is-layout-flex\">\n<div class=\"wp-block-column is-layout-flow wp-block-column-is-layout-flow\" style=\"flex-basis:100%\"><\/div>\n<\/div>\n\n\n\n<div class=\"wp-block-columns is-layout-flex wp-container-core-columns-is-layout-9d6595d7 wp-block-columns-is-layout-flex\">\n<div class=\"wp-block-column is-layout-flow wp-block-column-is-layout-flow\" style=\"flex-basis:100%\">\n<p><\/p>\n<\/div>\n<\/div>\n\n\n\n<div class=\"wp-block-columns is-layout-flex wp-container-core-columns-is-layout-9d6595d7 wp-block-columns-is-layout-flex\">\n<div class=\"wp-block-column is-layout-flow wp-block-column-is-layout-flow\" style=\"flex-basis:100%\">\n<p><\/p>\n<\/div>\n<\/div>\n\n\n\n<div class=\"wp-block-columns is-layout-flex wp-container-core-columns-is-layout-9d6595d7 wp-block-columns-is-layout-flex\">\n<div class=\"wp-block-column is-layout-flow wp-block-column-is-layout-flow\" style=\"flex-basis:100%\">\n<p><\/p>\n\n\n\n<p><\/p>\n<\/div>\n<\/div>\n\n\n\n<div class=\"wp-block-columns is-layout-flex wp-container-core-columns-is-layout-9d6595d7 wp-block-columns-is-layout-flex\">\n<div class=\"wp-block-column is-layout-flow wp-block-column-is-layout-flow\" style=\"flex-basis:100%\">\n<p><\/p>\n<\/div>\n<\/div>\n\n\n\n<div class=\"wp-block-columns is-layout-flex wp-container-core-columns-is-layout-9d6595d7 wp-block-columns-is-layout-flex\">\n<div class=\"wp-block-column is-layout-flow wp-block-column-is-layout-flow\" style=\"flex-basis:100%\">\n<p><\/p>\n<\/div>\n<\/div>\n\n\n\n<div class=\"wp-block-columns is-layout-flex wp-container-core-columns-is-layout-9d6595d7 wp-block-columns-is-layout-flex\">\n<div class=\"wp-block-column is-layout-flow wp-block-column-is-layout-flow\" style=\"flex-basis:100%\">\n<p><\/p>\n<\/div>\n<\/div>\n\n\n\n<div class=\"wp-block-columns is-layout-flex wp-container-core-columns-is-layout-9d6595d7 wp-block-columns-is-layout-flex\">\n<div class=\"wp-block-column is-layout-flow wp-block-column-is-layout-flow\" style=\"flex-basis:100%\">\n<p><\/p>\n<\/div>\n<\/div>\n\n\n\n<div class=\"wp-block-columns is-layout-flex wp-container-core-columns-is-layout-9d6595d7 wp-block-columns-is-layout-flex\">\n<div class=\"wp-block-column is-layout-flow wp-block-column-is-layout-flow\" style=\"flex-basis:100%\">\n<p><\/p>\n<\/div>\n<\/div>\n\n\n\n<div class=\"wp-block-columns is-layout-flex wp-container-core-columns-is-layout-9d6595d7 wp-block-columns-is-layout-flex\">\n<div class=\"wp-block-column is-layout-flow wp-block-column-is-layout-flow\" style=\"flex-basis:100%\">\n<p><\/p>\n<\/div>\n<\/div>\n\n\n\n<div class=\"wp-block-columns is-layout-flex wp-container-core-columns-is-layout-9d6595d7 wp-block-columns-is-layout-flex\">\n<div class=\"wp-block-column is-layout-flow wp-block-column-is-layout-flow\" style=\"flex-basis:100%\">\n<p><\/p>\n<\/div>\n<\/div>\n\n\n\n<div class=\"wp-block-columns is-layout-flex wp-container-core-columns-is-layout-9d6595d7 wp-block-columns-is-layout-flex\">\n<div class=\"wp-block-column is-layout-flow wp-block-column-is-layout-flow\" style=\"flex-basis:100%\"><\/div>\n<\/div>\n\n\n\n<div class=\"wp-block-columns is-layout-flex wp-container-core-columns-is-layout-9d6595d7 wp-block-columns-is-layout-flex\">\n<div class=\"wp-block-column is-layout-flow wp-block-column-is-layout-flow\" style=\"flex-basis:33.33%\"><\/div>\n\n\n\n<div class=\"wp-block-column is-layout-flow wp-block-column-is-layout-flow\" style=\"flex-basis:66.66%\"><\/div>\n<\/div>\n\n\n\n<div class=\"wp-block-columns is-layout-flex wp-container-core-columns-is-layout-9d6595d7 wp-block-columns-is-layout-flex\">\n<div class=\"wp-block-column is-layout-flow wp-block-column-is-layout-flow\" style=\"flex-basis:33.33%\"><\/div>\n\n\n\n<div class=\"wp-block-column is-layout-flow wp-block-column-is-layout-flow\" style=\"flex-basis:66.66%\"><\/div>\n<\/div>\n\n\n\n<div class=\"wp-block-columns is-layout-flex wp-container-core-columns-is-layout-9d6595d7 wp-block-columns-is-layout-flex\">\n<div class=\"wp-block-column is-layout-flow wp-block-column-is-layout-flow\" style=\"flex-basis:100%\">\n<p><\/p>\n<\/div>\n<\/div>\n\n\n\n<div class=\"wp-block-columns is-layout-flex wp-container-core-columns-is-layout-9d6595d7 wp-block-columns-is-layout-flex\">\n<div class=\"wp-block-column is-layout-flow wp-block-column-is-layout-flow\" style=\"flex-basis:100%\">\n<p><\/p>\n<\/div>\n\n\n\n<div class=\"wp-block-column is-layout-flow wp-block-column-is-layout-flow\" style=\"flex-basis:100%\">\n<p><\/p>\n<\/div>\n<\/div>\n\n\n\n<div class=\"wp-block-columns is-layout-flex wp-container-core-columns-is-layout-9d6595d7 wp-block-columns-is-layout-flex\"><\/div>\n\n\n\n<p><\/p>\n\n\n\n<p><\/p>\n","protected":false},"excerpt":{"rendered":"<p>Les 20 enfants qui ont le plus interpell\u00e9 les \u00e9ducateurs de Ndako ya Biso, au cours de l\u2019ann\u00e9e 2022<\/p>\n","protected":false},"author":13,"featured_media":34863,"comment_status":"open","ping_status":"open","sticky":false,"template":"","format":"standard","meta":{"_acf_changed":false,"footnotes":""},"categories":[50],"tags":[],"class_list":["post-34772","post","type-post","status-publish","format-standard","has-post-thumbnail","hentry","category-temoignages"],"acf":[],"yoast_head":"<!-- This site is optimized with the Yoast SEO plugin v27.5 - https:\/\/yoast.com\/product\/yoast-seo-wordpress\/ -->\n<title>MON ENFANT DE L\u2019ANNEE - % %<\/title>\n<meta name=\"description\" content=\"Les 20 enfants qui ont le plus interpell\u00e9 les \u00e9ducateurs de Ndako ya Biso, au cours de l\u2019ann\u00e9e 2022\" \/>\n<meta name=\"robots\" content=\"index, follow, max-snippet:-1, max-image-preview:large, max-video-preview:-1\" \/>\n<link rel=\"canonical\" href=\"https:\/\/www.streetchildrenofkinshasa.org\/fr\/mon-enfant-de-lannee\/\" \/>\n<meta property=\"og:locale\" content=\"fr_FR\" \/>\n<meta property=\"og:type\" content=\"article\" \/>\n<meta property=\"og:title\" content=\"MON ENFANT DE L\u2019ANNEE - % %\" \/>\n<meta property=\"og:description\" content=\"Les 20 enfants qui ont le plus interpell\u00e9 les \u00e9ducateurs de Ndako ya Biso, au cours de l\u2019ann\u00e9e 2022\" \/>\n<meta property=\"og:url\" content=\"https:\/\/www.streetchildrenofkinshasa.org\/fr\/mon-enfant-de-lannee\/\" \/>\n<meta property=\"og:site_name\" content=\"Ndako Ya Biso - Enfants de Kinshasa\" \/>\n<meta property=\"article:publisher\" content=\"https:\/\/www.facebook.com\/enfantsdelaruedekinshasa\/\" \/>\n<meta property=\"article:published_time\" content=\"2023-03-29T16:39:32+00:00\" \/>\n<meta property=\"article:modified_time\" content=\"2023-03-29T16:40:23+00:00\" \/>\n<meta property=\"og:image\" content=\"https:\/\/www.streetchildrenofkinshasa.org\/wp-content\/uploads\/2023\/03\/Photo-presentation-pour-site-Mon-enfant-2022.jpg\" \/>\n\t<meta property=\"og:image:width\" content=\"1754\" \/>\n\t<meta property=\"og:image:height\" content=\"1240\" \/>\n\t<meta property=\"og:image:type\" content=\"image\/jpeg\" \/>\n<meta name=\"author\" content=\"Philippe Englebert\" \/>\n<meta name=\"twitter:card\" content=\"summary_large_image\" \/>\n<meta name=\"twitter:label1\" content=\"\u00c9crit par\" \/>\n\t<meta name=\"twitter:data1\" content=\"Philippe Englebert\" \/>\n\t<meta name=\"twitter:label2\" content=\"Dur\u00e9e de lecture est.\" \/>\n\t<meta name=\"twitter:data2\" content=\"40 minutes\" \/>\n<script type=\"application\/ld+json\" class=\"yoast-schema-graph\">{\"@context\":\"https:\\\/\\\/schema.org\",\"@graph\":[{\"@type\":\"Article\",\"@id\":\"https:\\\/\\\/www.streetchildrenofkinshasa.org\\\/fr\\\/mon-enfant-de-lannee\\\/#article\",\"isPartOf\":{\"@id\":\"https:\\\/\\\/www.streetchildrenofkinshasa.org\\\/fr\\\/mon-enfant-de-lannee\\\/\"},\"author\":{\"name\":\"Philippe Englebert\",\"@id\":\"https:\\\/\\\/www.streetchildrenofkinshasa.org\\\/fr\\\/#\\\/schema\\\/person\\\/a516a2618dd79acf99b1a9dc1b711320\"},\"headline\":\"MON ENFANT DE L\u2019ANNEE\",\"datePublished\":\"2023-03-29T16:39:32+00:00\",\"dateModified\":\"2023-03-29T16:40:23+00:00\",\"mainEntityOfPage\":{\"@id\":\"https:\\\/\\\/www.streetchildrenofkinshasa.org\\\/fr\\\/mon-enfant-de-lannee\\\/\"},\"wordCount\":7799,\"commentCount\":0,\"publisher\":{\"@id\":\"https:\\\/\\\/www.streetchildrenofkinshasa.org\\\/fr\\\/#organization\"},\"image\":{\"@id\":\"https:\\\/\\\/www.streetchildrenofkinshasa.org\\\/fr\\\/mon-enfant-de-lannee\\\/#primaryimage\"},\"thumbnailUrl\":\"https:\\\/\\\/www.streetchildrenofkinshasa.org\\\/wp-content\\\/uploads\\\/2023\\\/03\\\/Photo-presentation-pour-site-Mon-enfant-2022.jpg\",\"articleSection\":[\"T\u00e9moignages\"],\"inLanguage\":\"fr-BE\",\"potentialAction\":[{\"@type\":\"CommentAction\",\"name\":\"Comment\",\"target\":[\"https:\\\/\\\/www.streetchildrenofkinshasa.org\\\/fr\\\/mon-enfant-de-lannee\\\/#respond\"]}]},{\"@type\":\"WebPage\",\"@id\":\"https:\\\/\\\/www.streetchildrenofkinshasa.org\\\/fr\\\/mon-enfant-de-lannee\\\/\",\"url\":\"https:\\\/\\\/www.streetchildrenofkinshasa.org\\\/fr\\\/mon-enfant-de-lannee\\\/\",\"name\":\"MON ENFANT DE L\u2019ANNEE - % %\",\"isPartOf\":{\"@id\":\"https:\\\/\\\/www.streetchildrenofkinshasa.org\\\/fr\\\/#website\"},\"primaryImageOfPage\":{\"@id\":\"https:\\\/\\\/www.streetchildrenofkinshasa.org\\\/fr\\\/mon-enfant-de-lannee\\\/#primaryimage\"},\"image\":{\"@id\":\"https:\\\/\\\/www.streetchildrenofkinshasa.org\\\/fr\\\/mon-enfant-de-lannee\\\/#primaryimage\"},\"thumbnailUrl\":\"https:\\\/\\\/www.streetchildrenofkinshasa.org\\\/wp-content\\\/uploads\\\/2023\\\/03\\\/Photo-presentation-pour-site-Mon-enfant-2022.jpg\",\"datePublished\":\"2023-03-29T16:39:32+00:00\",\"dateModified\":\"2023-03-29T16:40:23+00:00\",\"description\":\"Les 20 enfants qui ont le plus interpell\u00e9 les \u00e9ducateurs de Ndako ya Biso, au cours de l\u2019ann\u00e9e 2022\",\"breadcrumb\":{\"@id\":\"https:\\\/\\\/www.streetchildrenofkinshasa.org\\\/fr\\\/mon-enfant-de-lannee\\\/#breadcrumb\"},\"inLanguage\":\"fr-BE\",\"potentialAction\":[{\"@type\":\"ReadAction\",\"target\":[\"https:\\\/\\\/www.streetchildrenofkinshasa.org\\\/fr\\\/mon-enfant-de-lannee\\\/\"]}]},{\"@type\":\"ImageObject\",\"inLanguage\":\"fr-BE\",\"@id\":\"https:\\\/\\\/www.streetchildrenofkinshasa.org\\\/fr\\\/mon-enfant-de-lannee\\\/#primaryimage\",\"url\":\"https:\\\/\\\/www.streetchildrenofkinshasa.org\\\/wp-content\\\/uploads\\\/2023\\\/03\\\/Photo-presentation-pour-site-Mon-enfant-2022.jpg\",\"contentUrl\":\"https:\\\/\\\/www.streetchildrenofkinshasa.org\\\/wp-content\\\/uploads\\\/2023\\\/03\\\/Photo-presentation-pour-site-Mon-enfant-2022.jpg\",\"width\":1754,\"height\":1240},{\"@type\":\"BreadcrumbList\",\"@id\":\"https:\\\/\\\/www.streetchildrenofkinshasa.org\\\/fr\\\/mon-enfant-de-lannee\\\/#breadcrumb\",\"itemListElement\":[{\"@type\":\"ListItem\",\"position\":1,\"name\":\"Home\",\"item\":\"https:\\\/\\\/www.streetchildrenofkinshasa.org\\\/fr\\\/\"},{\"@type\":\"ListItem\",\"position\":2,\"name\":\"MON ENFANT DE L\u2019ANNEE\"}]},{\"@type\":\"WebSite\",\"@id\":\"https:\\\/\\\/www.streetchildrenofkinshasa.org\\\/fr\\\/#website\",\"url\":\"https:\\\/\\\/www.streetchildrenofkinshasa.org\\\/fr\\\/\",\"name\":\"Ndako Ya Biso - Enfants de Kinshasa\",\"description\":\"Donnons aux enfants des rues de Kinshasa un espoir et un avenir.\",\"publisher\":{\"@id\":\"https:\\\/\\\/www.streetchildrenofkinshasa.org\\\/fr\\\/#organization\"},\"potentialAction\":[{\"@type\":\"SearchAction\",\"target\":{\"@type\":\"EntryPoint\",\"urlTemplate\":\"https:\\\/\\\/www.streetchildrenofkinshasa.org\\\/fr\\\/?s={search_term_string}\"},\"query-input\":{\"@type\":\"PropertyValueSpecification\",\"valueRequired\":true,\"valueName\":\"search_term_string\"}}],\"inLanguage\":\"fr-BE\"},{\"@type\":\"Organization\",\"@id\":\"https:\\\/\\\/www.streetchildrenofkinshasa.org\\\/fr\\\/#organization\",\"name\":\"Communaut\u00e9 du Chemin Neuf\",\"url\":\"https:\\\/\\\/www.streetchildrenofkinshasa.org\\\/fr\\\/\",\"logo\":{\"@type\":\"ImageObject\",\"inLanguage\":\"fr-BE\",\"@id\":\"https:\\\/\\\/www.streetchildrenofkinshasa.org\\\/fr\\\/#\\\/schema\\\/logo\\\/image\\\/\",\"url\":\"https:\\\/\\\/www.streetchildrenofkinshasa.org\\\/wp-content\\\/uploads\\\/2022\\\/05\\\/logo-cte-couleur_evide.png\",\"contentUrl\":\"https:\\\/\\\/www.streetchildrenofkinshasa.org\\\/wp-content\\\/uploads\\\/2022\\\/05\\\/logo-cte-couleur_evide.png\",\"width\":1280,\"height\":736,\"caption\":\"Communaut\u00e9 du Chemin Neuf\"},\"image\":{\"@id\":\"https:\\\/\\\/www.streetchildrenofkinshasa.org\\\/fr\\\/#\\\/schema\\\/logo\\\/image\\\/\"},\"sameAs\":[\"https:\\\/\\\/www.facebook.com\\\/enfantsdelaruedekinshasa\\\/\",\"https:\\\/\\\/www.youtube.com\\\/channel\\\/UCIDv6Uc3gdp1RP_HrlK5VHw\"]},{\"@type\":\"Person\",\"@id\":\"https:\\\/\\\/www.streetchildrenofkinshasa.org\\\/fr\\\/#\\\/schema\\\/person\\\/a516a2618dd79acf99b1a9dc1b711320\",\"name\":\"Philippe Englebert\",\"image\":{\"@type\":\"ImageObject\",\"inLanguage\":\"fr-BE\",\"@id\":\"https:\\\/\\\/secure.gravatar.com\\\/avatar\\\/9595e9d9e03824ab1513eb2842d6919786ce3781a0dbeb9e5fdef68c988b09b8?s=96&d=mm&r=g\",\"url\":\"https:\\\/\\\/secure.gravatar.com\\\/avatar\\\/9595e9d9e03824ab1513eb2842d6919786ce3781a0dbeb9e5fdef68c988b09b8?s=96&d=mm&r=g\",\"contentUrl\":\"https:\\\/\\\/secure.gravatar.com\\\/avatar\\\/9595e9d9e03824ab1513eb2842d6919786ce3781a0dbeb9e5fdef68c988b09b8?s=96&d=mm&r=g\",\"caption\":\"Philippe Englebert\"}}]}<\/script>\n<!-- \/ Yoast SEO plugin. -->","yoast_head_json":{"title":"MON ENFANT DE L\u2019ANNEE - % %","description":"Les 20 enfants qui ont le plus interpell\u00e9 les \u00e9ducateurs de Ndako ya Biso, au cours de l\u2019ann\u00e9e 2022","robots":{"index":"index","follow":"follow","max-snippet":"max-snippet:-1","max-image-preview":"max-image-preview:large","max-video-preview":"max-video-preview:-1"},"canonical":"https:\/\/www.streetchildrenofkinshasa.org\/fr\/mon-enfant-de-lannee\/","og_locale":"fr_FR","og_type":"article","og_title":"MON ENFANT DE L\u2019ANNEE - % %","og_description":"Les 20 enfants qui ont le plus interpell\u00e9 les \u00e9ducateurs de Ndako ya Biso, au cours de l\u2019ann\u00e9e 2022","og_url":"https:\/\/www.streetchildrenofkinshasa.org\/fr\/mon-enfant-de-lannee\/","og_site_name":"Ndako Ya Biso - Enfants de Kinshasa","article_publisher":"https:\/\/www.facebook.com\/enfantsdelaruedekinshasa\/","article_published_time":"2023-03-29T16:39:32+00:00","article_modified_time":"2023-03-29T16:40:23+00:00","og_image":[{"width":1754,"height":1240,"url":"https:\/\/www.streetchildrenofkinshasa.org\/wp-content\/uploads\/2023\/03\/Photo-presentation-pour-site-Mon-enfant-2022.jpg","type":"image\/jpeg"}],"author":"Philippe Englebert","twitter_card":"summary_large_image","twitter_misc":{"\u00c9crit par":"Philippe Englebert","Dur\u00e9e de lecture est.":"40 minutes"},"schema":{"@context":"https:\/\/schema.org","@graph":[{"@type":"Article","@id":"https:\/\/www.streetchildrenofkinshasa.org\/fr\/mon-enfant-de-lannee\/#article","isPartOf":{"@id":"https:\/\/www.streetchildrenofkinshasa.org\/fr\/mon-enfant-de-lannee\/"},"author":{"name":"Philippe Englebert","@id":"https:\/\/www.streetchildrenofkinshasa.org\/fr\/#\/schema\/person\/a516a2618dd79acf99b1a9dc1b711320"},"headline":"MON ENFANT DE L\u2019ANNEE","datePublished":"2023-03-29T16:39:32+00:00","dateModified":"2023-03-29T16:40:23+00:00","mainEntityOfPage":{"@id":"https:\/\/www.streetchildrenofkinshasa.org\/fr\/mon-enfant-de-lannee\/"},"wordCount":7799,"commentCount":0,"publisher":{"@id":"https:\/\/www.streetchildrenofkinshasa.org\/fr\/#organization"},"image":{"@id":"https:\/\/www.streetchildrenofkinshasa.org\/fr\/mon-enfant-de-lannee\/#primaryimage"},"thumbnailUrl":"https:\/\/www.streetchildrenofkinshasa.org\/wp-content\/uploads\/2023\/03\/Photo-presentation-pour-site-Mon-enfant-2022.jpg","articleSection":["T\u00e9moignages"],"inLanguage":"fr-BE","potentialAction":[{"@type":"CommentAction","name":"Comment","target":["https:\/\/www.streetchildrenofkinshasa.org\/fr\/mon-enfant-de-lannee\/#respond"]}]},{"@type":"WebPage","@id":"https:\/\/www.streetchildrenofkinshasa.org\/fr\/mon-enfant-de-lannee\/","url":"https:\/\/www.streetchildrenofkinshasa.org\/fr\/mon-enfant-de-lannee\/","name":"MON ENFANT DE L\u2019ANNEE - % %","isPartOf":{"@id":"https:\/\/www.streetchildrenofkinshasa.org\/fr\/#website"},"primaryImageOfPage":{"@id":"https:\/\/www.streetchildrenofkinshasa.org\/fr\/mon-enfant-de-lannee\/#primaryimage"},"image":{"@id":"https:\/\/www.streetchildrenofkinshasa.org\/fr\/mon-enfant-de-lannee\/#primaryimage"},"thumbnailUrl":"https:\/\/www.streetchildrenofkinshasa.org\/wp-content\/uploads\/2023\/03\/Photo-presentation-pour-site-Mon-enfant-2022.jpg","datePublished":"2023-03-29T16:39:32+00:00","dateModified":"2023-03-29T16:40:23+00:00","description":"Les 20 enfants qui ont le plus interpell\u00e9 les \u00e9ducateurs de Ndako ya Biso, au cours de l\u2019ann\u00e9e 2022","breadcrumb":{"@id":"https:\/\/www.streetchildrenofkinshasa.org\/fr\/mon-enfant-de-lannee\/#breadcrumb"},"inLanguage":"fr-BE","potentialAction":[{"@type":"ReadAction","target":["https:\/\/www.streetchildrenofkinshasa.org\/fr\/mon-enfant-de-lannee\/"]}]},{"@type":"ImageObject","inLanguage":"fr-BE","@id":"https:\/\/www.streetchildrenofkinshasa.org\/fr\/mon-enfant-de-lannee\/#primaryimage","url":"https:\/\/www.streetchildrenofkinshasa.org\/wp-content\/uploads\/2023\/03\/Photo-presentation-pour-site-Mon-enfant-2022.jpg","contentUrl":"https:\/\/www.streetchildrenofkinshasa.org\/wp-content\/uploads\/2023\/03\/Photo-presentation-pour-site-Mon-enfant-2022.jpg","width":1754,"height":1240},{"@type":"BreadcrumbList","@id":"https:\/\/www.streetchildrenofkinshasa.org\/fr\/mon-enfant-de-lannee\/#breadcrumb","itemListElement":[{"@type":"ListItem","position":1,"name":"Home","item":"https:\/\/www.streetchildrenofkinshasa.org\/fr\/"},{"@type":"ListItem","position":2,"name":"MON ENFANT DE L\u2019ANNEE"}]},{"@type":"WebSite","@id":"https:\/\/www.streetchildrenofkinshasa.org\/fr\/#website","url":"https:\/\/www.streetchildrenofkinshasa.org\/fr\/","name":"Ndako Ya Biso - Enfants de Kinshasa","description":"Donnons aux enfants des rues de Kinshasa un espoir et un avenir.","publisher":{"@id":"https:\/\/www.streetchildrenofkinshasa.org\/fr\/#organization"},"potentialAction":[{"@type":"SearchAction","target":{"@type":"EntryPoint","urlTemplate":"https:\/\/www.streetchildrenofkinshasa.org\/fr\/?s={search_term_string}"},"query-input":{"@type":"PropertyValueSpecification","valueRequired":true,"valueName":"search_term_string"}}],"inLanguage":"fr-BE"},{"@type":"Organization","@id":"https:\/\/www.streetchildrenofkinshasa.org\/fr\/#organization","name":"Communaut\u00e9 du Chemin Neuf","url":"https:\/\/www.streetchildrenofkinshasa.org\/fr\/","logo":{"@type":"ImageObject","inLanguage":"fr-BE","@id":"https:\/\/www.streetchildrenofkinshasa.org\/fr\/#\/schema\/logo\/image\/","url":"https:\/\/www.streetchildrenofkinshasa.org\/wp-content\/uploads\/2022\/05\/logo-cte-couleur_evide.png","contentUrl":"https:\/\/www.streetchildrenofkinshasa.org\/wp-content\/uploads\/2022\/05\/logo-cte-couleur_evide.png","width":1280,"height":736,"caption":"Communaut\u00e9 du Chemin Neuf"},"image":{"@id":"https:\/\/www.streetchildrenofkinshasa.org\/fr\/#\/schema\/logo\/image\/"},"sameAs":["https:\/\/www.facebook.com\/enfantsdelaruedekinshasa\/","https:\/\/www.youtube.com\/channel\/UCIDv6Uc3gdp1RP_HrlK5VHw"]},{"@type":"Person","@id":"https:\/\/www.streetchildrenofkinshasa.org\/fr\/#\/schema\/person\/a516a2618dd79acf99b1a9dc1b711320","name":"Philippe Englebert","image":{"@type":"ImageObject","inLanguage":"fr-BE","@id":"https:\/\/secure.gravatar.com\/avatar\/9595e9d9e03824ab1513eb2842d6919786ce3781a0dbeb9e5fdef68c988b09b8?s=96&d=mm&r=g","url":"https:\/\/secure.gravatar.com\/avatar\/9595e9d9e03824ab1513eb2842d6919786ce3781a0dbeb9e5fdef68c988b09b8?s=96&d=mm&r=g","contentUrl":"https:\/\/secure.gravatar.com\/avatar\/9595e9d9e03824ab1513eb2842d6919786ce3781a0dbeb9e5fdef68c988b09b8?s=96&d=mm&r=g","caption":"Philippe Englebert"}}]}},"_links":{"self":[{"href":"https:\/\/www.streetchildrenofkinshasa.org\/fr\/wp-json\/wp\/v2\/posts\/34772","targetHints":{"allow":["GET"]}}],"collection":[{"href":"https:\/\/www.streetchildrenofkinshasa.org\/fr\/wp-json\/wp\/v2\/posts"}],"about":[{"href":"https:\/\/www.streetchildrenofkinshasa.org\/fr\/wp-json\/wp\/v2\/types\/post"}],"author":[{"embeddable":true,"href":"https:\/\/www.streetchildrenofkinshasa.org\/fr\/wp-json\/wp\/v2\/users\/13"}],"replies":[{"embeddable":true,"href":"https:\/\/www.streetchildrenofkinshasa.org\/fr\/wp-json\/wp\/v2\/comments?post=34772"}],"version-history":[{"count":15,"href":"https:\/\/www.streetchildrenofkinshasa.org\/fr\/wp-json\/wp\/v2\/posts\/34772\/revisions"}],"predecessor-version":[{"id":34872,"href":"https:\/\/www.streetchildrenofkinshasa.org\/fr\/wp-json\/wp\/v2\/posts\/34772\/revisions\/34872"}],"wp:featuredmedia":[{"embeddable":true,"href":"https:\/\/www.streetchildrenofkinshasa.org\/fr\/wp-json\/wp\/v2\/media\/34863"}],"wp:attachment":[{"href":"https:\/\/www.streetchildrenofkinshasa.org\/fr\/wp-json\/wp\/v2\/media?parent=34772"}],"wp:term":[{"taxonomy":"category","embeddable":true,"href":"https:\/\/www.streetchildrenofkinshasa.org\/fr\/wp-json\/wp\/v2\/categories?post=34772"},{"taxonomy":"post_tag","embeddable":true,"href":"https:\/\/www.streetchildrenofkinshasa.org\/fr\/wp-json\/wp\/v2\/tags?post=34772"}],"curies":[{"name":"wp","href":"https:\/\/api.w.org\/{rel}","templated":true}]}}