{"id":34749,"date":"2023-03-28T22:01:09","date_gmt":"2023-03-28T20:01:09","guid":{"rendered":"https:\/\/www.streetchildrenofkinshasa.org\/?p=34749"},"modified":"2023-03-28T22:02:23","modified_gmt":"2023-03-28T20:02:23","slug":"2023-dix-rencontres-de-bonne-annee-a-ndako-ya-biso","status":"publish","type":"post","link":"https:\/\/www.streetchildrenofkinshasa.org\/fr\/2023-dix-rencontres-de-bonne-annee-a-ndako-ya-biso\/","title":{"rendered":"<strong>2023, DIX RENCONTRES DE BONNE ANNEE A NDAKO YA BISO<\/strong>"},"content":{"rendered":"\n<div class=\"wp-block-columns is-layout-flex wp-container-core-columns-is-layout-9d6595d7 wp-block-columns-is-layout-flex\">\n<div class=\"wp-block-column is-layout-flow wp-block-column-is-layout-flow\" style=\"flex-basis:100%\">\n<pre class=\"wp-block-verse has-large-font-size\">Le mois de janvier est celui des souhaits de bonne ann\u00e9e, mais c\u2019est aussi celui du bilan de l\u2019ann\u00e9e pr\u00e9c\u00e9dente et des projets pour la nouvelle ann\u00e9e. C\u2019est ainsi que NYB a profit\u00e9 du mois de janvier pour organiser des rencontres de bonne ann\u00e9e avec ses enfants, son personnel et ses partenaires les plus proches. Dix rencontres diff\u00e9rentes ont \u00e9t\u00e9 organis\u00e9es. <\/pre>\n<\/div>\n<\/div>\n\n\n\n<div class=\"wp-block-columns is-layout-flex wp-container-core-columns-is-layout-9d6595d7 wp-block-columns-is-layout-flex\">\n<div class=\"wp-block-column is-layout-flow wp-block-column-is-layout-flow\" style=\"flex-basis:33.33%\">\n<div class=\"wp-block-columns is-style-restricted-width is-layout-flex wp-container-core-columns-is-layout-9d6595d7 wp-block-columns-is-layout-flex\">\n<div class=\"wp-block-column is-layout-flow wp-block-column-is-layout-flow\" style=\"flex-basis:100%\">\n<figure class=\"wp-block-image size-full\"><img loading=\"lazy\" decoding=\"async\" width=\"454\" height=\"340\" src=\"https:\/\/www.streetchildrenofkinshasa.org\/wp-content\/uploads\/2023\/03\/Image1.jpg\" alt=\"\" class=\"wp-image-34752\" srcset=\"https:\/\/www.streetchildrenofkinshasa.org\/wp-content\/uploads\/2023\/03\/Image1.jpg 454w, https:\/\/www.streetchildrenofkinshasa.org\/wp-content\/uploads\/2023\/03\/Image1-300x225.jpg 300w\" sizes=\"auto, (max-width: 454px) 100vw, 454px\" \/><\/figure>\n<\/div>\n<\/div>\n<\/div>\n\n\n\n<div class=\"wp-block-column is-layout-flow wp-block-column-is-layout-flow\" style=\"flex-basis:66.66%\">\n<ol class=\"wp-block-list\" type=\"1\">\n<li><strong>La bonne ann\u00e9e des voisins, le samedi 7 janvier&nbsp;:<\/strong><\/li>\n<\/ol>\n\n\n\n<p>Le samedi 7 janvier, nous avons invit\u00e9 les voisins du quartier de NYB afin d\u2019\u00e9valuer avec eux comment nous avons v\u00e9cu nos relations tout au long de l\u2019ann\u00e9e 2022. 25 personnes \u00e9taient pr\u00e9sentes dont le chef de quartier, le responsable de notre rue, deux policiers du poste proche, le responsable de la communaut\u00e9 de base de la paroisse sainte Christine, et plusieurs autres voisins.<\/p>\n\n\n\n<p>Apr\u00e8s la pri\u00e8re d\u2019ouverture et le mot d\u2019accueil, le coordonnateur des activit\u00e9s a remerci\u00e9 tous les voisins pour leur collaboration \u00e0 notre accueil des jeunes de la rue et leur a pr\u00e9sent\u00e9 les r\u00e9sultats de notre travail pour l\u2019ann\u00e9e 2022.<\/p>\n\n\n\n<div class=\"wp-block-columns is-layout-flex wp-container-core-columns-is-layout-9d6595d7 wp-block-columns-is-layout-flex\"><\/div>\n<\/div>\n<\/div>\n\n\n\n<div class=\"wp-block-columns is-layout-flex wp-container-core-columns-is-layout-9d6595d7 wp-block-columns-is-layout-flex\">\n<div class=\"wp-block-column is-layout-flow wp-block-column-is-layout-flow\" style=\"flex-basis:100%\">\n<div class=\"wp-block-columns are-vertically-aligned-center is-style-default is-layout-flex wp-container-core-columns-is-layout-9d6595d7 wp-block-columns-is-layout-flex\">\n<div class=\"wp-block-column is-vertically-aligned-center is-layout-flow wp-block-column-is-layout-flow\">\n<p>Les voisins ont ensuite pris la parole et nous ont encourag\u00e9s&nbsp;:<\/p>\n\n\n\n<p>\u00ab&nbsp; Au d\u00e9part, l\u2019image des enfants de la rue \u00e9tait mauvaise et le quartier mal vu&nbsp;; mais avec le travail de NYB, nous voyons un grand changement. Les enfants qui fr\u00e9quentent le centre NYB sont devenus plus respectueux et plus ob\u00e9issants envers les voisins et nous consid\u00e8rent comme leurs parents&nbsp;\u00bb.<\/p>\n\n\n\n<p>\u00ab&nbsp;La pr\u00e9sence des enfants de la rue ne nous d\u00e9range plus, c\u2019est nous qui nous soucions davantage d\u2019eux&nbsp;\u00bb<\/p>\n\n\n\n<p>\u00ab&nbsp;Les enfants de NYB nous ob\u00e9issent quand nous leur disons quelque chose et ils nous aident quand nous leur demandons un service, par exemple nous transporter un bidon d\u2019eau.&nbsp;\u00bb<\/p>\n\n\n\n<p>D\u2019autres nous ont remerci\u00e9s pour la possibilit\u00e9 que nous leur offrons de venir puiser de l\u2019eau dans notre centre ou d\u2019autres services rendus.<\/p>\n\n\n\n<p>Le responsable de la police nous a exprim\u00e9 son souci par rapport \u00e0 la relation entre les plus petits et les plus grands qui les tabassent et les ran\u00e7onnent sur le chemin de NYB. Il y a m\u00eame un enfant qui a eu le courage r\u00e9cemment de venir se plaindre \u00e0 la police de la violence des plus grands. Il est important que NYB sensibilise davantage les plus grands et s\u2019occupe aussi d\u2019eux.<\/p>\n\n\n\n<p>Au moment du repas, quatre personnes d\u2019une famille qui \u00e9tait venue reprendre un de leurs enfants, depuis longtemps dans la rue, ont \u00e9t\u00e9 invit\u00e9es \u00e0 se joindre \u00e0 notre repas de f\u00eate et tous ont appr\u00e9ci\u00e9 ce t\u00e9moignage concret de r\u00e9unification familiale.<\/p>\n\n\n\n<p><strong>Nancy Nsitu, responsable adjointe du centre des gar\u00e7ons<\/strong><\/p>\n<\/div>\n<\/div>\n<\/div>\n<\/div>\n\n\n\n<div class=\"wp-block-columns are-vertically-aligned-center is-style-default is-layout-flex wp-container-core-columns-is-layout-9d6595d7 wp-block-columns-is-layout-flex\"><\/div>\n\n\n\n<p><\/p>\n\n\n\n<div class=\"wp-block-columns is-layout-flex wp-container-core-columns-is-layout-9d6595d7 wp-block-columns-is-layout-flex\">\n<div class=\"wp-block-column is-layout-flow wp-block-column-is-layout-flow\">\n<p>2. <strong><em>La bonne ann\u00e9e des Grands jeunes, le samedi 14 janvier<\/em>&nbsp;:<\/strong><\/p>\n\n\n\n<p>La f\u00eate de bonne ann\u00e9e des grands jeunes de la rue en formation \u00e0 NYB a \u00e9t\u00e9 c\u00e9l\u00e9br\u00e9e le 14 janvier avec une centaine de grands jeunes pr\u00e9sents. Ne pouvant organiser une f\u00eate avec tous les grands jeunes, nous nous sommes limit\u00e9s \u00e0 ceux qui suivent actuellement une formation en alphab\u00e9tisation ou une initiation \u00e0 la couture ou \u00e0 l\u2019esth\u00e9tique dans notre centre.<\/p>\n\n\n\n<figure class=\"wp-block-image size-full\"><img loading=\"lazy\" decoding=\"async\" width=\"491\" height=\"216\" src=\"https:\/\/www.streetchildrenofkinshasa.org\/wp-content\/uploads\/2023\/03\/Image2.jpg\" alt=\"\" class=\"wp-image-34755\" srcset=\"https:\/\/www.streetchildrenofkinshasa.org\/wp-content\/uploads\/2023\/03\/Image2.jpg 491w, https:\/\/www.streetchildrenofkinshasa.org\/wp-content\/uploads\/2023\/03\/Image2-300x132.jpg 300w\" sizes=\"auto, (max-width: 491px) 100vw, 491px\" \/><\/figure>\n<\/div>\n<\/div>\n\n\n\n<div class=\"wp-block-columns is-layout-flex wp-container-core-columns-is-layout-9d6595d7 wp-block-columns-is-layout-flex\"><\/div>\n\n\n\n<div class=\"wp-block-columns is-layout-flex wp-container-core-columns-is-layout-9d6595d7 wp-block-columns-is-layout-flex\">\n<div class=\"wp-block-column is-layout-flow wp-block-column-is-layout-flow\" style=\"flex-basis:100%\">\n<p>Tout a commenc\u00e9 avec le mot d&rsquo;ouverture et de bienvenue prononc\u00e9 par le psy Antoine Kawasa qui a montr\u00e9 l&rsquo;importance de ladite journ\u00e9e dans les activit\u00e9s qu&rsquo;organise le Centre et la pri\u00e8re pour remettre la journ\u00e9e entre les mains du Seigneur. C&rsquo;est ainsi que Jean Pierre Godding a pris la parole pour montrer l&rsquo;importance de suivre l&rsquo;alphab\u00e9tisation avant d&rsquo;affronter une formation professionnelle. Ensuite, remise des brevets d\u2019alphab\u00e9tisation \u00e0 19 jeunes de 15 \u00e0 25 ans (11 gar\u00e7ons et 8 filles) qui viennent de terminer leur formation et qui \u00e9taient tr\u00e8s fiers de recevoir ce premier brevet dans leur vie. <\/p>\n\n\n\n<p>Puis le mot de remerciement de deux jeunes, une fille et un gar\u00e7on. La jeune fille a expliqu\u00e9 son histoire personnelle&nbsp;: d\u00e9sespoir, d\u00e9valorisation de soi et la prostitution, n\u2019ayant jamais pu aller \u00e0 l\u2019\u00e9cole. Gr\u00e2ce \u00e0 l&rsquo;alphab\u00e9tisation, elle a maintenant l&rsquo;espoir d&rsquo;une r\u00e9ussite dans sa vie. Le gar\u00e7on a montr\u00e9 le gouffre dans lequel il se trouvait avant de commencer l&rsquo;alphab\u00e9tisation, la d\u00e9linquance dans laquelle il baignait, n\u2019ayant jamais \u00e9t\u00e9 scolaris\u00e9. Il avait m\u00eame \u00e9crit un mot sur une feuille pour montrer \u00e0 tout le monde de quoi il \u00e9tait capable. Et il a encourag\u00e9 les autres jeunes qui doutent encore&nbsp;de venir nombreux. C&rsquo;est dans ce contexte que le Directeur du Centre de Formation Professionnelle Saint Joseph, Monsieur Anicet, a pris la parole, tout \u00e9mu par le t\u00e9moignage des jeunes qui n&rsquo;avaient pas \u00e9tudi\u00e9 depuis l&rsquo;enfance. Pour encourager ces jeunes, il a promis \u00e0 ceux qui auront besoin de faire la formation professionnelle au Centre st Joseph d&rsquo;\u00eatre exempt\u00e9 d\u2019examen d\u2019entr\u00e9e, excellente nouvelle pour les jeunes.<\/p>\n\n\n\n<p>Ensuite, les jeunes d\u2019esth\u00e9tique et de couture ont d\u00e9fil\u00e9 avec leurs belles tenues et leurs belles coiffures et ont \u00e9t\u00e9 tr\u00e8s applaudies.&nbsp;<\/p>\n\n\n\n<p>Une ancienne jeune suivie par le centre a donn\u00e9 son t\u00e9moignage sur les avantages qu&rsquo;elle a maintenant suite \u00e0 sa formation professionnelle.<\/p>\n\n\n\n<p>Ensuite, tous ont pu se souhaiter une tr\u00e8s bonne ann\u00e9e 2023 avec une bonne formation professionnelle et ont partag\u00e9 le repas de f\u00eate et dans\u00e9 avec les musiques qu\u2019ils aiment.<\/p>\n\n\n\n<p> <\/p>\n<\/div>\n<\/div>\n\n\n\n<div class=\"wp-block-columns is-layout-flex wp-container-core-columns-is-layout-9d6595d7 wp-block-columns-is-layout-flex\">\n<div class=\"wp-block-column is-layout-flow wp-block-column-is-layout-flow\" style=\"flex-basis:100%\">\n<p>3. <strong>La bonne ann\u00e9e des Familles d\u2019Accueil transitoires (FAT), le 07\/01\/2023<\/strong><\/p>\n<\/div>\n<\/div>\n\n\n\n<div class=\"wp-block-columns is-layout-flex wp-container-core-columns-is-layout-9d6595d7 wp-block-columns-is-layout-flex\">\n<div class=\"wp-block-column is-layout-flow wp-block-column-is-layout-flow\" style=\"flex-basis:100%\">\n<p>12 responsables de FAT (sur les 16 existantes) ont particip\u00e9 \u00e0 la journ\u00e9e de bonne ann\u00e9e organis\u00e9e par le centre Ndako Ya Biso, le samedi 07 janvier 2023, \u00e0 la salle paroissiale de Sainte Christine, sur l\u2019accompagnement des enfants et adolescents ne pouvant pas \u00eatre r\u00e9unifi\u00e9s dans leurs familles biologiques et plac\u00e9s dans les familles d\u2019accueil. La r\u00e9flexion a tourn\u00e9 autour de la cr\u00e9ation d\u2019un environnement attentif et favorable pour mieux&nbsp; les accompagner.<\/p>\n<\/div>\n<\/div>\n\n\n\n<div class=\"wp-block-columns is-layout-flex wp-container-core-columns-is-layout-9d6595d7 wp-block-columns-is-layout-flex\">\n<div class=\"wp-block-column is-layout-flow wp-block-column-is-layout-flow\" style=\"flex-basis:100%\">\n<p>Apr\u00e8s le mot de bienvenue et la pr\u00e9sentation des v\u0153ux de&nbsp; NYB pour la nouvelle ann\u00e9e \u00e0 toutes les familles repr\u00e9sent\u00e9es s\u2019en est suivi le tour de table pour donner les&nbsp; nouvelles des enfants plac\u00e9s&nbsp;:<\/p>\n<\/div>\n<\/div>\n\n\n\n<ol class=\"wp-block-list\" type=\"1\">\n<li>Elisiana&nbsp;M. F, 8 ans, plac\u00e9e depuis avril 2019, en 2<sup>\u00e8me<\/sup> Primaire&nbsp;: elle est bien int\u00e9gr\u00e9e dans la FAT qu\u2019elle consid\u00e8re comme sa propre famille car sa m\u00e8re (une fille de la rue plac\u00e9e en 2012 dans cette FAT) l\u2019a abandonn\u00e9e dans celle-ci apr\u00e8s sa naissance. Cette derni\u00e8re menace parfois de r\u00e9cup\u00e9rer sa fille pour la ramener dans la rue.<\/li>\n\n\n\n<li>Esther S. F, 10 ans, plac\u00e9e depuis septembre 2020, 3<sup>\u00e8me<\/sup> Primaire&nbsp;: turbulente mais intelligente. Elle arrive actuellement \u00e0 faire de bons r\u00e9sultats scolaires apr\u00e8s un moment de troubles psychologiques. Comme ses 2 s\u0153urs, (Destin\u00e9e et Patricia), elle a besoin d\u2019un accompagnement pour la question du pardon car victime du rejet de la part de leur famille biologique jusqu&rsquo;aujourd\u2019hui.<\/li>\n\n\n\n<li>Christian, M, 10 ans, plac\u00e9 depuis 2015, 4<sup>\u00e8me<\/sup> Primaire&nbsp;: l\u2019enfant vit \u00e0 SOS Village d\u2019enfants mais passe ses vacances dans sa FAT.<\/li>\n\n\n\n<li>John K. M, 13 ans, plac\u00e9 depuis juillet 2020, 6<sup>\u00e8me<\/sup> Primaire&nbsp;: le jeune est bien int\u00e9gr\u00e9 dans la FAT et est serviable mais seulement il continue de faire pipi au lit. La FAT veille beaucoup \u00e0 ses fr\u00e9quentations.<\/li>\n\n\n\n<li>Patricia M. F, 16 ans, plac\u00e9e depuis janvier 2019, 1<sup>er<\/sup> C&amp;C&nbsp;: inscrite en Coupe et couture au CFP Saint Joseph, elle \u00e9volue bien. Tr\u00e8s int\u00e9ress\u00e9e \u00e0 la cuisine, elle aide bien la maman dans les t\u00e2ches m\u00e9nag\u00e8res. Elle visite r\u00e9guli\u00e8rement ses jeunes s\u0153urs (Esther et Destin\u00e9e) plac\u00e9es dans une autre FAT.<\/li>\n\n\n\n<li>B\u00e9n\u00e9dicte M. F, 22 ans avec handicap mental, plac\u00e9e depuis 2013&nbsp;: elle va bien. La FAT propose de l\u2019initier au petit commerce.<\/li>\n\n\n\n<li>Daniel I. M, 20 ans avec handicap mental, plac\u00e9 depuis 2013 : Apr\u00e8s le d\u00e9c\u00e8s de la maman d\u2019accueil en d\u00e9cembre 2022, le jeune est rest\u00e9 en famille o\u00f9 il est bien int\u00e9gr\u00e9.<\/li>\n\n\n\n<li>Gloire K. M, 16 ans, plac\u00e9 depuis avril 2014&nbsp;: le jeune est muet et n\u2019a pas r\u00e9ussi \u00e0 s\u2019adapter \u00e0 l\u2019apprentissage d\u2019un m\u00e9tier. L\u2019urgence actuelle est de lui trouver une occupation et un h\u00e9bergement car le couple qui l\u2019a accueilli n\u2019a plus de force pour s\u2019occuper de lui au regard de leur \u00e2ge avanc\u00e9.<\/li>\n\n\n\n<li>Matondo, F, 15 ans,&nbsp; plac\u00e9e&nbsp; depuis 2013, 8<sup>\u00e8me<\/sup> ann\u00e9e&nbsp;: depuis qu\u2019elle a appris l\u2019existence de quelques membres de sa famille \u00e9largie, la fille est devenue insupportable et ne respecte plus personne.<\/li>\n\n\n\n<li>H\u00e9ritier N. M, 14 ans, plac\u00e9 depuis juillet 2020, 5<sup>\u00e8me<\/sup> Primaire&nbsp;: il est bien int\u00e9gr\u00e9 et poursuit ses \u00e9tudes en attendant son retour \u00e0 Mbuji Mayi aupr\u00e8s de ses parents.<\/li>\n\n\n\n<li>Destin\u00e9e S. F, 13 ans, plac\u00e9e depuis janvier 2019, 6<sup>\u00e8me<\/sup> Primaire&nbsp;: tr\u00e8s coquette, elle s\u2019assume comme une adolescente.<\/li>\n\n\n\n<li>Didier A. M, 19 ans, plac\u00e9 depuis mai 2022, apprenti en menuiserie. Il se dit capable de cr\u00e9er son propre atelier de menuiserie et vivre sous propre toit. Il r\u00e9agit parfois avec violence vis-\u00e0-vis de son ma\u00eetre d\u2019atelier.<\/li>\n\n\n\n<li>Beni K. M, 17 ans, plac\u00e9 depuis d\u00e9cembre 2014, 3<sup>\u00e8me<\/sup> Humanit\u00e9s P\u00e9dagogiques. L\u2019adolescent refuse d\u2019aller \u00e0 l\u2019\u00e9cole pour faire de petits travaux r\u00e9mun\u00e9r\u00e9s dans le quartier. Il vole les biens de la maison pour les vendre aupr\u00e8s des marchands ambulants. Avec l\u2019argent gagn\u00e9, il collectionne les petites amies qui se battent souvent pour lui cr\u00e9ant ainsi du d\u00e9sordre dans le quartier. La FAT propose de l\u2019inscrire dans une \u00e9cole plus proche de la maison pour bien le surveiller. C\u2019est un enfant tr\u00e8s intelligent.<\/li>\n\n\n\n<li>Exauc\u00e9 B. M, 17 ans, plac\u00e9 depuis novembre 2021, 4<sup>\u00e8me<\/sup> Humanit\u00e9s techniques Electricit\u00e9&nbsp;: bien int\u00e9gr\u00e9 dans la famille et pr\u00e9pare son examen d\u2019\u00e9tat (Baccalaur\u00e9at)<\/li>\n\n\n\n<li>Chris B. : il est retourn\u00e9 dans sa FAT depuis 3 semaines apr\u00e8s un moment de turbulence.<\/li>\n<\/ol>\n\n\n\n<div class=\"wp-block-columns is-layout-flex wp-container-core-columns-is-layout-9d6595d7 wp-block-columns-is-layout-flex\">\n<div class=\"wp-block-column is-layout-flow wp-block-column-is-layout-flow\" style=\"flex-basis:100%\">\n<p>La deuxi\u00e8me partie de la rencontre \u00e9tait consacr\u00e9e \u00e0 une sensibilisation sur l\u2019accompagnement des enfants et adolescents plac\u00e9s en FAT. Nous sommes partis du constat que la plupart des enfants plac\u00e9s sont devenus actuellement adolescents. Mais comment les accompagner durant cette phase de la vie&nbsp;?&nbsp; La facilitatrice de la rencontre a propos\u00e9 aux FAT de cr\u00e9er un environnement attentif et favorable pour mieux accompagner les adolescents plac\u00e9s en famille d\u2019accueil.<\/p>\n<\/div>\n<\/div>\n\n\n\n<div class=\"wp-block-columns is-layout-flex wp-container-core-columns-is-layout-9d6595d7 wp-block-columns-is-layout-flex\">\n<div class=\"wp-block-column is-layout-flow wp-block-column-is-layout-flow\" style=\"flex-basis:100%\">\n<p>Dans son mot, elle a, de prime \u00e0 bord, \u00e9num\u00e9r\u00e9 les carences et sympt\u00f4mes qui caract\u00e9risent cette phase de la vie. L\u2019adolescent se croit capable de tout faire de par lui-m\u00eame.<\/p>\n<\/div>\n<\/div>\n\n\n\n<div class=\"wp-block-columns is-layout-flex wp-container-core-columns-is-layout-9d6595d7 wp-block-columns-is-layout-flex\">\n<div class=\"wp-block-column is-layout-flow wp-block-column-is-layout-flow\" style=\"flex-basis:100%\">\n<p>Ensuite, elle a encourag\u00e9 les FAT \u00e0 enseigner et renforcer les comportements qu\u2019elles jugent positifs de la part des adolescents. Les FAT sont donc invit\u00e9es \u00e0 confirmer et f\u00e9liciter les comportements positifs chez les adolescents, de sorte qu\u2019ils les comprennent et d\u00e9sirent les mettre en pratique. Une autre m\u00e9thode d\u2019enseignement des comportements positifs, c\u2019est l\u2019exemple des adultes. Car, les enfants apprennent \u00e0 partir des comportements des adultes, ce qui peut renforcer les le\u00e7ons que nous essayons de leur enseigner verbalement.<\/p>\n<\/div>\n<\/div>\n\n\n\n<div class=\"wp-block-columns is-layout-flex wp-container-core-columns-is-layout-9d6595d7 wp-block-columns-is-layout-flex\">\n<div class=\"wp-block-column is-layout-flow wp-block-column-is-layout-flow\" style=\"flex-basis:100%\">\n<div class=\"wp-block-columns is-layout-flex wp-container-core-columns-is-layout-9d6595d7 wp-block-columns-is-layout-flex\">\n<div class=\"wp-block-column is-layout-flow wp-block-column-is-layout-flow\" style=\"flex-basis:100%\">\n<p>Enfin, elle a invit\u00e9 les FAT \u00e0 cr\u00e9er un environnement attentif et favorable pour l\u2019accompagnement, mieux l\u2019\u00e9panouissement de ces adolescents. Cet environnement est caract\u00e9ris\u00e9 par des relations positives et harmonieuses entre les adultes et les adolescents&nbsp; et permet \u00e0 ces derniers d\u2019apprendre des comportements positifs. Quelques astuces ont \u00e9t\u00e9 donn\u00e9es aux FAT pour ce faire. Notamment&nbsp;:&nbsp; \u00e9couter et dialoguer r\u00e9guli\u00e8rement avec l\u2019adolescent (les occasions de communiquer de mani\u00e8re positive sont importantes pour les enfants de tout \u00e2ge), se faire adopter comme une personne de confiance aupr\u00e8s de l\u2019adolescent, aborder la question de la sexualit\u00e9 en leur apprenant \u00e0 \u00e9valuer les cons\u00e9quences potentielles de leur choix, veiller \u00e0 leur entourage pour \u00e9viter de la mauvaise compagnie, faire participer l\u2019adolescent \u00e0 la prise de d\u00e9cision ou r\u00e9solution de certaines questions familiales.<strong>&nbsp;&nbsp;&nbsp;&nbsp;&nbsp;&nbsp;&nbsp;&nbsp;&nbsp;&nbsp;&nbsp;&nbsp;&nbsp;&nbsp;&nbsp;&nbsp;&nbsp;&nbsp;&nbsp;&nbsp;&nbsp;&nbsp;&nbsp;&nbsp;&nbsp;&nbsp;&nbsp;&nbsp;&nbsp;&nbsp;&nbsp;&nbsp;&nbsp;&nbsp;&nbsp;&nbsp;&nbsp;&nbsp;&nbsp;&nbsp;&nbsp; Laetitia Mbuyi, Responsable des FAT et Facilitatrice<\/strong><\/p>\n<\/div>\n<\/div>\n<\/div>\n<\/div>\n\n\n\n<div class=\"wp-block-columns is-layout-flex wp-container-core-columns-is-layout-9d6595d7 wp-block-columns-is-layout-flex\">\n<div class=\"wp-block-column is-layout-flow wp-block-column-is-layout-flow\" style=\"flex-basis:100%\">\n<p>4. <strong><em>La bonne Ann\u00e9e des directeurs d\u2019\u00e9coles<\/em>, le samedi 14 janvier&nbsp;:<\/strong><\/p>\n\n\n\n<p>Le samedi 14 janvier 2023, s\u2019est tenu la rencontre trimestrielle des directeurs des \u00e9coles o\u00f9 sont plac\u00e9s les enfants r\u00e9unifi\u00e9s par NYB. 33 directeurs \u00e9taient pr\u00e9sents, dont certains re\u00e7oivent plusieurs enfants&nbsp; comme Familia qui compte 16 enfants, Beau S\u00e9jour 10, saint Achille 11, Mobembe 11, les Bons Amis 11, Kristo Molobeli 12, les B\u00e2tisseurs 8.<\/p>\n<\/div>\n<\/div>\n\n\n\n<div class=\"wp-block-columns is-layout-flex wp-container-core-columns-is-layout-9d6595d7 wp-block-columns-is-layout-flex\">\n<div class=\"wp-block-column is-layout-flow wp-block-column-is-layout-flow\" style=\"flex-basis:100%\">\n<figure class=\"wp-block-image size-full\"><img loading=\"lazy\" decoding=\"async\" width=\"945\" height=\"425\" src=\"https:\/\/www.streetchildrenofkinshasa.org\/wp-content\/uploads\/2023\/03\/image.png\" alt=\"\" class=\"wp-image-34759\" srcset=\"https:\/\/www.streetchildrenofkinshasa.org\/wp-content\/uploads\/2023\/03\/image.png 945w, https:\/\/www.streetchildrenofkinshasa.org\/wp-content\/uploads\/2023\/03\/image-300x135.png 300w, https:\/\/www.streetchildrenofkinshasa.org\/wp-content\/uploads\/2023\/03\/image-768x345.png 768w\" sizes=\"auto, (max-width: 945px) 100vw, 945px\" \/><\/figure>\n<\/div>\n<\/div>\n\n\n\n<div class=\"wp-block-columns is-layout-flex wp-container-core-columns-is-layout-9d6595d7 wp-block-columns-is-layout-flex\">\n<div class=\"wp-block-column is-layout-flow wp-block-column-is-layout-flow\" style=\"flex-basis:100%\">\n<p>Le responsable de NYB a commenc\u00e9 par remercier les directeurs pour leur importante collaboration&nbsp;: 450 enfants suivis par NYB dans une cinquantaine d\u2018\u00e9coles diff\u00e9rentes, avec l\u2019ann\u00e9e pass\u00e9e ; 21 jeunes qui ont r\u00e9ussi leur dipl\u00f4me d\u2018\u00e9tat. Une de ces dipl\u00f4m\u00e9es a m\u00eame pu \u00eatre engag\u00e9e comme enseignante par une de nos \u00e9coles partenaires. Et dans une autre \u00e9cole, un des jeunes suivis par NYB fait partie du groupe vocationnel de sa paroisse&nbsp;: il voudrait devenir pr\u00eatre et \u00eatre au service des autres comme lui-m\u00eame a \u00e9t\u00e9 aid\u00e9.<\/p>\n<\/div>\n<\/div>\n\n\n\n<div class=\"wp-block-columns is-layout-flex wp-container-core-columns-is-layout-9d6595d7 wp-block-columns-is-layout-flex\">\n<div class=\"wp-block-column is-layout-flow wp-block-column-is-layout-flow\" style=\"flex-basis:100%\">\n<p>Ensemble, nous avons relu l\u2019ann\u00e9e et vu comment les \u00e9coles avaient r\u00e9ussi \u00e0 int\u00e9grer les enfants venant de la rue et quels pouvaient \u00eatre certains points d\u2019attention.<\/p>\n<\/div>\n<\/div>\n\n\n\n<div class=\"wp-block-columns is-layout-flex wp-container-core-columns-is-layout-9d6595d7 wp-block-columns-is-layout-flex\">\n<div class=\"wp-block-column is-layout-flow wp-block-column-is-layout-flow\" style=\"flex-basis:100%\">\n<p>Les directeurs ont soulign\u00e9 la violence de certains enfants qui ont parfois des mots et des gestes inacceptables et sont trop irr\u00e9guliers \u00e0 l\u2019\u00e9cole. Mais plusieurs ont soulign\u00e9 qu\u2019avec leur patience, ils ont r\u00e9ussi \u00e0 discipliner plusieurs de ces jeunes qui sont m\u00eame devenus des leaders dans leur classe, parce qu\u2019ils s\u2019expriment plus facilement. Le directeur de NYB a expliqu\u00e9 que la violence des enfants \u00e9tait comme un message&nbsp;: toute violence est la mauvaise expression d\u2018une souffrance, et si nous sommes attentifs \u00e0 la souffrance de l\u2019enfant, sa violence va diminuer. <\/p>\n\n\n\n<p>Le directeur a aussi insist\u00e9 sur le lien entre le directeur et l\u2019\u00e9ducateur r\u00e9f\u00e9rent de l\u2018enfant, le r\u00e9f\u00e9rent explique au directeur l\u2019histoire de l\u2019enfant pour qu\u2019il puisse mieux le comprendre et le suivre, mais cette histoire doit rester confidentielle, d\u2019autres personnes dans l\u2019\u00e9cole ne peuvent la connaitre, sinon l\u2019enfant ne sera plus respect\u00e9. Si un enfant s\u2019absente, on peut appeler les parents, mais il faut surtout appeler l\u2019\u00e9ducateur qui suit l\u2019enfant et connait sa situation familiale.<\/p>\n<\/div>\n<\/div>\n\n\n\n<div class=\"wp-block-columns is-layout-flex wp-container-core-columns-is-layout-9d6595d7 wp-block-columns-is-layout-flex\">\n<div class=\"wp-block-column is-layout-flow wp-block-column-is-layout-flow\" style=\"flex-basis:100%\">\n<p>Certains enfants suivent mal les cours parce qu\u2019ils n\u2019ont rien \u00e0 manger \u00e0 la maison. Le directeur de NYB a expliqu\u00e9 que NYB offre des microcr\u00e9dits aux mamans responsables des enfants afin de les aider \u00e0 pouvoir prendre en charge leur famille. Certains enfants n\u2019ont pas une bonne base ce qui les bloque et nous leur avons rappel\u00e9 la possibilit\u00e9 de proposer \u00e0 l\u2019\u00e9ducateur de r\u00e9f\u00e9rence des cours de rattrapage pour certains enfants.<\/p>\n<\/div>\n<\/div>\n\n\n\n<div class=\"wp-block-columns is-layout-flex wp-container-core-columns-is-layout-9d6595d7 wp-block-columns-is-layout-flex\">\n<div class=\"wp-block-column is-layout-flow wp-block-column-is-layout-flow\" style=\"flex-basis:100%\">\n<p>Certaines \u00e9coles donnent des points aux enfants parce qu&rsquo;ils sont contents d\u2019avoir une ONG qui les prend en charge, mais cela est inacceptable, il faut que les enfants aient leurs vrais points, m\u00eame s\u2019ils ont totalement \u00e9chou\u00e9, ce qui nous permet de mieux les orienter. Nous avons ainsi d\u00fb retirer nos enfants de deux \u00e9coles l\u2019ann\u00e9e pass\u00e9e, parce que l\u2019\u00e9cole leur donnait des bons points alors que leur niveau \u00e9tait tr\u00e8s bas.<\/p>\n<\/div>\n<\/div>\n\n\n\n<div class=\"wp-block-columns is-layout-flex wp-container-core-columns-is-layout-9d6595d7 wp-block-columns-is-layout-flex\">\n<div class=\"wp-block-column is-layout-flow wp-block-column-is-layout-flow\" style=\"flex-basis:100%\">\n<p>Les enfants doivent pouvoir suivre une classe en lien avec leur \u00e2ge, un enfant plus \u00e2g\u00e9 ne s\u2019adapte pas facilement dans une petite classe&nbsp;; il vaut mieux le r\u00e9orienter. Quant \u00e0 l\u2019orientation des enfants apr\u00e8s le primaire, NYB pr\u00e9f\u00e8re, qu\u2019\u00e0 l\u2019\u00e2ge de 15 ans les jeunes soient orient\u00e9s vers une formation professionnelle qui leur permettra plus rapidement de se d\u00e9brouiller et de participer \u00e0 la prise en charge de leur famille. La poursuite des \u00e9tudes secondaires ne doit \u00eatre envisag\u00e9e que pour les meilleurs, mais uniquement dans une section p\u00e9dagogique ou technique o\u00f9 ils pourront se d\u00e9brouiller apr\u00e8s leurs \u00e9tudes.<\/p>\n<\/div>\n<\/div>\n\n\n\n<div class=\"wp-block-columns is-layout-flex wp-container-core-columns-is-layout-9d6595d7 wp-block-columns-is-layout-flex\">\n<div class=\"wp-block-column is-layout-flow wp-block-column-is-layout-flow\" style=\"flex-basis:100%\">\n<p>NYB suit les enfants pendant trois ans apr\u00e8s leur r\u00e9unification familiale mais n\u2019a pas les moyens de les suivre pendant toutes leurs \u00e9tudes&nbsp;; en principe, avec la bonne gestion de leurs microcr\u00e9dits, les familles peuvent prendre en charge la scolarit\u00e9 de leurs enfants. Il y a toutefois toujours des exceptions de familles en situation particuli\u00e8rement difficile, et les cas doivent \u00eatre \u00e9tudi\u00e9s avec les directeurs.<\/p>\n<\/div>\n<\/div>\n\n\n\n<div class=\"wp-block-columns is-layout-flex wp-container-core-columns-is-layout-9d6595d7 wp-block-columns-is-layout-flex\">\n<div class=\"wp-block-column is-layout-flow wp-block-column-is-layout-flow\" style=\"flex-basis:100%\">\n<p>Quand un enfant est malade, c\u2019est en principe sa famille qui le prend en charge. NYB n\u2019intervient que dans des situations particuli\u00e8rement difficiles. Toutefois depuis l\u2019ann\u00e9e pass\u00e9e, avec un appui ext\u00e9rieur, 35 familles ont pu recevoir des cartes de mutuelle ce qui permet une prise en charge de la sant\u00e9 de leurs enfants.<\/p>\n<\/div>\n<\/div>\n\n\n\n<div class=\"wp-block-columns is-layout-flex wp-container-core-columns-is-layout-9d6595d7 wp-block-columns-is-layout-flex\">\n<div class=\"wp-block-column is-layout-flow wp-block-column-is-layout-flow\" style=\"flex-basis:100%\">\n<p>Pour tous les enfants pris en charge par NYB, une convention est sign\u00e9e avec chaque \u00e9cole&nbsp;indiquant les frais pris en charge par NYB; en raison de la situation de mis\u00e8re des familles, les \u00e9coles s\u2019engagent \u00e0 ne pas demander d\u2019autres frais aux jeunes ou \u00e0 leurs familles. Quant aux tenues de gymnastique demand\u00e9es par les \u00e9coles, NYB jusqu\u2019\u00e0 pr\u00e9sent ne les prend pas en charge. C\u2019est une question \u00e0 \u00e9tudier. NYB suit des enfants dans une cinquantaine d\u2019\u00e9coles, nous ne pouvons pas payer des frais diff\u00e9rents dans chaque \u00e9cole et nous devons nous limiter \u00e0 des frais communs.<\/p>\n<\/div>\n<\/div>\n\n\n\n<div class=\"wp-block-columns is-layout-flex wp-container-core-columns-is-layout-9d6595d7 wp-block-columns-is-layout-flex\">\n<div class=\"wp-block-column is-layout-flow wp-block-column-is-layout-flow\" style=\"flex-basis:100%\">\n<p>Apr\u00e8s cet \u00e9change, un petit verre de bonne ann\u00e9e a \u00e9t\u00e9 partag\u00e9 avec tous les directeurs pr\u00e9sents qui ont \u00e9galement re\u00e7u une petite enveloppe avec leurs frais de transport afin de faciliter leur d\u00e9placement.<\/p>\n<\/div>\n<\/div>\n\n\n\n<div class=\"wp-block-columns is-layout-flex wp-container-core-columns-is-layout-9d6595d7 wp-block-columns-is-layout-flex\">\n<div class=\"wp-block-column is-layout-flow wp-block-column-is-layout-flow\" style=\"flex-basis:100%\">\n<p><strong>Pascal Kanyki, \u00e9ducateu<\/strong>r<\/p>\n<\/div>\n<\/div>\n\n\n\n<div class=\"wp-block-columns is-layout-flex wp-container-core-columns-is-layout-9d6595d7 wp-block-columns-is-layout-flex\">\n<div class=\"wp-block-column is-layout-flow wp-block-column-is-layout-flow\" style=\"flex-basis:33.33%\"><\/div>\n\n\n\n<div class=\"wp-block-column is-layout-flow wp-block-column-is-layout-flow\" style=\"flex-basis:66.66%\"><\/div>\n<\/div>\n\n\n\n<div class=\"wp-block-columns is-layout-flex wp-container-core-columns-is-layout-9d6595d7 wp-block-columns-is-layout-flex\">\n<div class=\"wp-block-column is-layout-flow wp-block-column-is-layout-flow\" style=\"flex-basis:100%\">\n<p>5. <strong><em>La bonne ann\u00e9e des directeurs d\u2019ateliers et de centres de formation professionnelle&nbsp;:<\/em><\/strong><\/p>\n\n\n\n<p>Le 21\/3, s\u2019est tenue la rencontre des directeurs d\u2019ateliers et de centres de formation professionnelle. Chacun des 15 responsables d\u2019atelier ou directeur pr\u00e9sents a pu prendre la parole&nbsp;:<\/p>\n\n\n\n<p>Les jeunes ont la force et la volont\u00e9 apprendre. Ils sont aussi intelligents mais la prise de drogue avant la formation emp\u00eache certains de bien assimiler la mati\u00e8re.<\/p>\n\n\n\n<p>Les \u00e9ducateurs passent pour le suivi mais pas assez r\u00e9guli\u00e8rement. Les jeunes sont souvent t\u00eatus, irr\u00e9guliers, ils prennent du chanvre, leur niveau d\u2019alphab\u00e9tisation est souvent trop bas. Parfois ils ont un esprit de vol et on doit faire attention \u00e0 tout le mat\u00e9riel. Ils abandonnent la formation \u00e0 cause des difficult\u00e9s familiales ou de l\u2019absence de repas \u00e0 la maison. Les jeunes filles deviennent enceintes et abandonnent leur formation.<\/p>\n\n\n\n<p>Les membres de leur famille ne les motivent pas et ne les encouragent pas pour leur formation. Il faudrait les interpeller.<\/p>\n\n\n\n<p>Il y a aussi des jeunes qui viennent malades \u00e0 la formation, tout en disant n\u2019avoir pas d\u2019argent pour se faire soigner.<\/p>\n\n\n\n<p>Les formateurs sugg\u00e8rent qu&rsquo;il y ait un meilleur suivi du mat\u00e9riel achet\u00e9 pour les jeunes pour leur formation&nbsp;: ce mat\u00e9riel est-il bien conserv\u00e9, bien entretenu, ne disparait-il pas&nbsp;? Les visites en formation au niveau des cfp doivent \u00eatre faites en collaboration avec le responsable du cfp. Il faut organiser trimestriellement des tests de niveau pendant la formation et apr\u00e8s la formation pour v\u00e9rifier l\u2019apprentissage ou \u00e9tablir un calendrier de v\u00e9rification du niveau des jeunes, organiser des rencontres avec les parents de ces jeunes pour un bon suivi.<\/p>\n\n\n\n<p>NYB va proposer \u00e0 certains ateliers o\u00f9 des jeunes ont \u00e9t\u00e9 bien form\u00e9s, une convention de formation dans la dur\u00e9e qui ne devra pas \u00eatre reprise pour chaque jeune, en raison de la confiance mutuelle.<\/p>\n\n\n\n<p>Comment les formateurs font-ils pour aider les jeunes \u00e0 devenir des entrepreneurs eux-m\u00eames&nbsp;? L&rsquo;unique fa\u00e7on d&rsquo;aimer et d&rsquo;aider ces jeunes \u00e0 devenir des entrepreneurs est de leur donner une bonne formation, sans rien leur cacher.<\/p>\n\n\n\n<p>Le responsable du centre Jean Pierre a pris la parole pour expliquer en deux mots l&rsquo;objectif de notre travail d&rsquo;aider le jeune \u00e0 devenir autonome.<\/p>\n\n\n\n<p>Avec les formateurs nous devons travailler en collaboration&nbsp;: Si le jeune ne vient pas \u00e0 la formation ou est malade, vous devez nous le signaler, parce que ce travail d&rsquo;accompagnement de jeunes n\u2019est pas facile mais quand on r\u00e9ussit, \u00e7a procure de la joie.<\/p>\n\n\n\n<p>Enfin le responsable de formation professionnelle a pris la parole pour expliquer la d\u00e9marche qui va suivre : \u00c9tablir un calendrier d&rsquo;organisation des tests qui sera officiel. Il a demand\u00e9 aux formateurs d&rsquo;\u00eatre vrai dans le sens de dire la v\u00e9rit\u00e9 sur le jeune lors de nos visites.<\/p>\n\n\n\n<p><strong>&nbsp;&nbsp;&nbsp;&nbsp;&nbsp;&nbsp;&nbsp;&nbsp;&nbsp;&nbsp;&nbsp;&nbsp;&nbsp;&nbsp;&nbsp;&nbsp;&nbsp;&nbsp;&nbsp;&nbsp;&nbsp;&nbsp;&nbsp;&nbsp;&nbsp;&nbsp;&nbsp;&nbsp;&nbsp;&nbsp;&nbsp;&nbsp;&nbsp;&nbsp;&nbsp;&nbsp;&nbsp;&nbsp;&nbsp;&nbsp;&nbsp;&nbsp;&nbsp;&nbsp;&nbsp;&nbsp;&nbsp;&nbsp;&nbsp;&nbsp;&nbsp;&nbsp;&nbsp;&nbsp;&nbsp;&nbsp;&nbsp;&nbsp;&nbsp;&nbsp;&nbsp;&nbsp;&nbsp;&nbsp;&nbsp;&nbsp;&nbsp;&nbsp;&nbsp;&nbsp;&nbsp;&nbsp;&nbsp;&nbsp;&nbsp;&nbsp;&nbsp;&nbsp;&nbsp;&nbsp; Bibiane Kabena, \u00e9ducatrice<\/strong><\/p>\n\n\n\n<p>6. <strong><em>La bonne ann\u00e9e des sites<\/em><\/strong><em>&nbsp;:<\/em><\/p>\n\n\n\n<p>Sur 8 sites diff\u00e9rents, dans sept communes de Kinshasa, les \u00e9ducateurs de NYB animent chaque mois des rencontres de sensibilisation avec les responsables de quartier, les responsables de la police, les mamans commer\u00e7antes et les pasteurs en vue d\u2019identifier ensemble les enfants de la rue, les accueillir, les \u00e9couter et veiller au respect de leurs droits. Sur chacun des 8 sites, une rencontre de relecture de l\u2019ann\u00e9e s\u2019est tenue au mois de janvier&nbsp;:<\/p>\n\n\n\n<p>1\/ Kisenso, le 12\/1&nbsp;: 10 personnes \u00e9taient pr\u00e9sents dans la rencontre&nbsp;: 2 pasteurs, deux chefs de quartier, 2 mamans commer\u00e7antes, 2 directeurs d\u2019\u00e9cole, 1 parent et 1grand jeune. Pour les personnes pr\u00e9sentes, le travail de NYB avec les enfants est important&nbsp;: \u00ab&nbsp;Ils font ce que l\u2019\u00e9tat devrait faire mais ne fait pas&nbsp;\u00bb. Les participants ont appr\u00e9ci\u00e9 tous les appuis \u00e0 la stabilisation des enfants pour \u00e9viter les rechutes. Pour les participants, ils ne voient plus d\u2019enfant sur leur march\u00e9 et pensent qu\u2019ils sont partis vers le march\u00e9 de Matete. Plusieurs ont exprim\u00e9 le souci que les parents dans ce quartier ne font pas assez attention \u00e0 leurs enfants.<\/p>\n\n\n\n<p>Les participants proposent de faire des sensibilisations par la radio communautaire du march\u00e9 et de distribuer aux responsables le texte de la loi de protection des enfants et aussi de faire des rencontres avec les pasteurs pour qu\u2019ils n\u2019accusent plus les enfants d\u2019\u00eatre des sorciers.<\/p>\n\n\n\n<p>2\/Matadi-Kibala, le 13\/1&nbsp;:10 personnes \u00e9taient pr\u00e9sentes&nbsp;: police, chef de quartier, commer\u00e7ants, pasteurs, directeurs d\u2019\u00e9cole.&nbsp; Pour les personnes pr\u00e9sentes, elles sont satisfaites des sensibilisations des pasteurs qui ne condamnent plus comme avant les enfants de sorcellerie. Elles sont contentes des appuis \u00e0 l\u2019int\u00e9gration des enfants dans les familles et des conseils donn\u00e9s aux familles. Gr\u00e2ce \u00e0 la collaboration des diff\u00e9rents partenaires du site, 5 enfants de la rue ont pu \u00eatre r\u00e9unifi\u00e9s cette ann\u00e9e. Masi il y a encore plusieurs rechutes d\u2019enfants.<\/p>\n\n\n\n<p>3\/Makala, le 11\/1&nbsp;: 10 personnes \u00e9taient pr\u00e9sentes. En relisant l\u2019ann\u00e9e 2022, les participants ont appr\u00e9ci\u00e9 les r\u00e9unifications r\u00e9alis\u00e9es \u00e0 partir du site (4 les trois derniers mois) ainsi que la scolarisation et le suivi des enfants r\u00e9unifi\u00e9s pour \u00e9viter les rechutes. Peu de rencontres ont \u00e9t\u00e9 r\u00e9alis\u00e9es au cours de l\u2019ann\u00e9e et les autorit\u00e9s communales ne sont pas toujours au courant. Malgr\u00e9 le travail de NYB, le nombre d\u2019enfants dans la rue reste important au rond-point Ngaba. Beaucoup de parents ne suivent pas bien leurs enfants et devraient \u00eatre sensibilis\u00e9s \u00e0 leurs responsabilit\u00e9s tout sp\u00e9cialement par rapport \u00e0 la bonne scolarisation de tous les enfants. Le gros probl\u00e8me aujourd\u2019hui est celui des jeunes violents dans le quartier qui se battent, d\u00e9truisent et volent.<\/p>\n\n\n\n<p>Les partenaires souhaitent qu\u2019il y ait davantage de sensibilisations surtout par rapport aux familles dont les enfants vont dans la rue. Il serait aussi important que NYB puisse h\u00e9berger davantage d\u2019enfants au cours de la nuit pour mieux les prot\u00e9ger et bien sensibiliser les enfants dans les centres d\u2019accueil afin qu\u2019ils&nbsp; ne retournent plus dans la rue.<\/p>\n\n\n\n<p>4\/ Intendance&nbsp;: le 13\/1. 10 personnes \u00e9taient pr\u00e9sentes&nbsp;: chef du quartier et son adjoint, un pasteur, un directeur d\u2019\u00e9cole, deux policiers, un parent, un commer\u00e7ant, un leader jeune et un agent du renseignement. Au cours de l\u2019ann\u00e9e 2022, 10 enfants ont pu \u00eatre r\u00e9unifi\u00e9s dans leur famille \u00e0 partir du site dont quatre nous avaient \u00e9t\u00e9 confi\u00e9s par le bureau du quartier. Ils ont appr\u00e9ci\u00e9 ce travail r\u00e9alis\u00e9 et insist\u00e9 sur la bonne collaboration \u00e0 maintenir entre notre centre et les agents de l\u2019\u00e9tat et l\u2019information \u00e0 toujours pouvoir transmettre aux services de l\u2019\u00e9tat. Il a \u00e9t\u00e9 propos\u00e9 que le chef du quartier puisse lui \u00e9galement aller visiter les enfants r\u00e9unifi\u00e9s dans leurs familles. Il a \u00e9t\u00e9 souhait\u00e9 de faire plus de sensibilisations sur le site afin que toute la population du quartier soit bien inform\u00e9e du travail r\u00e9alis\u00e9. Les participants souhaitaient que nous puissions de mani\u00e8re plus large aider les jeunes en difficult\u00e9 dans le quartier mais nous leur avons bien pr\u00e9cis\u00e9 notre cible des enfants de la rue.<\/p>\n\n\n\n<p>5\/ Selembao&nbsp;: le 12\/1. 12 personnes \u00e9taient pr\u00e9sentes. Les partenaires ont appr\u00e9ci\u00e9 la bonne collaboration avec NYB qui a permis en 2022 de r\u00e9unifier 13 enfants \u00e0 partir du site, dont 3 recommand\u00e9s par le chef du quartier. Les enfants r\u00e9unifi\u00e9s ont \u00e9t\u00e9 bien suivis et scolaris\u00e9s et sont devenus stables dans leurs familles. Mais le nombre des enfants sur le site reste \u00e9lev\u00e9 et beaucoup d\u2019enfants sont l\u00e0 sur le march\u00e9 et vendent de l\u2019eau mais ne sont pas scolaris\u00e9s faute de moyens. Il y a \u00e9galement les accusations de sorcellerie. Que faire&nbsp;? Plusieurs sensibilisations ont \u00e9t\u00e9 propos\u00e9es&nbsp;: celle des femmes sur la planification familiale, celle des pasteurs sur les accusations de sorcellerie et leurs cons\u00e9quences, celle des responsables locaux (chefs de quartier et chefs de rue) sur les droits des enfants en leur donnant le texte de la loi&nbsp;; utiliser aussi les m\u00e9dia, comme les radios locales pour d\u00e9noncer les antivaleurs.<\/p>\n\n\n\n<p>6\/Limete&nbsp;: le 11\/1.14 personnes \u00e9taient pr\u00e9sentes. Les personnes pr\u00e9sentes ont appr\u00e9ci\u00e9 la collaboration au cours de l\u2019ann\u00e9e. Une personne a donn\u00e9 le t\u00e9moignage d\u2019une fille revenue \u00e0 la maison et devenue stable gr\u00e2ce au travail r\u00e9alis\u00e9. Ils souhaitent plus de sensibilisations avec les responsables des paroisses et les pasteurs et les chefs de rue sur les antivaleurs, et notamment les violences sexuelles et sur le droit \u00e0 l\u2019enseignement de tous les enfants&nbsp;; aussi sur la planification familiale. Plusieurs enfants ont \u00e9t\u00e9 r\u00e9unifi\u00e9s \u00e0 partir du site (combien&nbsp;?) mais une fille confi\u00e9e pour une \u00e9coute a disparu apr\u00e8s et nous ne l\u2019avons pas retrouv\u00e9e. Les participants ont aussi propos\u00e9 de placer des banderoles et des affiches pour mieux sensibiliser la population locale.<\/p>\n\n\n\n<p>7\/Super-Lemba&nbsp;: <\/p>\n\n\n\n<p>Il s&rsquo;est tenu une r\u00e9union d&rsquo;\u00e9valuation du site de Super-Lemba avec 12 participants dont, le chef du quartier et son Adjoint, le commandant et un policier, deux mamans commer\u00e7antes, le service social de la commune et l&rsquo;ANR, un leader des jeunes, un Directeur d&rsquo;\u00e9cole et deux \u00e9ducateurs de ndako ya Biso. La r\u00e9union avait comme th\u00e8me&nbsp; l&rsquo;\u00e9valuation des activit\u00e9s r\u00e9alis\u00e9es en 2022 et les perspectives pour l&rsquo;ann\u00e9e 2023.<\/p>\n\n\n\n<p>Les participants ont commenc\u00e9 par se r\u00e9jouir de la bonne collaboration au cours de l\u2019ann\u00e9e 2022. Malgr\u00e9 le travail fait, Super-Lemba reste toujours un site de concentration pour un bon nombre des enfants de la rue.&nbsp; Jean-Didier avait re\u00e7u un enfant qui a \u00e9t\u00e9 confi\u00e9 par le chef du quartier avec une grande plaie \u00e0 c\u00f4t\u00e9 de son oreille. L&rsquo;enfant a \u00e9t\u00e9 h\u00e9berg\u00e9 chez nous au centre, mais une fois soign\u00e9 il a fui pour retourner dans la rue parce qu&rsquo;il ne voulait pas rentrer en famille. Prenant la parole \u00e0 leur tour, l&rsquo;un apr\u00e8s l&rsquo;autre ont reconnu le travail que ndako ya Biso r\u00e9alise pour les enfants de la rue, surtout le fait que nous parvenons \u00e0 scolariser certains enfants et que d&rsquo;autres font des formations professionnelles puis deviennent autonomes.&nbsp; Ils ont tous avou\u00e9 qu&rsquo;ils sont aussi des portes paroles pour ndako ya Biso car ils constatent qu&rsquo;il y a beaucoup d\u2019ONG qui ne font pas ce que ndako ya Biso fait.<\/p>\n\n\n\n<p>Quant \u00e0 la deuxi\u00e8me question des perspectives pour l&rsquo;ann\u00e9e 2023, Ils nous ont recommand\u00e9 de faire plus des sensibilisations pour qu\u2019un bon nombre des personnes puissent b\u00e9n\u00e9ficier des bons sujets que nous partageons souvent avec eux en petits groupes.&nbsp; Ils ont sugg\u00e9r\u00e9 de faire les sensibilisations avec les m\u00e9gaphones comme \u00e0 Super- Lemba, dans les march\u00e9s de la commune de Lemba, \u00e0 la t\u00e9l\u00e9vision, organiser les conf\u00e9rences et les d\u00e9bats autour des toutes les questions dont sont victimes les enfants pour que la population puisse abandonner les mauvaises habitudes d&rsquo;incriminer les enfants en les accusant de sorcellerie et autres. <\/p>\n\n\n\n<p>Si possible faire des conf\u00e9rences avec les pasteurs qui peuvent s&rsquo;investir dans la m\u00eame campagne dans leurs \u00e9glises. Il a \u00e9t\u00e9 dit aussi que, si nous sommes \u00e0 Super-Lemba pour le travail, nous pouvons passer saluer le chef du quartier, le commandant de la police et arriver aussi \u00e0 la commune car \u00e0 la commune ils ont des cas qu&rsquo;ils ne savent pas o\u00f9 r\u00e9f\u00e9rer.<\/p>\n\n\n\n\n\n\n\n<p><\/p>\n\n\n\n\n\n<p><strong>Mukweti Elie, \u00e9ducateur responsable des microcr\u00e9dits<\/strong><\/p>\n\n\n\n<p>2\u00b0) rencontre d\u2019\u00e9change d\u2019exp\u00e9riences des microcr\u00e9dits \u00e0 Kingabwa de neuf b\u00e9n\u00e9ficiaires autour du th\u00e8me&nbsp;: \u00ab&nbsp;Des pratiques face aux difficult\u00e9s de mon AGR&nbsp;\u00bb.<\/p>\n\n\n\n<p>L\u2019objectif principal \u00e9tait de ressortir des pratiques r\u00e9elles en lieu et place des id\u00e9es superflues qui ne r\u00e9pondent pas directement aux difficult\u00e9s qui d\u00e9s\u00e9quilibrent les AGR.<\/p>\n\n\n\n<p>Tour \u00e0 tour, les mamans de microcr\u00e9dit ont pr\u00e9sent\u00e9 leurs situations et, \u00e0 la fin de chaque expos\u00e9, un temps d\u2019\u00e9change pour voir si d\u2019autres pratiques \u00e9taient possibles \u00e0 ces cas.<\/p>\n\n\n\n<ul class=\"wp-block-list\">\n<li>Maman God\u00e9 M. note en particulier le vol de ses chikwangues en son absence de la maison. Sa strat\u00e9gie est de ne pas se d\u00e9placer lorsque son stock est important et son argent toujours dans sa poche. Elle pr\u00e9f\u00e8re vendre en dehors de la parcelle.<\/li>\n\n\n\n<li>Josepha B. (maman maboke)&nbsp;: je sais que mes clients ne pr\u00e9f\u00e8rent pas les poissons surgel\u00e9s et c\u2019est ce qui co\u00fbte moins cher. Pour tromper leur vigilance, je mets des \u00e9pices aromatisants et grille les poissons jusqu\u2019\u00e0 s\u00e9cher l\u2019eau du paquet. C\u2019est comme cela que je finis tous les jours la quantit\u00e9 disponible. Contre le vol, j\u2019\u00e9pargne au port l\u00e0 o\u00f9 je vais vendre.<\/li>\n\n\n\n<li>Blandine M.&nbsp;: je fais mon petit restaurant dans la rue. L\u2019encadrement des enfants me complique la vie et surtout au moment o\u00f9 j\u2019accouche, l\u2019activit\u00e9 s\u2019arr\u00eate. Et c\u2019est mon mari qui alors intervient, except\u00e9 la rel\u00e8ve \u00e0 l\u2019activit\u00e9.<\/li>\n\n\n\n<li>B. Marthe&nbsp;: mon activit\u00e9 aujourd\u2019hui c\u2019est la vente de poissons fum\u00e9s au port. La difficult\u00e9 c\u2019est que ma fille a\u00een\u00e9e a \u00e9t\u00e9 r\u00e9unifi\u00e9e mais le dossier a \u00e9t\u00e9 cl\u00f4tur\u00e9. Elle est en 6<sup>\u00e8me<\/sup> des humanit\u00e9s et j\u2019ai du mal \u00e0 payer ses frais. Mon mari n\u2019est que le p\u00e8re de mon dernier n\u00e9 de 2,5 ans sur mes 5. Comme strat\u00e9gie, je me suis&nbsp; inscrite dans un groupe de ristourne pour me permettre de payer les frais scolaires de ma fille.<\/li>\n\n\n\n<li>Euphrasie M.&nbsp;: je d\u00e9tiens un champ potager. Je m\u2019associe \u00e0 mon mari pour produire ensemble et nous assister en cas de maladie ou d\u2019ins\u00e9curit\u00e9. Car, il y a des voleurs des fois arm\u00e9s (armes blanches) qui visitent le champ et sans la pr\u00e9sence d\u2019un homme, la femme ne peut pas faire face. En outre, au moment des inondations, nous perdons nos champs ou les abandonnons. A ce moment, je commence \u00e0 vendre le charbon de bois.<\/li>\n<\/ul>\n\n\n\n<p>Les AGR expos\u00e9es ce jour \u00e9taient&nbsp;: la fabrication et vente de chikwangues, poissons grill\u00e9s en paquets (Maboke), poissons fum\u00e9s, poissons sal\u00e9s, malewa, l\u00e9gumes, planches\/meubles.<\/p>\n\n\n\n<p>La principale difficult\u00e9 \u00e9voqu\u00e9e \u00e9tait la hausse de prix d\u2019achat sur le march\u00e9. Il y a eu \u00e9l\u00e9vation du co\u00fbt d\u2019achat (prix d\u2019achat et transport). La pratique faisant face \u00e9tait aussi la hausse du prix de vente. Une ad\u00e9quation a \u00e9t\u00e9 ressortie lors des \u00e9changes&nbsp;: c\u2019est celle de diff\u00e9rence des vitesses. La vitesse de hausse de co\u00fbt de prix d\u2019achat est beaucoup plus rapide que celle du prix de vente. Cela ne manque pas diminuer la quantit\u00e9 de la marchandise et la nourriture \u00e0 la maison.<\/p>\n\n\n\n<p>D\u2019autres difficult\u00e9s telles la maladie, les cas de deuil, les voyages, la maternit\u00e9, etc. ont \u00e9t\u00e9 cit\u00e9es. C\u2019est la technique de l\u2019\u00e9pargne qui a \u00e9t\u00e9 consid\u00e9r\u00e9e in\u00e9vitable pour sauver l\u2019AGR \u00e0 certains moments.<\/p>\n\n\n\n<p>A la fin, l\u2019appel \u00e0 la conscience responsable a \u00e9t\u00e9 lanc\u00e9 par les \u00e9ducateurs, notamment en ce qui concerne le remboursement des cr\u00e9dits.<\/p>\n\n\n\n<p>8. <strong><em>La bonne ann\u00e9e des B\u00e9n\u00e9voles&nbsp;:<\/em><\/strong><\/p>\n\n\n\n<p>Le 20 janvier 2023, a \u00e9t\u00e9 organis\u00e9e la bonne ann\u00e9e des jeunes b\u00e9n\u00e9voles qui soutiennent notre action en gardant les enfants du centre, tant gar\u00e7ons que filles, soit pendant la nuit soit pendant les week-ends. Les 17 jeunes \u00e9taient pr\u00e9sents.<\/p>\n\n\n\n<p>Apr\u00e8s la pri\u00e8re et le mot de bienvenue, le directeur de NYB a soulign\u00e9 l\u2019importance du travail des B\u00e9n\u00e9voles qui, tout&nbsp; en n\u2019\u00e9tant pas engag\u00e9s par NYB, sont pris en charge ponctuellement pour les services qu\u2019ils nous rendent. Chaque b\u00e9n\u00e9vole, avec son talent, nous a aid\u00e9 \u00e0 bien accueillir et encourager les jeunes de notre centre.<\/p>\n\n\n\n<p>Ce sont les b\u00e9n\u00e9voles qui ont pu relire leur ann\u00e9e&nbsp;:<\/p>\n\n\n\n<p>\u00ab&nbsp;L\u2019affection et la confiance des enfants m\u2019ont beaucoup marqu\u00e9&nbsp;\u00bb<\/p>\n\n\n\n<p>\u00ab&nbsp;Je suis content d\u2019avoir particip\u00e9 d\u2019une mani\u00e8re ou d\u2019une autre \u00e0 la reconstruction de quelques enfants&nbsp;\u00bb<\/p>\n\n\n\n<p>\u00ab&nbsp;C\u2019est une joie de voir comment certains enfants \u00e9voluent et laissent leur violence, reconnaissent leurs erreurs et sont pr\u00eats \u00e0 reprendre une vie nouvelle&nbsp;\u00bb<\/p>\n\n\n\n<p>\u00ab&nbsp;Chaque r\u00e9unification d\u2019un enfant est un moment de joie, mais chaque rechute est un moment de tristesse\u00bb<\/p>\n\n\n\n<p>\u00ab&nbsp;Dans les jeux, le sport et la danse, nous avons pu d\u00e9couvrir beaucoup de talents chez ces enfants rejet\u00e9s&nbsp;\u00bb<\/p>\n\n\n\n<p>\u00ab&nbsp;Quand nous rencontrons un de ces enfants dans la rue, il est content de venir nous saluer&nbsp;\u00bb<\/p>\n\n\n\n<p>Mais il y a aussi des difficult\u00e9s&nbsp;:<\/p>\n\n\n\n<p>\u00ab&nbsp;La mauvaise influence de certains enfants sur les autres (plusieurs b\u00e9n\u00e9voles ont soulign\u00e9 les difficult\u00e9s v\u00e9cues avec une fille plus \u00e2g\u00e9e qui cherchait \u00e0 mal influencer les plus jeunes)&nbsp;\u00bb<\/p>\n\n\n\n<p>\u00ab&nbsp;L\u2019absence totale de respect de certains enfants difficiles \u00e0 maitriser, surtout quand on ne sait pas encore comment s\u2019y prendre&nbsp;\u00bb<\/p>\n\n\n\n<p>\u00ab&nbsp;Quand tu commences le travail, tu as peur de passer la nuit avec des enfants accus\u00e9s d\u2019\u00eatre des sorciers et tu ne sais pas quoi faire&nbsp;\u00bb<\/p>\n\n\n\n<p>Les b\u00e9n\u00e9voles ont aussi soulign\u00e9 les menaces des jeunes qui pour une raison ou l\u2019autre n\u2019ont plus acc\u00e8s au centre et veulent se venger sur les autres. Ils ont aussi demand\u00e9 de pouvoir disposer d\u2019unit\u00e9s t\u00e9l\u00e9phoniques pour pouvoir appeler en cas de situation difficile et ont demand\u00e9 de pouvoir recevoir certaines formations leur permettant de mieux maitriser leur service.<\/p>\n\n\n\n<p>Apr\u00e8s cet \u00e9change, et les souhaits de bonne ann\u00e9e, un repas de f\u00eate a \u00e9t\u00e9 partag\u00e9 et une bonne musique a permis \u00e0 tous les participants de prendre ensemble un petit temps de danse.<\/p>\n\n\n\n<p>9. <strong>La bonne Ann\u00e9e des mamans de la cuisine<\/strong><\/p>\n\n\n\n<p>Le vendredi 27 janvier a \u00e9t\u00e9 c\u00e9l\u00e9br\u00e9e la bonne ann\u00e9e des mamans b\u00e9n\u00e9voles de la cuisine&nbsp;: 14 mamans se sont retrouv\u00e9es le 27 janvier \u00e0 16h pour c\u00e9l\u00e9brer leur bonne ann\u00e9e. Apr\u00e8s la pri\u00e8re et le mot d\u2019accueil, le directeur du centre a remerci\u00e9 les mamans pour leur travail fid\u00e8le et r\u00e9gulier&nbsp;: chacune des mamans a en effet son jour de la semaine o\u00f9 elle vient avec une ou deux autres pr\u00e9parer b\u00e9n\u00e9volement le repas des enfants dans le centre des gar\u00e7ons. <\/p>\n\n\n\n<p>Tout aussi important que la qualit\u00e9 du repas est celle de la relation des mamans avec les enfants. Ces enfants priv\u00e9s de l\u2019affection familiale ont besoin de la reconnaissance d\u2019une maman et l\u2019accueil des mamans \u00e0 la cuisine fait du bien aux enfants et les encourage. Certaines mamans invitent m\u00eame des enfants du centre chez elles et elles sont toujours tr\u00e8s heureuses quand un enfant les reconnait et les salue dans la rue. Plusieurs mamans nous ont soulign\u00e9 combien elles avaient \u00e9t\u00e9 touch\u00e9es par l\u2019histoire de tel ou tel enfant.<\/p>\n\n\n\n<p>Apr\u00e8s cet \u00e9change, un bon repas et une bonne bi\u00e8re ont \u00e9t\u00e9 partag\u00e9s avec les mamans pr\u00e9sentes&nbsp;; malheureusement, il n\u2019y avait pas de courant et le groupe du centre \u00e9tant en panne, il n\u2019y a pas eu le moyen d\u2019avoir de la musique, or une f\u00eate sans musique n\u2019est pas vraiment une f\u00eate\u2026, car il n\u2019y a pas moyen de danser. Il faudra alors trouver une autre occasion et les mamans ont demand\u00e9 qu\u2019il puisse y avoir une sortie avec elles \u00e0 l\u2019occasion de la journ\u00e9e de la femme au mois de mars.<\/p>\n\n\n\n<p><strong>Jean-Pierre Godding<\/strong><\/p>\n\n\n\n<p>10. <strong>La bonne ann\u00e9e des \u00e9ducateurs<\/strong><\/p>\n\n\n\n<p>Le jeudi 26 janvier a \u00e9t\u00e9 c\u00e9l\u00e9br\u00e9e la&nbsp; journ\u00e9e de bonne ann\u00e9e de l\u2019ensemble du personnel de LBM, c\u2019est \u00e0 dire non seulement le personnel de NYB mais aussi celui du centre de formation professionnelle saint Joseph.<\/p>\n<\/div>\n<\/div>\n\n\n\n<figure class=\"wp-block-image size-full\"><img loading=\"lazy\" decoding=\"async\" width=\"945\" height=\"425\" src=\"https:\/\/www.streetchildrenofkinshasa.org\/wp-content\/uploads\/2023\/03\/image-1.png\" alt=\"\" class=\"wp-image-34762\" srcset=\"https:\/\/www.streetchildrenofkinshasa.org\/wp-content\/uploads\/2023\/03\/image-1.png 945w, https:\/\/www.streetchildrenofkinshasa.org\/wp-content\/uploads\/2023\/03\/image-1-300x135.png 300w, https:\/\/www.streetchildrenofkinshasa.org\/wp-content\/uploads\/2023\/03\/image-1-768x345.png 768w\" sizes=\"auto, (max-width: 945px) 100vw, 945px\" \/><\/figure>\n\n\n\n<div class=\"wp-block-columns is-layout-flex wp-container-core-columns-is-layout-9d6595d7 wp-block-columns-is-layout-flex\">\n<div class=\"wp-block-column is-layout-flow wp-block-column-is-layout-flow\" style=\"flex-basis:33.33%\"><\/div>\n\n\n\n<div class=\"wp-block-column is-layout-flow wp-block-column-is-layout-flow\" style=\"flex-basis:66.66%\"><\/div>\n<\/div>\n\n\n\n<div class=\"wp-block-columns is-layout-flex wp-container-core-columns-is-layout-9d6595d7 wp-block-columns-is-layout-flex\">\n<div class=\"wp-block-column is-layout-flow wp-block-column-is-layout-flow\" style=\"flex-basis:100%\">\n<p>C\u2019est avec 65 personnes et deux bus que nous sommes partis ensemble au site d\u2019Amour et Libert\u00e9. Pendant qu\u2019un groupe se mettait \u00e0 la cuisine pour pr\u00e9parer le repas de f\u00eate, tous les autres ont plong\u00e9 dans la d\u00e9tente&nbsp;: plong\u00e9e dans l\u2019eau de la rivi\u00e8re, jeu de football, danses avec une bonne musique locale, jeux de cartes, de dames ou de halma, ou encore de mikado\u2026 il y en avait pour chacun, et tous, pour une journ\u00e9e sont redevenus de vrais enfants s\u2019\u00e9clatant ensemble dans ces jeux de d\u00e9tente renfor\u00e7ant notre fraternit\u00e9.<\/p>\n<\/div>\n<\/div>\n\n\n\n<div class=\"wp-block-columns is-layout-flex wp-container-core-columns-is-layout-9d6595d7 wp-block-columns-is-layout-flex\">\n<div class=\"wp-block-column is-layout-flow wp-block-column-is-layout-flow\" style=\"flex-basis:100%\">\n<p>Ensuite, nous avons partag\u00e9 tous ensemble un bon repas et une bonne bi\u00e8re en nous souhaitant \u00e0 chacun une tr\u00e8s bonne ann\u00e9e.<\/p>\n<\/div>\n<\/div>\n\n\n\n<p><strong>Jean-Pierre Godding<\/strong><\/p>\n\n\n\n<div class=\"wp-block-columns is-layout-flex wp-container-core-columns-is-layout-9d6595d7 wp-block-columns-is-layout-flex\"><\/div>\n\n\n\n<p><\/p>\n\n\n\n<p><\/p>\n","protected":false},"excerpt":{"rendered":"<p>Le mois de janvier est celui des souhaits de bonne ann\u00e9e, mais c\u2019est aussi celui du bilan de l\u2019ann\u00e9e pr\u00e9c\u00e9dente et des projets pour la nouvelle ann\u00e9e. C\u2019est ainsi que NYB a profit\u00e9 du mois de janvier pour organiser des rencontres de bonne ann\u00e9e avec ses enfants, son personnel et ses partenaires les plus proches. Dix rencontres diff\u00e9rentes ont \u00e9t\u00e9 organis\u00e9es. <\/p>\n","protected":false},"author":13,"featured_media":34752,"comment_status":"open","ping_status":"open","sticky":false,"template":"","format":"standard","meta":{"_acf_changed":false,"footnotes":""},"categories":[1],"tags":[],"class_list":["post-34749","post","type-post","status-publish","format-standard","has-post-thumbnail","hentry","category-coup-doeil-sur-lactualite"],"acf":[],"yoast_head":"<!-- This site is optimized with the Yoast SEO plugin v27.5 - https:\/\/yoast.com\/product\/yoast-seo-wordpress\/ -->\n<title>2023, DIX RENCONTRES DE BONNE ANNEE A NDAKO YA BISO - % %<\/title>\n<meta name=\"description\" content=\"Le mois de janvier est celui des souhaits de bonne ann\u00e9e, mais c\u2019est aussi celui du bilan de l\u2019ann\u00e9e pr\u00e9c\u00e9dente et des projets pour la nouvelle ann\u00e9e. C\u2019est ainsi que NYB a profit\u00e9 du mois de janvier pour organiser des rencontres de bonne ann\u00e9e avec ses enfants, son personnel et ses partenaires les plus proches. Dix rencontres diff\u00e9rentes ont \u00e9t\u00e9 organis\u00e9es.\" \/>\n<meta name=\"robots\" content=\"index, follow, max-snippet:-1, max-image-preview:large, max-video-preview:-1\" \/>\n<link rel=\"canonical\" href=\"https:\/\/www.streetchildrenofkinshasa.org\/fr\/2023-dix-rencontres-de-bonne-annee-a-ndako-ya-biso\/\" \/>\n<meta property=\"og:locale\" content=\"fr_FR\" \/>\n<meta property=\"og:type\" content=\"article\" \/>\n<meta property=\"og:title\" content=\"2023, DIX RENCONTRES DE BONNE ANNEE A NDAKO YA BISO - % %\" \/>\n<meta property=\"og:description\" content=\"Le mois de janvier est celui des souhaits de bonne ann\u00e9e, mais c\u2019est aussi celui du bilan de l\u2019ann\u00e9e pr\u00e9c\u00e9dente et des projets pour la nouvelle ann\u00e9e. C\u2019est ainsi que NYB a profit\u00e9 du mois de janvier pour organiser des rencontres de bonne ann\u00e9e avec ses enfants, son personnel et ses partenaires les plus proches. Dix rencontres diff\u00e9rentes ont \u00e9t\u00e9 organis\u00e9es.\" \/>\n<meta property=\"og:url\" content=\"https:\/\/www.streetchildrenofkinshasa.org\/fr\/2023-dix-rencontres-de-bonne-annee-a-ndako-ya-biso\/\" \/>\n<meta property=\"og:site_name\" content=\"Ndako Ya Biso - Enfants de Kinshasa\" \/>\n<meta property=\"article:publisher\" content=\"https:\/\/www.facebook.com\/enfantsdelaruedekinshasa\/\" \/>\n<meta property=\"article:published_time\" content=\"2023-03-28T20:01:09+00:00\" \/>\n<meta property=\"article:modified_time\" content=\"2023-03-28T20:02:23+00:00\" \/>\n<meta property=\"og:image\" content=\"https:\/\/www.streetchildrenofkinshasa.org\/wp-content\/uploads\/2023\/03\/Image1.jpg\" \/>\n\t<meta property=\"og:image:width\" content=\"454\" \/>\n\t<meta property=\"og:image:height\" content=\"340\" \/>\n\t<meta property=\"og:image:type\" content=\"image\/jpeg\" \/>\n<meta name=\"author\" content=\"Philippe Englebert\" \/>\n<meta name=\"twitter:card\" content=\"summary_large_image\" \/>\n<meta name=\"twitter:label1\" content=\"\u00c9crit par\" \/>\n\t<meta name=\"twitter:data1\" content=\"Philippe Englebert\" \/>\n\t<meta name=\"twitter:label2\" content=\"Dur\u00e9e de lecture est.\" \/>\n\t<meta name=\"twitter:data2\" content=\"31 minutes\" \/>\n<script type=\"application\/ld+json\" class=\"yoast-schema-graph\">{\"@context\":\"https:\\\/\\\/schema.org\",\"@graph\":[{\"@type\":\"Article\",\"@id\":\"https:\\\/\\\/www.streetchildrenofkinshasa.org\\\/fr\\\/2023-dix-rencontres-de-bonne-annee-a-ndako-ya-biso\\\/#article\",\"isPartOf\":{\"@id\":\"https:\\\/\\\/www.streetchildrenofkinshasa.org\\\/fr\\\/2023-dix-rencontres-de-bonne-annee-a-ndako-ya-biso\\\/\"},\"author\":{\"name\":\"Philippe Englebert\",\"@id\":\"https:\\\/\\\/www.streetchildrenofkinshasa.org\\\/fr\\\/#\\\/schema\\\/person\\\/a516a2618dd79acf99b1a9dc1b711320\"},\"headline\":\"2023, DIX RENCONTRES DE BONNE ANNEE A NDAKO YA BISO\",\"datePublished\":\"2023-03-28T20:01:09+00:00\",\"dateModified\":\"2023-03-28T20:02:23+00:00\",\"mainEntityOfPage\":{\"@id\":\"https:\\\/\\\/www.streetchildrenofkinshasa.org\\\/fr\\\/2023-dix-rencontres-de-bonne-annee-a-ndako-ya-biso\\\/\"},\"wordCount\":6608,\"commentCount\":0,\"publisher\":{\"@id\":\"https:\\\/\\\/www.streetchildrenofkinshasa.org\\\/fr\\\/#organization\"},\"image\":{\"@id\":\"https:\\\/\\\/www.streetchildrenofkinshasa.org\\\/fr\\\/2023-dix-rencontres-de-bonne-annee-a-ndako-ya-biso\\\/#primaryimage\"},\"thumbnailUrl\":\"https:\\\/\\\/www.streetchildrenofkinshasa.org\\\/wp-content\\\/uploads\\\/2023\\\/03\\\/Image1.jpg\",\"articleSection\":[\"Coup d'\u0153il sur l'actualit\u00e9\"],\"inLanguage\":\"fr-BE\",\"potentialAction\":[{\"@type\":\"CommentAction\",\"name\":\"Comment\",\"target\":[\"https:\\\/\\\/www.streetchildrenofkinshasa.org\\\/fr\\\/2023-dix-rencontres-de-bonne-annee-a-ndako-ya-biso\\\/#respond\"]}]},{\"@type\":\"WebPage\",\"@id\":\"https:\\\/\\\/www.streetchildrenofkinshasa.org\\\/fr\\\/2023-dix-rencontres-de-bonne-annee-a-ndako-ya-biso\\\/\",\"url\":\"https:\\\/\\\/www.streetchildrenofkinshasa.org\\\/fr\\\/2023-dix-rencontres-de-bonne-annee-a-ndako-ya-biso\\\/\",\"name\":\"2023, DIX RENCONTRES DE BONNE ANNEE A NDAKO YA BISO - % %\",\"isPartOf\":{\"@id\":\"https:\\\/\\\/www.streetchildrenofkinshasa.org\\\/fr\\\/#website\"},\"primaryImageOfPage\":{\"@id\":\"https:\\\/\\\/www.streetchildrenofkinshasa.org\\\/fr\\\/2023-dix-rencontres-de-bonne-annee-a-ndako-ya-biso\\\/#primaryimage\"},\"image\":{\"@id\":\"https:\\\/\\\/www.streetchildrenofkinshasa.org\\\/fr\\\/2023-dix-rencontres-de-bonne-annee-a-ndako-ya-biso\\\/#primaryimage\"},\"thumbnailUrl\":\"https:\\\/\\\/www.streetchildrenofkinshasa.org\\\/wp-content\\\/uploads\\\/2023\\\/03\\\/Image1.jpg\",\"datePublished\":\"2023-03-28T20:01:09+00:00\",\"dateModified\":\"2023-03-28T20:02:23+00:00\",\"description\":\"Le mois de janvier est celui des souhaits de bonne ann\u00e9e, mais c\u2019est aussi celui du bilan de l\u2019ann\u00e9e pr\u00e9c\u00e9dente et des projets pour la nouvelle ann\u00e9e. C\u2019est ainsi que NYB a profit\u00e9 du mois de janvier pour organiser des rencontres de bonne ann\u00e9e avec ses enfants, son personnel et ses partenaires les plus proches. Dix rencontres diff\u00e9rentes ont \u00e9t\u00e9 organis\u00e9es.\",\"breadcrumb\":{\"@id\":\"https:\\\/\\\/www.streetchildrenofkinshasa.org\\\/fr\\\/2023-dix-rencontres-de-bonne-annee-a-ndako-ya-biso\\\/#breadcrumb\"},\"inLanguage\":\"fr-BE\",\"potentialAction\":[{\"@type\":\"ReadAction\",\"target\":[\"https:\\\/\\\/www.streetchildrenofkinshasa.org\\\/fr\\\/2023-dix-rencontres-de-bonne-annee-a-ndako-ya-biso\\\/\"]}]},{\"@type\":\"ImageObject\",\"inLanguage\":\"fr-BE\",\"@id\":\"https:\\\/\\\/www.streetchildrenofkinshasa.org\\\/fr\\\/2023-dix-rencontres-de-bonne-annee-a-ndako-ya-biso\\\/#primaryimage\",\"url\":\"https:\\\/\\\/www.streetchildrenofkinshasa.org\\\/wp-content\\\/uploads\\\/2023\\\/03\\\/Image1.jpg\",\"contentUrl\":\"https:\\\/\\\/www.streetchildrenofkinshasa.org\\\/wp-content\\\/uploads\\\/2023\\\/03\\\/Image1.jpg\",\"width\":454,\"height\":340},{\"@type\":\"BreadcrumbList\",\"@id\":\"https:\\\/\\\/www.streetchildrenofkinshasa.org\\\/fr\\\/2023-dix-rencontres-de-bonne-annee-a-ndako-ya-biso\\\/#breadcrumb\",\"itemListElement\":[{\"@type\":\"ListItem\",\"position\":1,\"name\":\"Home\",\"item\":\"https:\\\/\\\/www.streetchildrenofkinshasa.org\\\/fr\\\/\"},{\"@type\":\"ListItem\",\"position\":2,\"name\":\"2023, DIX RENCONTRES DE BONNE ANNEE A NDAKO YA BISO\"}]},{\"@type\":\"WebSite\",\"@id\":\"https:\\\/\\\/www.streetchildrenofkinshasa.org\\\/fr\\\/#website\",\"url\":\"https:\\\/\\\/www.streetchildrenofkinshasa.org\\\/fr\\\/\",\"name\":\"Ndako Ya Biso - Enfants de Kinshasa\",\"description\":\"Donnons aux enfants des rues de Kinshasa un espoir et un avenir.\",\"publisher\":{\"@id\":\"https:\\\/\\\/www.streetchildrenofkinshasa.org\\\/fr\\\/#organization\"},\"potentialAction\":[{\"@type\":\"SearchAction\",\"target\":{\"@type\":\"EntryPoint\",\"urlTemplate\":\"https:\\\/\\\/www.streetchildrenofkinshasa.org\\\/fr\\\/?s={search_term_string}\"},\"query-input\":{\"@type\":\"PropertyValueSpecification\",\"valueRequired\":true,\"valueName\":\"search_term_string\"}}],\"inLanguage\":\"fr-BE\"},{\"@type\":\"Organization\",\"@id\":\"https:\\\/\\\/www.streetchildrenofkinshasa.org\\\/fr\\\/#organization\",\"name\":\"Communaut\u00e9 du Chemin Neuf\",\"url\":\"https:\\\/\\\/www.streetchildrenofkinshasa.org\\\/fr\\\/\",\"logo\":{\"@type\":\"ImageObject\",\"inLanguage\":\"fr-BE\",\"@id\":\"https:\\\/\\\/www.streetchildrenofkinshasa.org\\\/fr\\\/#\\\/schema\\\/logo\\\/image\\\/\",\"url\":\"https:\\\/\\\/www.streetchildrenofkinshasa.org\\\/wp-content\\\/uploads\\\/2022\\\/05\\\/logo-cte-couleur_evide.png\",\"contentUrl\":\"https:\\\/\\\/www.streetchildrenofkinshasa.org\\\/wp-content\\\/uploads\\\/2022\\\/05\\\/logo-cte-couleur_evide.png\",\"width\":1280,\"height\":736,\"caption\":\"Communaut\u00e9 du Chemin Neuf\"},\"image\":{\"@id\":\"https:\\\/\\\/www.streetchildrenofkinshasa.org\\\/fr\\\/#\\\/schema\\\/logo\\\/image\\\/\"},\"sameAs\":[\"https:\\\/\\\/www.facebook.com\\\/enfantsdelaruedekinshasa\\\/\",\"https:\\\/\\\/www.youtube.com\\\/channel\\\/UCIDv6Uc3gdp1RP_HrlK5VHw\"]},{\"@type\":\"Person\",\"@id\":\"https:\\\/\\\/www.streetchildrenofkinshasa.org\\\/fr\\\/#\\\/schema\\\/person\\\/a516a2618dd79acf99b1a9dc1b711320\",\"name\":\"Philippe Englebert\",\"image\":{\"@type\":\"ImageObject\",\"inLanguage\":\"fr-BE\",\"@id\":\"https:\\\/\\\/secure.gravatar.com\\\/avatar\\\/9595e9d9e03824ab1513eb2842d6919786ce3781a0dbeb9e5fdef68c988b09b8?s=96&d=mm&r=g\",\"url\":\"https:\\\/\\\/secure.gravatar.com\\\/avatar\\\/9595e9d9e03824ab1513eb2842d6919786ce3781a0dbeb9e5fdef68c988b09b8?s=96&d=mm&r=g\",\"contentUrl\":\"https:\\\/\\\/secure.gravatar.com\\\/avatar\\\/9595e9d9e03824ab1513eb2842d6919786ce3781a0dbeb9e5fdef68c988b09b8?s=96&d=mm&r=g\",\"caption\":\"Philippe Englebert\"}}]}<\/script>\n<!-- \/ Yoast SEO plugin. -->","yoast_head_json":{"title":"2023, DIX RENCONTRES DE BONNE ANNEE A NDAKO YA BISO - % %","description":"Le mois de janvier est celui des souhaits de bonne ann\u00e9e, mais c\u2019est aussi celui du bilan de l\u2019ann\u00e9e pr\u00e9c\u00e9dente et des projets pour la nouvelle ann\u00e9e. C\u2019est ainsi que NYB a profit\u00e9 du mois de janvier pour organiser des rencontres de bonne ann\u00e9e avec ses enfants, son personnel et ses partenaires les plus proches. Dix rencontres diff\u00e9rentes ont \u00e9t\u00e9 organis\u00e9es.","robots":{"index":"index","follow":"follow","max-snippet":"max-snippet:-1","max-image-preview":"max-image-preview:large","max-video-preview":"max-video-preview:-1"},"canonical":"https:\/\/www.streetchildrenofkinshasa.org\/fr\/2023-dix-rencontres-de-bonne-annee-a-ndako-ya-biso\/","og_locale":"fr_FR","og_type":"article","og_title":"2023, DIX RENCONTRES DE BONNE ANNEE A NDAKO YA BISO - % %","og_description":"Le mois de janvier est celui des souhaits de bonne ann\u00e9e, mais c\u2019est aussi celui du bilan de l\u2019ann\u00e9e pr\u00e9c\u00e9dente et des projets pour la nouvelle ann\u00e9e. C\u2019est ainsi que NYB a profit\u00e9 du mois de janvier pour organiser des rencontres de bonne ann\u00e9e avec ses enfants, son personnel et ses partenaires les plus proches. Dix rencontres diff\u00e9rentes ont \u00e9t\u00e9 organis\u00e9es.","og_url":"https:\/\/www.streetchildrenofkinshasa.org\/fr\/2023-dix-rencontres-de-bonne-annee-a-ndako-ya-biso\/","og_site_name":"Ndako Ya Biso - Enfants de Kinshasa","article_publisher":"https:\/\/www.facebook.com\/enfantsdelaruedekinshasa\/","article_published_time":"2023-03-28T20:01:09+00:00","article_modified_time":"2023-03-28T20:02:23+00:00","og_image":[{"width":454,"height":340,"url":"https:\/\/www.streetchildrenofkinshasa.org\/wp-content\/uploads\/2023\/03\/Image1.jpg","type":"image\/jpeg"}],"author":"Philippe Englebert","twitter_card":"summary_large_image","twitter_misc":{"\u00c9crit par":"Philippe Englebert","Dur\u00e9e de lecture est.":"31 minutes"},"schema":{"@context":"https:\/\/schema.org","@graph":[{"@type":"Article","@id":"https:\/\/www.streetchildrenofkinshasa.org\/fr\/2023-dix-rencontres-de-bonne-annee-a-ndako-ya-biso\/#article","isPartOf":{"@id":"https:\/\/www.streetchildrenofkinshasa.org\/fr\/2023-dix-rencontres-de-bonne-annee-a-ndako-ya-biso\/"},"author":{"name":"Philippe Englebert","@id":"https:\/\/www.streetchildrenofkinshasa.org\/fr\/#\/schema\/person\/a516a2618dd79acf99b1a9dc1b711320"},"headline":"2023, DIX RENCONTRES DE BONNE ANNEE A NDAKO YA BISO","datePublished":"2023-03-28T20:01:09+00:00","dateModified":"2023-03-28T20:02:23+00:00","mainEntityOfPage":{"@id":"https:\/\/www.streetchildrenofkinshasa.org\/fr\/2023-dix-rencontres-de-bonne-annee-a-ndako-ya-biso\/"},"wordCount":6608,"commentCount":0,"publisher":{"@id":"https:\/\/www.streetchildrenofkinshasa.org\/fr\/#organization"},"image":{"@id":"https:\/\/www.streetchildrenofkinshasa.org\/fr\/2023-dix-rencontres-de-bonne-annee-a-ndako-ya-biso\/#primaryimage"},"thumbnailUrl":"https:\/\/www.streetchildrenofkinshasa.org\/wp-content\/uploads\/2023\/03\/Image1.jpg","articleSection":["Coup d'\u0153il sur l'actualit\u00e9"],"inLanguage":"fr-BE","potentialAction":[{"@type":"CommentAction","name":"Comment","target":["https:\/\/www.streetchildrenofkinshasa.org\/fr\/2023-dix-rencontres-de-bonne-annee-a-ndako-ya-biso\/#respond"]}]},{"@type":"WebPage","@id":"https:\/\/www.streetchildrenofkinshasa.org\/fr\/2023-dix-rencontres-de-bonne-annee-a-ndako-ya-biso\/","url":"https:\/\/www.streetchildrenofkinshasa.org\/fr\/2023-dix-rencontres-de-bonne-annee-a-ndako-ya-biso\/","name":"2023, DIX RENCONTRES DE BONNE ANNEE A NDAKO YA BISO - % %","isPartOf":{"@id":"https:\/\/www.streetchildrenofkinshasa.org\/fr\/#website"},"primaryImageOfPage":{"@id":"https:\/\/www.streetchildrenofkinshasa.org\/fr\/2023-dix-rencontres-de-bonne-annee-a-ndako-ya-biso\/#primaryimage"},"image":{"@id":"https:\/\/www.streetchildrenofkinshasa.org\/fr\/2023-dix-rencontres-de-bonne-annee-a-ndako-ya-biso\/#primaryimage"},"thumbnailUrl":"https:\/\/www.streetchildrenofkinshasa.org\/wp-content\/uploads\/2023\/03\/Image1.jpg","datePublished":"2023-03-28T20:01:09+00:00","dateModified":"2023-03-28T20:02:23+00:00","description":"Le mois de janvier est celui des souhaits de bonne ann\u00e9e, mais c\u2019est aussi celui du bilan de l\u2019ann\u00e9e pr\u00e9c\u00e9dente et des projets pour la nouvelle ann\u00e9e. C\u2019est ainsi que NYB a profit\u00e9 du mois de janvier pour organiser des rencontres de bonne ann\u00e9e avec ses enfants, son personnel et ses partenaires les plus proches. Dix rencontres diff\u00e9rentes ont \u00e9t\u00e9 organis\u00e9es.","breadcrumb":{"@id":"https:\/\/www.streetchildrenofkinshasa.org\/fr\/2023-dix-rencontres-de-bonne-annee-a-ndako-ya-biso\/#breadcrumb"},"inLanguage":"fr-BE","potentialAction":[{"@type":"ReadAction","target":["https:\/\/www.streetchildrenofkinshasa.org\/fr\/2023-dix-rencontres-de-bonne-annee-a-ndako-ya-biso\/"]}]},{"@type":"ImageObject","inLanguage":"fr-BE","@id":"https:\/\/www.streetchildrenofkinshasa.org\/fr\/2023-dix-rencontres-de-bonne-annee-a-ndako-ya-biso\/#primaryimage","url":"https:\/\/www.streetchildrenofkinshasa.org\/wp-content\/uploads\/2023\/03\/Image1.jpg","contentUrl":"https:\/\/www.streetchildrenofkinshasa.org\/wp-content\/uploads\/2023\/03\/Image1.jpg","width":454,"height":340},{"@type":"BreadcrumbList","@id":"https:\/\/www.streetchildrenofkinshasa.org\/fr\/2023-dix-rencontres-de-bonne-annee-a-ndako-ya-biso\/#breadcrumb","itemListElement":[{"@type":"ListItem","position":1,"name":"Home","item":"https:\/\/www.streetchildrenofkinshasa.org\/fr\/"},{"@type":"ListItem","position":2,"name":"2023, DIX RENCONTRES DE BONNE ANNEE A NDAKO YA BISO"}]},{"@type":"WebSite","@id":"https:\/\/www.streetchildrenofkinshasa.org\/fr\/#website","url":"https:\/\/www.streetchildrenofkinshasa.org\/fr\/","name":"Ndako Ya Biso - Enfants de Kinshasa","description":"Donnons aux enfants des rues de Kinshasa un espoir et un avenir.","publisher":{"@id":"https:\/\/www.streetchildrenofkinshasa.org\/fr\/#organization"},"potentialAction":[{"@type":"SearchAction","target":{"@type":"EntryPoint","urlTemplate":"https:\/\/www.streetchildrenofkinshasa.org\/fr\/?s={search_term_string}"},"query-input":{"@type":"PropertyValueSpecification","valueRequired":true,"valueName":"search_term_string"}}],"inLanguage":"fr-BE"},{"@type":"Organization","@id":"https:\/\/www.streetchildrenofkinshasa.org\/fr\/#organization","name":"Communaut\u00e9 du Chemin Neuf","url":"https:\/\/www.streetchildrenofkinshasa.org\/fr\/","logo":{"@type":"ImageObject","inLanguage":"fr-BE","@id":"https:\/\/www.streetchildrenofkinshasa.org\/fr\/#\/schema\/logo\/image\/","url":"https:\/\/www.streetchildrenofkinshasa.org\/wp-content\/uploads\/2022\/05\/logo-cte-couleur_evide.png","contentUrl":"https:\/\/www.streetchildrenofkinshasa.org\/wp-content\/uploads\/2022\/05\/logo-cte-couleur_evide.png","width":1280,"height":736,"caption":"Communaut\u00e9 du Chemin Neuf"},"image":{"@id":"https:\/\/www.streetchildrenofkinshasa.org\/fr\/#\/schema\/logo\/image\/"},"sameAs":["https:\/\/www.facebook.com\/enfantsdelaruedekinshasa\/","https:\/\/www.youtube.com\/channel\/UCIDv6Uc3gdp1RP_HrlK5VHw"]},{"@type":"Person","@id":"https:\/\/www.streetchildrenofkinshasa.org\/fr\/#\/schema\/person\/a516a2618dd79acf99b1a9dc1b711320","name":"Philippe Englebert","image":{"@type":"ImageObject","inLanguage":"fr-BE","@id":"https:\/\/secure.gravatar.com\/avatar\/9595e9d9e03824ab1513eb2842d6919786ce3781a0dbeb9e5fdef68c988b09b8?s=96&d=mm&r=g","url":"https:\/\/secure.gravatar.com\/avatar\/9595e9d9e03824ab1513eb2842d6919786ce3781a0dbeb9e5fdef68c988b09b8?s=96&d=mm&r=g","contentUrl":"https:\/\/secure.gravatar.com\/avatar\/9595e9d9e03824ab1513eb2842d6919786ce3781a0dbeb9e5fdef68c988b09b8?s=96&d=mm&r=g","caption":"Philippe Englebert"}}]}},"_links":{"self":[{"href":"https:\/\/www.streetchildrenofkinshasa.org\/fr\/wp-json\/wp\/v2\/posts\/34749","targetHints":{"allow":["GET"]}}],"collection":[{"href":"https:\/\/www.streetchildrenofkinshasa.org\/fr\/wp-json\/wp\/v2\/posts"}],"about":[{"href":"https:\/\/www.streetchildrenofkinshasa.org\/fr\/wp-json\/wp\/v2\/types\/post"}],"author":[{"embeddable":true,"href":"https:\/\/www.streetchildrenofkinshasa.org\/fr\/wp-json\/wp\/v2\/users\/13"}],"replies":[{"embeddable":true,"href":"https:\/\/www.streetchildrenofkinshasa.org\/fr\/wp-json\/wp\/v2\/comments?post=34749"}],"version-history":[{"count":8,"href":"https:\/\/www.streetchildrenofkinshasa.org\/fr\/wp-json\/wp\/v2\/posts\/34749\/revisions"}],"predecessor-version":[{"id":34771,"href":"https:\/\/www.streetchildrenofkinshasa.org\/fr\/wp-json\/wp\/v2\/posts\/34749\/revisions\/34771"}],"wp:featuredmedia":[{"embeddable":true,"href":"https:\/\/www.streetchildrenofkinshasa.org\/fr\/wp-json\/wp\/v2\/media\/34752"}],"wp:attachment":[{"href":"https:\/\/www.streetchildrenofkinshasa.org\/fr\/wp-json\/wp\/v2\/media?parent=34749"}],"wp:term":[{"taxonomy":"category","embeddable":true,"href":"https:\/\/www.streetchildrenofkinshasa.org\/fr\/wp-json\/wp\/v2\/categories?post=34749"},{"taxonomy":"post_tag","embeddable":true,"href":"https:\/\/www.streetchildrenofkinshasa.org\/fr\/wp-json\/wp\/v2\/tags?post=34749"}],"curies":[{"name":"wp","href":"https:\/\/api.w.org\/{rel}","templated":true}]}}