{"id":33216,"date":"2023-01-17T17:33:11","date_gmt":"2023-01-17T16:33:11","guid":{"rendered":"https:\/\/www.streetchildrenofkinshasa.org\/?p=33216"},"modified":"2023-01-17T17:33:12","modified_gmt":"2023-01-17T16:33:12","slug":"une-famille-disparue-et-retrouveeapres-dix-ans","status":"publish","type":"post","link":"https:\/\/www.streetchildrenofkinshasa.org\/fr\/une-famille-disparue-et-retrouveeapres-dix-ans\/","title":{"rendered":"UNE FAMILLE DISPARUE ET RETROUVEE\u2026APRES DIX ANS !"},"content":{"rendered":"\n<div class=\"wp-block-columns is-layout-flex wp-container-core-columns-is-layout-9d6595d7 wp-block-columns-is-layout-flex\">\n<div class=\"wp-block-column is-layout-flow wp-block-column-is-layout-flow\" style=\"flex-basis:100%\">\n<pre class=\"wp-block-verse has-large-font-size\"><strong>RETROUVER UNE FAMILLE APRES PLUSIEURS ANNEES, EST-CE POSSIBLE ?<\/strong><\/pre>\n<\/div>\n<\/div>\n\n\n\n<div class=\"wp-block-columns is-layout-flex wp-container-core-columns-is-layout-9d6595d7 wp-block-columns-is-layout-flex\">\n<div class=\"wp-block-column is-layout-flow wp-block-column-is-layout-flow\" style=\"flex-basis:33.33%\">\n<div class=\"wp-block-columns is-style-restricted-width is-layout-flex wp-container-core-columns-is-layout-9d6595d7 wp-block-columns-is-layout-flex\">\n<div class=\"wp-block-column is-layout-flow wp-block-column-is-layout-flow\" style=\"flex-basis:100%\">\n<figure class=\"wp-block-image size-full is-resized\"><img loading=\"lazy\" decoding=\"async\" src=\"https:\/\/www.streetchildrenofkinshasa.org\/wp-content\/uploads\/2023\/01\/image-3.png\" alt=\"\" class=\"wp-image-33248\" width=\"181\" height=\"240\" srcset=\"https:\/\/www.streetchildrenofkinshasa.org\/wp-content\/uploads\/2023\/01\/image-3.png 532w, https:\/\/www.streetchildrenofkinshasa.org\/wp-content\/uploads\/2023\/01\/image-3-225x300.png 225w\" sizes=\"auto, (max-width: 181px) 100vw, 181px\" \/><\/figure>\n<\/div>\n<\/div>\n<\/div>\n\n\n\n<div class=\"wp-block-column is-layout-flow wp-block-column-is-layout-flow\" style=\"flex-basis:66.66%\">\n<p><\/p>\n\n\n\n<p><strong>Notre travail avec les jeunes de la rue nous conduit parfois \u00e0 des r\u00e9unifications extraordinaires : un enfant qui a perdu tout contact avec sa famille depuis des ann\u00e9es la retrouve avec une tr\u00e8s grande \u00e9motion : voici deux exemples r\u00e9cents qui ont boulevers\u00e9 toute notre \u00e9quipe : oui, cela vaut la peine de se battre pour retrouver la famille des enfants et trouver un chemin de r\u00e9conciliation.<\/strong><\/p>\n\n\n\n<p><\/p>\n\n\n\n<p><strong>PATRICK DJANI, REJETE PAR SON ONCLE PASTEUR, MAIS ACCUELLI PAR SON GRAND PERE<\/strong><\/p>\n\n\n\n<p>L&rsquo;enfant est n\u00e9 \u00e0 Kananga, dans le Kasa\u00ef, orphelin de m\u00e8re et d&rsquo;un p\u00e8re inconnu jusqu&rsquo;\u00e0 pr\u00e9sent. Sa m\u00e8re \u00e9tait polici\u00e8re, divorc\u00e9e quand elle a rencontr\u00e9 le papa de Patrick qui est juriste employ\u00e9 par la CENI, (commission \u00e9lectorale nationale ind\u00e9pendante) \u00e0 Kananga.<\/p>\n<\/div>\n<\/div>\n\n\n\n<div class=\"wp-block-columns is-layout-flex wp-container-core-columns-is-layout-9d6595d7 wp-block-columns-is-layout-flex\">\n<div class=\"wp-block-column is-layout-flow wp-block-column-is-layout-flow\" style=\"flex-basis:100%\">\n<div class=\"wp-block-columns are-vertically-aligned-center is-style-default is-layout-flex wp-container-core-columns-is-layout-9d6595d7 wp-block-columns-is-layout-flex\">\n<div class=\"wp-block-column is-vertically-aligned-center is-layout-flow wp-block-column-is-layout-flow\">\n<p>Apr\u00e8s la naissance de Patrick, son p\u00e8re est rentr\u00e9 \u00e0 Kinshasa rejoindre sa premi\u00e8re femme et ses enfants. Patrick est rest\u00e9 chez sa maman qui, apr\u00e8s 5 ans, est d\u00e9c\u00e9d\u00e9e suite \u00e0 une maladie. Le grand-p\u00e8re maternel de Patrick est all\u00e9 r\u00e9cup\u00e9rer ses petits-fils et tous sont arriv\u00e9s \u00e0 Kinshasa dans la commune de Masina.<br>Comme l&rsquo;enfant venait de perdre sa maman, il s&rsquo;est plong\u00e9 un peu dans la turbulence, et pour sa grand-m\u00e8re maternelle, le comportement de Patrick \u00e9tait un signe de sorcellerie.<br>Voyant que son oncle est pasteur, le grand p\u00e8re a d\u00e9cid\u00e9 qu&rsquo;il puisse le prendre chez lui et l&rsquo;aider par des pri\u00e8res. Mais, celui-ci \u00e0 son tour, plut\u00f4t que de prier pour l\u2019enfant, s\u2019est d\u00e9barrass\u00e9 de lui en le confiant \u00e0 un orphelinat.<br>Vu son \u00e2ge entre 6 \u00e0 7 ans, il commen\u00e7ait \u00e0 refuser de rester \u00e0 l&rsquo;orphelinat mais pr\u00e9f\u00e9rait rentrer en famille. C&rsquo;est pourquoi il a fui l&rsquo;orphelinat pour venir dans la rue puis chez nous au centre Ndako ya Biso. Apr\u00e8s quelques jours, les \u00e9ducateurs de l&rsquo;orphelinat sont arriv\u00e9s chez nous pour le prendre, et il a refus\u00e9 de partir avec eux. Nous avons tent\u00e9 plusieurs fois avec lui de retrouver sa famille sans succ\u00e8s.<\/p>\n<\/div>\n<\/div>\n<\/div>\n<\/div>\n\n\n\n<div class=\"wp-block-columns are-vertically-aligned-center is-style-default is-layout-flex wp-container-core-columns-is-layout-9d6595d7 wp-block-columns-is-layout-flex\"><\/div>\n\n\n\n<p><\/p>\n\n\n\n<div class=\"wp-block-columns is-layout-flex wp-container-core-columns-is-layout-9d6595d7 wp-block-columns-is-layout-flex\">\n<div class=\"wp-block-column is-layout-flow wp-block-column-is-layout-flow\">\n<p>En route pour l&rsquo;orphelinat o\u00f9 \u00e9tait Patrick, puis nous avons suivi les traces jusqu&rsquo;\u00e0 d\u00e9couvrir l&rsquo;\u00e9glise de son oncle pasteur. Celui-ci nous a donn\u00e9 une adresse de contact du grand p\u00e8re qui habitait la commune de la N&rsquo;sele apr\u00e8s l&rsquo;a\u00e9roport de Ndjili.<\/p>\n\n\n\n<p>Nous sommes partis, et d\u00e8s que le grand-p\u00e8re a eu la nouvelle de son petit-fils qu&rsquo;il n&rsquo;avait plus vu depuis plus de 3 ans, il m&rsquo;a demand\u00e9 de lui amener Patrick tout de suite. <\/p>\n\n\n\n<p>Il a sorti les photos de l&rsquo;enfant, de sa maman d\u00e9c\u00e9d\u00e9e et d&rsquo;autres membres de la famille. Le jour suivant, nous sommes partis avec Patrick, et, d\u00e8s que nous sommes entr\u00e9s dans la parcelle, le grand-p\u00e8re a accueilli son petit-fils en l&#8217;embrassant avec une autre tante qui \u00e9tait l\u00e0. Tous ont commenc\u00e9 \u00e0 pleurer.<\/p>\n\n\n\n<p>Apr\u00e8s un moment, nous avons discut\u00e9 avec eux et la tante a d\u00e9cid\u00e9 de prendre Patrick sous sa responsabilit\u00e9 d\u00e8s ce soir-l\u00e0 sous le regard vigilant du grand p\u00e8re. Nous avons mang\u00e9 avec l&rsquo;enfant un petit repas qui avait \u00e9t\u00e9 pr\u00e9par\u00e9 pour son retour en famille. J&rsquo;ai vu l&rsquo;image de l&rsquo;enfant prodigue de la Bible en Luc 15. Nous avons inscrit l\u2019enfant qui a dix ans en 4\u00b0ann\u00e9e primaire, dans une \u00e9cole proche.<\/p>\n<\/div>\n\n\n\n<div class=\"wp-block-column is-layout-flow wp-block-column-is-layout-flow\">\n<figure class=\"wp-block-image size-full\"><img loading=\"lazy\" decoding=\"async\" width=\"709\" height=\"531\" src=\"https:\/\/www.streetchildrenofkinshasa.org\/wp-content\/uploads\/2023\/01\/image-15.png\" alt=\"\" class=\"wp-image-33304\" srcset=\"https:\/\/www.streetchildrenofkinshasa.org\/wp-content\/uploads\/2023\/01\/image-15.png 709w, https:\/\/www.streetchildrenofkinshasa.org\/wp-content\/uploads\/2023\/01\/image-15-300x225.png 300w\" sizes=\"auto, (max-width: 709px) 100vw, 709px\" \/><figcaption class=\"wp-element-caption\"><em>Patrick Djani entour\u00e9 de sa famille. Photo NYB<\/em><\/figcaption><\/figure>\n<\/div>\n<\/div>\n\n\n\n<div class=\"wp-block-columns is-layout-flex wp-container-core-columns-is-layout-9d6595d7 wp-block-columns-is-layout-flex\"><\/div>\n\n\n\n<div class=\"wp-block-columns is-layout-flex wp-container-core-columns-is-layout-9d6595d7 wp-block-columns-is-layout-flex\">\n<div class=\"wp-block-column is-layout-flow wp-block-column-is-layout-flow\" style=\"flex-basis:100%\">\n<p>Nous allons continuer \u00e0 le visiter en famille pour suivre son int\u00e9gration dans sa famille. Dans les jours \u00e0 venir, notre combat sera de tout faire pour d\u00e9couvrir o\u00f9 se trouve le papa de Patrick afin que l&rsquo;enfant d\u00e9couvre le visage de son p\u00e8re biologique. <\/p>\n<\/div>\n<\/div>\n\n\n\n<div class=\"wp-block-columns is-layout-flex wp-container-core-columns-is-layout-9d6595d7 wp-block-columns-is-layout-flex\">\n<div class=\"wp-block-column is-layout-flow wp-block-column-is-layout-flow\" style=\"flex-basis:100%\">\n<p>Voil\u00e0 certaines r\u00e9alit\u00e9s de notre travail.<br>Avec l&rsquo;aide de Jean Didier Kpanya, Educateur social<\/p>\n<\/div>\n<\/div>\n\n\n\n<p><\/p>\n\n\n\n<div class=\"wp-block-columns is-layout-flex wp-container-core-columns-is-layout-9d6595d7 wp-block-columns-is-layout-flex\">\n<div class=\"wp-block-column is-layout-flow wp-block-column-is-layout-flow\" style=\"flex-basis:100%\">\n<p><\/p>\n<\/div>\n<\/div>\n\n\n\n<div class=\"wp-block-columns is-layout-flex wp-container-core-columns-is-layout-9d6595d7 wp-block-columns-is-layout-flex\">\n<div class=\"wp-block-column is-layout-flow wp-block-column-is-layout-flow\" style=\"flex-basis:100%\">\n<p><\/p>\n<\/div>\n<\/div>\n\n\n\n<p><\/p>\n\n\n\n<p><\/p>\n\n\n\n<div class=\"wp-block-columns is-layout-flex wp-container-core-columns-is-layout-9d6595d7 wp-block-columns-is-layout-flex\">\n<div class=\"wp-block-column is-layout-flow wp-block-column-is-layout-flow\" style=\"flex-basis:33.33%\">\n<figure class=\"wp-block-image size-full\"><img loading=\"lazy\" decoding=\"async\" width=\"590\" height=\"443\" src=\"https:\/\/www.streetchildrenofkinshasa.org\/wp-content\/uploads\/2023\/01\/image-14.png\" alt=\"\" class=\"wp-image-33296\" srcset=\"https:\/\/www.streetchildrenofkinshasa.org\/wp-content\/uploads\/2023\/01\/image-14.png 590w, https:\/\/www.streetchildrenofkinshasa.org\/wp-content\/uploads\/2023\/01\/image-14-300x225.png 300w\" sizes=\"auto, (max-width: 590px) 100vw, 590px\" \/><figcaption class=\"wp-element-caption\"><em>A droite Jean Kabasele accompagn\u00e9 d&rsquo;un enfant du centre et d&rsquo;une<\/em><br><em>b\u00e9n\u00e9vole. Ses d\u00e9buts au centre Ndako Ya Biso<\/em><\/figcaption><\/figure>\n<\/div>\n\n\n\n<div class=\"wp-block-column is-layout-flow wp-block-column-is-layout-flow\" style=\"flex-basis:66.66%\">\n<p><strong>JEAN KABASELE, UNE FAMILLE DISPARUE ET RETROUVEE\u2026APRES DIX ANS !<\/strong><\/p>\n\n\n\n<p>Nous avons accueilli Jean Kabasele connu sous le nom Jean Mobake \u00e2g\u00e9 de 12ans. Timide et tr\u00e8s r\u00e9serv\u00e9, un enfant plein de vie qui aimait bien chanter ; son seul souci \u00e9tait de ne pas avoir sa famille avec lui. \u00ab Je ne suis pas un enfant de la rue, si ma famille \u00e9tait l\u00e0, je n\u2019aurais jamais connu la rue \u00bb par ces mots, l\u2019enfant s\u2019est confi\u00e9 \u00e0 nous. Nous avons par la suite pris le temps de parler avec lui et il n\u2019a pas h\u00e9sit\u00e9 \u00e0 donner ses coordonn\u00e9es. <\/p>\n\n\n\n<p>Arriv\u00e9s sur place, nous avons constat\u00e9 que ces coordonn\u00e9es nous conduisaient vers un orphelinat qui avait d\u00e9j\u00e0 ferm\u00e9 ses portes. Donc aucune trace de sa famille. Les r\u00e9sultats de ces diff\u00e9rentes enqu\u00eates nous ont amen\u00e9s \u00e0 confier l\u2019enfant \u00e0 un centre d\u2019h\u00e9bergement. Quatre ans apr\u00e8s son placement, nous n\u2019avions toujours pas retrouv\u00e9 les traces d\u2019un membre de sa famille. Nous avons par la suite d\u00e9cid\u00e9 de le placer\u00a0en formation professionnelle o\u00f9 il a suivi la fili\u00e8re ajustage. Il habitait un internat des Sal\u00e9siens loin du centre ville.<\/p>\n\n\n\n<p>Arriv\u00e9 \u00e0 sa derni\u00e8re ann\u00e9e de formation, un probl\u00e8me a conduit \u00e0 une grande joie : il a \u00e9t\u00e9 mis \u00e0 la porte de l\u2019internat. Une famille amie a accept\u00e9 de l\u2019h\u00e9berger pour lui permettre de finir sa formation. Et c\u2019est l\u00e0 que l\u2019enfant a eu la rencontre de sa vie : il a rencontr\u00e9 quelqu\u2019un qui l\u2019a directement reconnu comme un fils Kabasele. Depuis longtemps il portait le nom de Mobake qui lui a \u00e9t\u00e9 donn\u00e9 par un bienfaiteur qui l&rsquo;avait pris en charge apr\u00e8s que sa famille l\u2019ait mis \u00e0 la porte. La personne lui a remis les coordonn\u00e9es de ses parents et de sa grande famille maternelle. <\/p>\n<\/div>\n<\/div>\n\n\n\n<div class=\"wp-block-columns is-layout-flex wp-container-core-columns-is-layout-9d6595d7 wp-block-columns-is-layout-flex\">\n<div class=\"wp-block-column is-layout-flow wp-block-column-is-layout-flow\" style=\"flex-basis:100%\">\n<p><br>Mais Jean, apr\u00e8s une si longue p\u00e9riode d\u2019absence de sa famille, n\u2019arrivait pas \u00e0 pardonner. \u00ab <em>Voyez qui vous voulez appeler, moi je n\u2019ai pas besoin d\u2019une famille qui m\u2019a rejet\u00e9 alors que j\u2019avais besoin d\u2019elle <\/em>\u00bb \u2026 sans le brusquer, nous avons demand\u00e9 au jeune de donner \u00e0 sa famille l\u2019occasion de lui parler surtout de le voir. Quelques mois apr\u00e8s ce premier contact, le jeune s\u2019est enfin d\u00e9cid\u00e9 \u00e0 rencontrer sa m\u00e8re qui est venue de Tshikapa sp\u00e9cialement. Un samedi matin, nous recevons le jeune accompagn\u00e9 de sa m\u00e8re et de son plus jeune fr\u00e8re. La m\u00e8re s\u2019exprime avec les larmes aux yeux et c\u2019est l\u00e0 qu\u2019elle nous relate l\u2019histoire de Jean Mobake dit Kabasele. <\/p>\n<\/div>\n<\/div>\n\n\n\n<p><\/p>\n\n\n\n<div class=\"wp-block-columns is-layout-flex wp-container-core-columns-is-layout-9d6595d7 wp-block-columns-is-layout-flex\">\n<div class=\"wp-block-column is-layout-flow wp-block-column-is-layout-flow\" style=\"flex-basis:33.33%\">\n<figure class=\"wp-block-image size-full\"><img loading=\"lazy\" decoding=\"async\" width=\"620\" height=\"698\" src=\"https:\/\/www.streetchildrenofkinshasa.org\/wp-content\/uploads\/2023\/01\/image-9.png\" alt=\"\" class=\"wp-image-33275\" srcset=\"https:\/\/www.streetchildrenofkinshasa.org\/wp-content\/uploads\/2023\/01\/image-9.png 620w, https:\/\/www.streetchildrenofkinshasa.org\/wp-content\/uploads\/2023\/01\/image-9-266x300.png 266w\" sizes=\"auto, (max-width: 620px) 100vw, 620px\" \/><\/figure>\n<\/div>\n\n\n\n<div class=\"wp-block-column is-layout-flow wp-block-column-is-layout-flow\" style=\"flex-basis:66.66%\">\n<p>\u00ab <em>Je l\u2019ai eu \u00e0 l\u2019\u00e2ge de 15ans \u00e9tant jeune, et l&rsquo;ai remis entre les mains de ma grande s\u0153ur en pensant que cela serait bien p<\/em>our<em> lui. Je suis all\u00e9e avec le p\u00e8re de l\u2019enfant en province. Quelques ann\u00e9es plus tard,<\/em> <em>ma s\u0153ur<\/em> <em>m\u2019a inform\u00e9e qu\u2019elle l&rsquo;avait laiss\u00e9 dans une \u00e9glise pour la d\u00e9livrance p<\/em>arce<em> qu&rsquo;il \u00e9tait un enfant dit sorcier. J\u2019ai pleur\u00e9 de toutes mes larmes. Je suis arriv\u00e9e d\u2019urgence \u00e0 Kinshasa, pour<\/em> <em>remuer terre et ciel je n\u2019ai rien trouv\u00e9<\/em>. <em>Je suis arriv\u00e9e m\u00eame l\u00e0 o\u00f9 ma s\u0153ur avait plac\u00e9 l\u2019enfant. Rien, l\u2019orphelinat avait ferm\u00e9 ses portes il y a bien longtemps.<\/em> <em>La disparition de mon fils avait caus\u00e9 une vraie s\u00e9paration entre mes fr\u00e8res et s\u0153urs. Me dire que ma propre famille a d\u00e9cid\u00e9 de mettre mon fils \u00e0 la rue, lui qui avait \u00e0 peine 10 ans, et ce sans regret ni remords. Je ne pouvais jamais y croire. Un beau jour je re\u00e7ois ce coup de fil m\u2019annon\u00e7ant qu\u2019on a retrouv\u00e9 les traces de mon fils pr\u00e8s de 10 ans pass\u00e9s. J\u2019avais d\u2019abord tr\u00e8s peur d\u2019\u00eatre rejet\u00e9e par mon fils, je me demandais s&rsquo;il allait m\u2019accepter<\/em>.  <em>Est-ce toujours possible de revivre cette affection m\u00e8re-fils. J\u2019avais peur mais j\u2019\u00e9tais tr\u00e8s press\u00e9e de revoir mon fils<\/em> \u00bb.<\/p>\n\n\n\n<p>Nous avons encourag\u00e9 le jeune et sa m\u00e8re \u00e0 se donner une nouvelle possibilit\u00e9 d\u2019affection, d\u2019accepter de se donner la chance de se conna\u00eetre. Nous les avons assur\u00e9s de notre accompagnement. A la fin de la rencontre, ils nous ont demand\u00e9 si on n\u2019avait pas une ancienne photo du jeune. Je veux voir \u00e0 quoi ressemblait mon fils, dit la m\u00e8re. Heureusement pour elle, nous avons retrouv\u00e9 dans nos archives une photo datant depuis 2013.<\/p>\n\n\n\n<p>Le jeune Kabasele a non seulement retrouv\u00e9 sa famille, mais aussi l\u2019affection de celle-ci. Il vient de finir laur\u00e9at dans sa fili\u00e8re de soudure et va recevoir son brevet d\u2019Etat d\u2019ici. Et il voudrait commencer un cursus autodidacte pour lui permettre d\u2019obtenir un dipl\u00f4me d\u2019Etat. En attendant, il a \u00e9t\u00e9 s\u00e9lectionn\u00e9 pour un stage professionnel dans une entreprise de la ville. (Sep Congo).<\/p>\n\n\n\n<p>N\u2019oubliez jamais de prendre soin du sourire d\u2019un enfant, donnez-lui l\u2019occasion de construire des souvenirs joyeux. Ndako ya Biso a aid\u00e9 un enfant \u00e0 vivre son enfance et \u00e0 se reconstruire une esp\u00e9rance.<\/p>\n\n\n\n<p>Avec la collaboration de <strong>Nancy Nsitu, Educatrice sociale<\/strong><\/p>\n<\/div>\n<\/div>\n\n\n\n<p><\/p>\n\n\n\n<div class=\"wp-block-columns is-layout-flex wp-container-core-columns-is-layout-9d6595d7 wp-block-columns-is-layout-flex\"><\/div>\n\n\n\n<p><\/p>\n\n\n\n<p><\/p>\n","protected":false},"excerpt":{"rendered":"<p>Notre travail avec les jeunes de la rue nous conduit parfois \u00e0 des r\u00e9unifications extraordinaires : un<br \/>\nenfant qui a perdu tout contact avec sa famille depuis des ann\u00e9es la retrouve avec une tr\u00e8s grande<br \/>\n\u00e9motion : Voici deux exemples r\u00e9cents qui ont boulevers\u00e9 toute notre \u00e9quipe : oui, cela vaut la peine<br \/>\nde se battre pour retrouver la famille des enfants et trouver un chemin de r\u00e9conciliation.<\/p>\n","protected":false},"author":13,"featured_media":33307,"comment_status":"open","ping_status":"open","sticky":false,"template":"","format":"standard","meta":{"_acf_changed":false,"footnotes":""},"categories":[50],"tags":[],"class_list":["post-33216","post","type-post","status-publish","format-standard","has-post-thumbnail","hentry","category-temoignages"],"acf":[],"yoast_head":"<!-- This site is optimized with the Yoast SEO plugin v27.5 - https:\/\/yoast.com\/product\/yoast-seo-wordpress\/ -->\n<title>UNE FAMILLE DISPARUE ET RETROUVEE\u2026APRES DIX ANS ! - % %<\/title>\n<meta name=\"description\" content=\"Notre travail avec les jeunes de la rue nous conduit parfois \u00e0 des r\u00e9unifications extraordinaires : un enfant qui a perdu tout contact avec sa famille depuis des ann\u00e9es la retrouve avec une tr\u00e8s grande \u00e9motion : Voici deux exemples r\u00e9cents qui ont boulevers\u00e9 toute notre \u00e9quipe : oui, cela vaut la peine de se battre pour retrouver la famille des enfants et trouver un chemin de r\u00e9conciliation.\" \/>\n<meta name=\"robots\" content=\"index, follow, max-snippet:-1, max-image-preview:large, max-video-preview:-1\" \/>\n<link rel=\"canonical\" href=\"https:\/\/www.streetchildrenofkinshasa.org\/fr\/une-famille-disparue-et-retrouveeapres-dix-ans\/\" \/>\n<meta property=\"og:locale\" content=\"fr_FR\" \/>\n<meta property=\"og:type\" content=\"article\" \/>\n<meta property=\"og:title\" content=\"UNE FAMILLE DISPARUE ET RETROUVEE\u2026APRES DIX ANS ! - % %\" \/>\n<meta property=\"og:description\" content=\"Notre travail avec les jeunes de la rue nous conduit parfois \u00e0 des r\u00e9unifications extraordinaires : un enfant qui a perdu tout contact avec sa famille depuis des ann\u00e9es la retrouve avec une tr\u00e8s grande \u00e9motion : Voici deux exemples r\u00e9cents qui ont boulevers\u00e9 toute notre \u00e9quipe : oui, cela vaut la peine de se battre pour retrouver la famille des enfants et trouver un chemin de r\u00e9conciliation.\" \/>\n<meta property=\"og:url\" content=\"https:\/\/www.streetchildrenofkinshasa.org\/fr\/une-famille-disparue-et-retrouveeapres-dix-ans\/\" \/>\n<meta property=\"og:site_name\" content=\"Ndako Ya Biso - Enfants de Kinshasa\" \/>\n<meta property=\"article:publisher\" content=\"https:\/\/www.facebook.com\/enfantsdelaruedekinshasa\/\" \/>\n<meta property=\"article:published_time\" content=\"2023-01-17T16:33:11+00:00\" \/>\n<meta property=\"article:modified_time\" content=\"2023-01-17T16:33:12+00:00\" \/>\n<meta property=\"og:image\" content=\"https:\/\/www.streetchildrenofkinshasa.org\/wp-content\/uploads\/2023\/01\/542-scaled.jpg\" \/>\n\t<meta property=\"og:image:width\" content=\"2560\" \/>\n\t<meta property=\"og:image:height\" content=\"1920\" \/>\n\t<meta property=\"og:image:type\" content=\"image\/jpeg\" \/>\n<meta name=\"author\" content=\"Philippe Englebert\" \/>\n<meta name=\"twitter:card\" content=\"summary_large_image\" \/>\n<meta name=\"twitter:label1\" content=\"\u00c9crit par\" \/>\n\t<meta name=\"twitter:data1\" content=\"Philippe Englebert\" \/>\n\t<meta name=\"twitter:label2\" content=\"Dur\u00e9e de lecture est.\" \/>\n\t<meta name=\"twitter:data2\" content=\"9 minutes\" \/>\n<script type=\"application\/ld+json\" class=\"yoast-schema-graph\">{\"@context\":\"https:\\\/\\\/schema.org\",\"@graph\":[{\"@type\":\"Article\",\"@id\":\"https:\\\/\\\/www.streetchildrenofkinshasa.org\\\/fr\\\/une-famille-disparue-et-retrouveeapres-dix-ans\\\/#article\",\"isPartOf\":{\"@id\":\"https:\\\/\\\/www.streetchildrenofkinshasa.org\\\/fr\\\/une-famille-disparue-et-retrouveeapres-dix-ans\\\/\"},\"author\":{\"name\":\"Philippe Englebert\",\"@id\":\"https:\\\/\\\/www.streetchildrenofkinshasa.org\\\/fr\\\/#\\\/schema\\\/person\\\/a516a2618dd79acf99b1a9dc1b711320\"},\"headline\":\"UNE FAMILLE DISPARUE ET RETROUVEE\u2026APRES DIX ANS !\",\"datePublished\":\"2023-01-17T16:33:11+00:00\",\"dateModified\":\"2023-01-17T16:33:12+00:00\",\"mainEntityOfPage\":{\"@id\":\"https:\\\/\\\/www.streetchildrenofkinshasa.org\\\/fr\\\/une-famille-disparue-et-retrouveeapres-dix-ans\\\/\"},\"wordCount\":1594,\"commentCount\":0,\"publisher\":{\"@id\":\"https:\\\/\\\/www.streetchildrenofkinshasa.org\\\/fr\\\/#organization\"},\"image\":{\"@id\":\"https:\\\/\\\/www.streetchildrenofkinshasa.org\\\/fr\\\/une-famille-disparue-et-retrouveeapres-dix-ans\\\/#primaryimage\"},\"thumbnailUrl\":\"https:\\\/\\\/www.streetchildrenofkinshasa.org\\\/wp-content\\\/uploads\\\/2023\\\/01\\\/542-scaled.jpg\",\"articleSection\":[\"T\u00e9moignages\"],\"inLanguage\":\"fr-BE\",\"potentialAction\":[{\"@type\":\"CommentAction\",\"name\":\"Comment\",\"target\":[\"https:\\\/\\\/www.streetchildrenofkinshasa.org\\\/fr\\\/une-famille-disparue-et-retrouveeapres-dix-ans\\\/#respond\"]}]},{\"@type\":\"WebPage\",\"@id\":\"https:\\\/\\\/www.streetchildrenofkinshasa.org\\\/fr\\\/une-famille-disparue-et-retrouveeapres-dix-ans\\\/\",\"url\":\"https:\\\/\\\/www.streetchildrenofkinshasa.org\\\/fr\\\/une-famille-disparue-et-retrouveeapres-dix-ans\\\/\",\"name\":\"UNE FAMILLE DISPARUE ET RETROUVEE\u2026APRES DIX ANS ! - % %\",\"isPartOf\":{\"@id\":\"https:\\\/\\\/www.streetchildrenofkinshasa.org\\\/fr\\\/#website\"},\"primaryImageOfPage\":{\"@id\":\"https:\\\/\\\/www.streetchildrenofkinshasa.org\\\/fr\\\/une-famille-disparue-et-retrouveeapres-dix-ans\\\/#primaryimage\"},\"image\":{\"@id\":\"https:\\\/\\\/www.streetchildrenofkinshasa.org\\\/fr\\\/une-famille-disparue-et-retrouveeapres-dix-ans\\\/#primaryimage\"},\"thumbnailUrl\":\"https:\\\/\\\/www.streetchildrenofkinshasa.org\\\/wp-content\\\/uploads\\\/2023\\\/01\\\/542-scaled.jpg\",\"datePublished\":\"2023-01-17T16:33:11+00:00\",\"dateModified\":\"2023-01-17T16:33:12+00:00\",\"description\":\"Notre travail avec les jeunes de la rue nous conduit parfois \u00e0 des r\u00e9unifications extraordinaires : un enfant qui a perdu tout contact avec sa famille depuis des ann\u00e9es la retrouve avec une tr\u00e8s grande \u00e9motion : Voici deux exemples r\u00e9cents qui ont boulevers\u00e9 toute notre \u00e9quipe : oui, cela vaut la peine de se battre pour retrouver la famille des enfants et trouver un chemin de r\u00e9conciliation.\",\"breadcrumb\":{\"@id\":\"https:\\\/\\\/www.streetchildrenofkinshasa.org\\\/fr\\\/une-famille-disparue-et-retrouveeapres-dix-ans\\\/#breadcrumb\"},\"inLanguage\":\"fr-BE\",\"potentialAction\":[{\"@type\":\"ReadAction\",\"target\":[\"https:\\\/\\\/www.streetchildrenofkinshasa.org\\\/fr\\\/une-famille-disparue-et-retrouveeapres-dix-ans\\\/\"]}]},{\"@type\":\"ImageObject\",\"inLanguage\":\"fr-BE\",\"@id\":\"https:\\\/\\\/www.streetchildrenofkinshasa.org\\\/fr\\\/une-famille-disparue-et-retrouveeapres-dix-ans\\\/#primaryimage\",\"url\":\"https:\\\/\\\/www.streetchildrenofkinshasa.org\\\/wp-content\\\/uploads\\\/2023\\\/01\\\/542-scaled.jpg\",\"contentUrl\":\"https:\\\/\\\/www.streetchildrenofkinshasa.org\\\/wp-content\\\/uploads\\\/2023\\\/01\\\/542-scaled.jpg\",\"width\":2560,\"height\":1920},{\"@type\":\"BreadcrumbList\",\"@id\":\"https:\\\/\\\/www.streetchildrenofkinshasa.org\\\/fr\\\/une-famille-disparue-et-retrouveeapres-dix-ans\\\/#breadcrumb\",\"itemListElement\":[{\"@type\":\"ListItem\",\"position\":1,\"name\":\"Home\",\"item\":\"https:\\\/\\\/www.streetchildrenofkinshasa.org\\\/fr\\\/\"},{\"@type\":\"ListItem\",\"position\":2,\"name\":\"UNE FAMILLE DISPARUE ET RETROUVEE\u2026APRES DIX ANS !\"}]},{\"@type\":\"WebSite\",\"@id\":\"https:\\\/\\\/www.streetchildrenofkinshasa.org\\\/fr\\\/#website\",\"url\":\"https:\\\/\\\/www.streetchildrenofkinshasa.org\\\/fr\\\/\",\"name\":\"Ndako Ya Biso - Enfants de Kinshasa\",\"description\":\"Donnons aux enfants des rues de Kinshasa un espoir et un avenir.\",\"publisher\":{\"@id\":\"https:\\\/\\\/www.streetchildrenofkinshasa.org\\\/fr\\\/#organization\"},\"potentialAction\":[{\"@type\":\"SearchAction\",\"target\":{\"@type\":\"EntryPoint\",\"urlTemplate\":\"https:\\\/\\\/www.streetchildrenofkinshasa.org\\\/fr\\\/?s={search_term_string}\"},\"query-input\":{\"@type\":\"PropertyValueSpecification\",\"valueRequired\":true,\"valueName\":\"search_term_string\"}}],\"inLanguage\":\"fr-BE\"},{\"@type\":\"Organization\",\"@id\":\"https:\\\/\\\/www.streetchildrenofkinshasa.org\\\/fr\\\/#organization\",\"name\":\"Communaut\u00e9 du Chemin Neuf\",\"url\":\"https:\\\/\\\/www.streetchildrenofkinshasa.org\\\/fr\\\/\",\"logo\":{\"@type\":\"ImageObject\",\"inLanguage\":\"fr-BE\",\"@id\":\"https:\\\/\\\/www.streetchildrenofkinshasa.org\\\/fr\\\/#\\\/schema\\\/logo\\\/image\\\/\",\"url\":\"https:\\\/\\\/www.streetchildrenofkinshasa.org\\\/wp-content\\\/uploads\\\/2022\\\/05\\\/logo-cte-couleur_evide.png\",\"contentUrl\":\"https:\\\/\\\/www.streetchildrenofkinshasa.org\\\/wp-content\\\/uploads\\\/2022\\\/05\\\/logo-cte-couleur_evide.png\",\"width\":1280,\"height\":736,\"caption\":\"Communaut\u00e9 du Chemin Neuf\"},\"image\":{\"@id\":\"https:\\\/\\\/www.streetchildrenofkinshasa.org\\\/fr\\\/#\\\/schema\\\/logo\\\/image\\\/\"},\"sameAs\":[\"https:\\\/\\\/www.facebook.com\\\/enfantsdelaruedekinshasa\\\/\",\"https:\\\/\\\/www.youtube.com\\\/channel\\\/UCIDv6Uc3gdp1RP_HrlK5VHw\"]},{\"@type\":\"Person\",\"@id\":\"https:\\\/\\\/www.streetchildrenofkinshasa.org\\\/fr\\\/#\\\/schema\\\/person\\\/a516a2618dd79acf99b1a9dc1b711320\",\"name\":\"Philippe Englebert\",\"image\":{\"@type\":\"ImageObject\",\"inLanguage\":\"fr-BE\",\"@id\":\"https:\\\/\\\/secure.gravatar.com\\\/avatar\\\/9595e9d9e03824ab1513eb2842d6919786ce3781a0dbeb9e5fdef68c988b09b8?s=96&d=mm&r=g\",\"url\":\"https:\\\/\\\/secure.gravatar.com\\\/avatar\\\/9595e9d9e03824ab1513eb2842d6919786ce3781a0dbeb9e5fdef68c988b09b8?s=96&d=mm&r=g\",\"contentUrl\":\"https:\\\/\\\/secure.gravatar.com\\\/avatar\\\/9595e9d9e03824ab1513eb2842d6919786ce3781a0dbeb9e5fdef68c988b09b8?s=96&d=mm&r=g\",\"caption\":\"Philippe Englebert\"}}]}<\/script>\n<!-- \/ Yoast SEO plugin. -->","yoast_head_json":{"title":"UNE FAMILLE DISPARUE ET RETROUVEE\u2026APRES DIX ANS ! - % %","description":"Notre travail avec les jeunes de la rue nous conduit parfois \u00e0 des r\u00e9unifications extraordinaires : un enfant qui a perdu tout contact avec sa famille depuis des ann\u00e9es la retrouve avec une tr\u00e8s grande \u00e9motion : Voici deux exemples r\u00e9cents qui ont boulevers\u00e9 toute notre \u00e9quipe : oui, cela vaut la peine de se battre pour retrouver la famille des enfants et trouver un chemin de r\u00e9conciliation.","robots":{"index":"index","follow":"follow","max-snippet":"max-snippet:-1","max-image-preview":"max-image-preview:large","max-video-preview":"max-video-preview:-1"},"canonical":"https:\/\/www.streetchildrenofkinshasa.org\/fr\/une-famille-disparue-et-retrouveeapres-dix-ans\/","og_locale":"fr_FR","og_type":"article","og_title":"UNE FAMILLE DISPARUE ET RETROUVEE\u2026APRES DIX ANS ! - % %","og_description":"Notre travail avec les jeunes de la rue nous conduit parfois \u00e0 des r\u00e9unifications extraordinaires : un enfant qui a perdu tout contact avec sa famille depuis des ann\u00e9es la retrouve avec une tr\u00e8s grande \u00e9motion : Voici deux exemples r\u00e9cents qui ont boulevers\u00e9 toute notre \u00e9quipe : oui, cela vaut la peine de se battre pour retrouver la famille des enfants et trouver un chemin de r\u00e9conciliation.","og_url":"https:\/\/www.streetchildrenofkinshasa.org\/fr\/une-famille-disparue-et-retrouveeapres-dix-ans\/","og_site_name":"Ndako Ya Biso - Enfants de Kinshasa","article_publisher":"https:\/\/www.facebook.com\/enfantsdelaruedekinshasa\/","article_published_time":"2023-01-17T16:33:11+00:00","article_modified_time":"2023-01-17T16:33:12+00:00","og_image":[{"width":2560,"height":1920,"url":"https:\/\/www.streetchildrenofkinshasa.org\/wp-content\/uploads\/2023\/01\/542-scaled.jpg","type":"image\/jpeg"}],"author":"Philippe Englebert","twitter_card":"summary_large_image","twitter_misc":{"\u00c9crit par":"Philippe Englebert","Dur\u00e9e de lecture est.":"9 minutes"},"schema":{"@context":"https:\/\/schema.org","@graph":[{"@type":"Article","@id":"https:\/\/www.streetchildrenofkinshasa.org\/fr\/une-famille-disparue-et-retrouveeapres-dix-ans\/#article","isPartOf":{"@id":"https:\/\/www.streetchildrenofkinshasa.org\/fr\/une-famille-disparue-et-retrouveeapres-dix-ans\/"},"author":{"name":"Philippe Englebert","@id":"https:\/\/www.streetchildrenofkinshasa.org\/fr\/#\/schema\/person\/a516a2618dd79acf99b1a9dc1b711320"},"headline":"UNE FAMILLE DISPARUE ET RETROUVEE\u2026APRES DIX ANS !","datePublished":"2023-01-17T16:33:11+00:00","dateModified":"2023-01-17T16:33:12+00:00","mainEntityOfPage":{"@id":"https:\/\/www.streetchildrenofkinshasa.org\/fr\/une-famille-disparue-et-retrouveeapres-dix-ans\/"},"wordCount":1594,"commentCount":0,"publisher":{"@id":"https:\/\/www.streetchildrenofkinshasa.org\/fr\/#organization"},"image":{"@id":"https:\/\/www.streetchildrenofkinshasa.org\/fr\/une-famille-disparue-et-retrouveeapres-dix-ans\/#primaryimage"},"thumbnailUrl":"https:\/\/www.streetchildrenofkinshasa.org\/wp-content\/uploads\/2023\/01\/542-scaled.jpg","articleSection":["T\u00e9moignages"],"inLanguage":"fr-BE","potentialAction":[{"@type":"CommentAction","name":"Comment","target":["https:\/\/www.streetchildrenofkinshasa.org\/fr\/une-famille-disparue-et-retrouveeapres-dix-ans\/#respond"]}]},{"@type":"WebPage","@id":"https:\/\/www.streetchildrenofkinshasa.org\/fr\/une-famille-disparue-et-retrouveeapres-dix-ans\/","url":"https:\/\/www.streetchildrenofkinshasa.org\/fr\/une-famille-disparue-et-retrouveeapres-dix-ans\/","name":"UNE FAMILLE DISPARUE ET RETROUVEE\u2026APRES DIX ANS ! - % %","isPartOf":{"@id":"https:\/\/www.streetchildrenofkinshasa.org\/fr\/#website"},"primaryImageOfPage":{"@id":"https:\/\/www.streetchildrenofkinshasa.org\/fr\/une-famille-disparue-et-retrouveeapres-dix-ans\/#primaryimage"},"image":{"@id":"https:\/\/www.streetchildrenofkinshasa.org\/fr\/une-famille-disparue-et-retrouveeapres-dix-ans\/#primaryimage"},"thumbnailUrl":"https:\/\/www.streetchildrenofkinshasa.org\/wp-content\/uploads\/2023\/01\/542-scaled.jpg","datePublished":"2023-01-17T16:33:11+00:00","dateModified":"2023-01-17T16:33:12+00:00","description":"Notre travail avec les jeunes de la rue nous conduit parfois \u00e0 des r\u00e9unifications extraordinaires : un enfant qui a perdu tout contact avec sa famille depuis des ann\u00e9es la retrouve avec une tr\u00e8s grande \u00e9motion : Voici deux exemples r\u00e9cents qui ont boulevers\u00e9 toute notre \u00e9quipe : oui, cela vaut la peine de se battre pour retrouver la famille des enfants et trouver un chemin de r\u00e9conciliation.","breadcrumb":{"@id":"https:\/\/www.streetchildrenofkinshasa.org\/fr\/une-famille-disparue-et-retrouveeapres-dix-ans\/#breadcrumb"},"inLanguage":"fr-BE","potentialAction":[{"@type":"ReadAction","target":["https:\/\/www.streetchildrenofkinshasa.org\/fr\/une-famille-disparue-et-retrouveeapres-dix-ans\/"]}]},{"@type":"ImageObject","inLanguage":"fr-BE","@id":"https:\/\/www.streetchildrenofkinshasa.org\/fr\/une-famille-disparue-et-retrouveeapres-dix-ans\/#primaryimage","url":"https:\/\/www.streetchildrenofkinshasa.org\/wp-content\/uploads\/2023\/01\/542-scaled.jpg","contentUrl":"https:\/\/www.streetchildrenofkinshasa.org\/wp-content\/uploads\/2023\/01\/542-scaled.jpg","width":2560,"height":1920},{"@type":"BreadcrumbList","@id":"https:\/\/www.streetchildrenofkinshasa.org\/fr\/une-famille-disparue-et-retrouveeapres-dix-ans\/#breadcrumb","itemListElement":[{"@type":"ListItem","position":1,"name":"Home","item":"https:\/\/www.streetchildrenofkinshasa.org\/fr\/"},{"@type":"ListItem","position":2,"name":"UNE FAMILLE DISPARUE ET RETROUVEE\u2026APRES DIX ANS !"}]},{"@type":"WebSite","@id":"https:\/\/www.streetchildrenofkinshasa.org\/fr\/#website","url":"https:\/\/www.streetchildrenofkinshasa.org\/fr\/","name":"Ndako Ya Biso - Enfants de Kinshasa","description":"Donnons aux enfants des rues de Kinshasa un espoir et un avenir.","publisher":{"@id":"https:\/\/www.streetchildrenofkinshasa.org\/fr\/#organization"},"potentialAction":[{"@type":"SearchAction","target":{"@type":"EntryPoint","urlTemplate":"https:\/\/www.streetchildrenofkinshasa.org\/fr\/?s={search_term_string}"},"query-input":{"@type":"PropertyValueSpecification","valueRequired":true,"valueName":"search_term_string"}}],"inLanguage":"fr-BE"},{"@type":"Organization","@id":"https:\/\/www.streetchildrenofkinshasa.org\/fr\/#organization","name":"Communaut\u00e9 du Chemin Neuf","url":"https:\/\/www.streetchildrenofkinshasa.org\/fr\/","logo":{"@type":"ImageObject","inLanguage":"fr-BE","@id":"https:\/\/www.streetchildrenofkinshasa.org\/fr\/#\/schema\/logo\/image\/","url":"https:\/\/www.streetchildrenofkinshasa.org\/wp-content\/uploads\/2022\/05\/logo-cte-couleur_evide.png","contentUrl":"https:\/\/www.streetchildrenofkinshasa.org\/wp-content\/uploads\/2022\/05\/logo-cte-couleur_evide.png","width":1280,"height":736,"caption":"Communaut\u00e9 du Chemin Neuf"},"image":{"@id":"https:\/\/www.streetchildrenofkinshasa.org\/fr\/#\/schema\/logo\/image\/"},"sameAs":["https:\/\/www.facebook.com\/enfantsdelaruedekinshasa\/","https:\/\/www.youtube.com\/channel\/UCIDv6Uc3gdp1RP_HrlK5VHw"]},{"@type":"Person","@id":"https:\/\/www.streetchildrenofkinshasa.org\/fr\/#\/schema\/person\/a516a2618dd79acf99b1a9dc1b711320","name":"Philippe Englebert","image":{"@type":"ImageObject","inLanguage":"fr-BE","@id":"https:\/\/secure.gravatar.com\/avatar\/9595e9d9e03824ab1513eb2842d6919786ce3781a0dbeb9e5fdef68c988b09b8?s=96&d=mm&r=g","url":"https:\/\/secure.gravatar.com\/avatar\/9595e9d9e03824ab1513eb2842d6919786ce3781a0dbeb9e5fdef68c988b09b8?s=96&d=mm&r=g","contentUrl":"https:\/\/secure.gravatar.com\/avatar\/9595e9d9e03824ab1513eb2842d6919786ce3781a0dbeb9e5fdef68c988b09b8?s=96&d=mm&r=g","caption":"Philippe Englebert"}}]}},"_links":{"self":[{"href":"https:\/\/www.streetchildrenofkinshasa.org\/fr\/wp-json\/wp\/v2\/posts\/33216","targetHints":{"allow":["GET"]}}],"collection":[{"href":"https:\/\/www.streetchildrenofkinshasa.org\/fr\/wp-json\/wp\/v2\/posts"}],"about":[{"href":"https:\/\/www.streetchildrenofkinshasa.org\/fr\/wp-json\/wp\/v2\/types\/post"}],"author":[{"embeddable":true,"href":"https:\/\/www.streetchildrenofkinshasa.org\/fr\/wp-json\/wp\/v2\/users\/13"}],"replies":[{"embeddable":true,"href":"https:\/\/www.streetchildrenofkinshasa.org\/fr\/wp-json\/wp\/v2\/comments?post=33216"}],"version-history":[{"count":30,"href":"https:\/\/www.streetchildrenofkinshasa.org\/fr\/wp-json\/wp\/v2\/posts\/33216\/revisions"}],"predecessor-version":[{"id":33312,"href":"https:\/\/www.streetchildrenofkinshasa.org\/fr\/wp-json\/wp\/v2\/posts\/33216\/revisions\/33312"}],"wp:featuredmedia":[{"embeddable":true,"href":"https:\/\/www.streetchildrenofkinshasa.org\/fr\/wp-json\/wp\/v2\/media\/33307"}],"wp:attachment":[{"href":"https:\/\/www.streetchildrenofkinshasa.org\/fr\/wp-json\/wp\/v2\/media?parent=33216"}],"wp:term":[{"taxonomy":"category","embeddable":true,"href":"https:\/\/www.streetchildrenofkinshasa.org\/fr\/wp-json\/wp\/v2\/categories?post=33216"},{"taxonomy":"post_tag","embeddable":true,"href":"https:\/\/www.streetchildrenofkinshasa.org\/fr\/wp-json\/wp\/v2\/tags?post=33216"}],"curies":[{"name":"wp","href":"https:\/\/api.w.org\/{rel}","templated":true}]}}