{"id":31829,"date":"2022-11-22T09:55:18","date_gmt":"2022-11-22T08:55:18","guid":{"rendered":"https:\/\/www.streetchildrenofkinshasa.org\/?p=31829"},"modified":"2022-11-22T10:03:17","modified_gmt":"2022-11-22T09:03:17","slug":"des-jeunes-places-sur-une-rampe-de-lancement","status":"publish","type":"post","link":"https:\/\/www.streetchildrenofkinshasa.org\/fr\/des-jeunes-places-sur-une-rampe-de-lancement\/","title":{"rendered":"Des jeunes plac\u00e9s sur une rampe de lancement !"},"content":{"rendered":"\n<p><strong><strong>UNE NOUVELLE ESPERANCE POUR 20 JEUNES\u00a0: LA REMISE DES KITS D\u2019INSERTION PROFESSIONNELLE<\/strong><\/strong><\/p>\n\n\n\n<div class=\"wp-block-columns alignfull are-vertically-aligned-center is-style-default is-layout-flex wp-container-core-columns-is-layout-9d6595d7 wp-block-columns-is-layout-flex\">\n<div class=\"wp-block-column is-vertically-aligned-center is-layout-flow wp-block-column-is-layout-flow\">\n<div class=\"wp-block-columns is-layout-flex wp-container-core-columns-is-layout-9d6595d7 wp-block-columns-is-layout-flex\">\n<div class=\"wp-block-column is-layout-flow wp-block-column-is-layout-flow\" style=\"flex-basis:100%\">\n<figure class=\"wp-block-image size-large is-style-default\"><img loading=\"lazy\" decoding=\"async\" width=\"1024\" height=\"645\" src=\"https:\/\/www.streetchildrenofkinshasa.org\/wp-content\/uploads\/2022\/11\/221122-kit-insert-prof1-1-1024x645.jpg\" alt=\"\" class=\"wp-image-31844\" srcset=\"https:\/\/www.streetchildrenofkinshasa.org\/wp-content\/uploads\/2022\/11\/221122-kit-insert-prof1-1-1024x645.jpg 1024w, https:\/\/www.streetchildrenofkinshasa.org\/wp-content\/uploads\/2022\/11\/221122-kit-insert-prof1-1-300x189.jpg 300w, https:\/\/www.streetchildrenofkinshasa.org\/wp-content\/uploads\/2022\/11\/221122-kit-insert-prof1-1-768x484.jpg 768w, https:\/\/www.streetchildrenofkinshasa.org\/wp-content\/uploads\/2022\/11\/221122-kit-insert-prof1-1.jpg 1386w\" sizes=\"auto, (max-width: 1024px) 100vw, 1024px\" \/><\/figure>\n<\/div>\n<\/div>\n<\/div>\n\n\n\n<div class=\"wp-block-column is-vertically-aligned-center is-layout-flow wp-block-column-is-layout-flow\">\n<p><em>Nous nous sommes rendus compte que la formation professionnelle en soi ne conduisait pas \u00e0 la possibilit\u00e9 de trouver du travail dans les conditions de vie difficiles de Kinshasa et nous avons mis sur pied une maison de l\u2019insertion professionnelle en vue d\u2019aider les jeunes qui ont termin\u00e9 leur formation \u00e0 d\u00e9marrer leur petit atelier dans le secteur informel. C\u2019est dans le cadre de ce programme que nous leur assurons la remise d\u2019un kit d\u2019insertion, la recherche avec eux d\u2019un lieu de travail et un suivi r\u00e9gulier de leurs d\u00e9marches d\u2019installation de leur atelier.<\/em><\/p>\n<\/div>\n<\/div>\n\n\n\n<div class=\"wp-block-columns is-layout-flex wp-container-core-columns-is-layout-9d6595d7 wp-block-columns-is-layout-flex\">\n<div class=\"wp-block-column is-layout-flow wp-block-column-is-layout-flow\" style=\"flex-basis:100%\">\n<div class=\"wp-block-columns are-vertically-aligned-center is-style-default is-layout-flex wp-container-core-columns-is-layout-9d6595d7 wp-block-columns-is-layout-flex\">\n<div class=\"wp-block-column is-vertically-aligned-center is-layout-flow wp-block-column-is-layout-flow\">\n<p>CEREMONIE<\/p>\n\n\n\n<p>Le 12 novembre 2022, la c\u00e9r\u00e9monie a commenc\u00e9 \u00e0 10h 25 par la pri\u00e8re d&rsquo;ouverture\u00a0; il y a eu ensuite le mot de bienvenue de papa Anicet Mpiana qui est le directeur du CFP saint joseph, pour remercier les jeunes mis \u00e0 l&rsquo;honneur pour la fin de leur formation et remercier aussi les parents et les \u00e9ducateurs qui ont accompagn\u00e9 ces jeunes. Ensuite il y a eu le mot du fr\u00e8re Jean Pierre Godding qui a partag\u00e9 l&rsquo;historique de la formation professionnelle au centre CFP, commenc\u00e9 en 2008.<\/p>\n\n\n\n<p><\/p>\n\n\n\n<p>Au d\u00e9but, les parents ne voulaient pas de la formation professionnelle, mais pr\u00e9f\u00e9reaient des \u00e9tudes classiques, en esp\u00e9rant un bon emploi dans l\u2018administration. Apr\u00e8s un certain temps, les parents ont compris qu\u2019un enfant qui a la ma\u00eetrise de son m\u00e9tier peut mieux se d\u00e9brouiller dans sa vie. Chaque ann\u00e9e, le CFP forme des jeunes qui sont d\u00e9ploy\u00e9s sur le march\u00e9 dans plusieurs domaines : Ma\u00e7onnerie, \u00e9lectricit\u00e9, Ajustage et soudure, coupe et couture, esth\u00e9tique-coiffure, m\u00e9canique, construction, aluminium et peinture.\u00a0<\/p>\n\n\n\n<p>Prend ensuite la parole John Mboma, responsable de l&rsquo;insertion professionnelle. Il a f\u00e9licit\u00e9 les jeunes et a aussi exhort\u00e9 la soci\u00e9t\u00e9 pr\u00e9sente \u00e0 faire confiance \u00e0 nos laur\u00e9ats. Bref il a demand\u00e9 \u00e0 la communaut\u00e9 de ne pas h\u00e9siter \u00e0 les contacter s&rsquo;il y a des march\u00e9s publics car ils sont capables, chacun dans son domaine.\u00a0<\/p>\n\n\n\n<p>TEMOIGNAGES<\/p>\n\n\n\n<p>Il y a eu deux t\u00e9moignages de jeunes qui ont re\u00e7u leurs kits l&rsquo;ann\u00e9e derni\u00e8re pour encourager leurs amis d&rsquo;aujourd&rsquo;hui\u00a0: Os\u00e9e M. a fait la formation en aluminium et est autonome aujourd&rsquo;hui dans son atelier au boulevard Salongo dans la commune de Lemba. Daniella M., qui a fini en coupe et couture l&rsquo;ann\u00e9e derni\u00e8re, a son atelier et s&rsquo;est achet\u00e9 encore deux machines \u00e0 coudre pour renforcer son atelier. Tous deux ont f\u00e9licit\u00e9 leurs cadets en leur demandant de faire bon usage des outils qu&rsquo;ils re\u00e7oivent aujourd&rsquo;hui.<\/p>\n<\/div>\n<\/div>\n<\/div>\n<\/div>\n\n\n\n<div class=\"wp-block-columns are-vertically-aligned-center is-style-default is-layout-flex wp-container-core-columns-is-layout-9d6595d7 wp-block-columns-is-layout-flex\">\n<div class=\"wp-block-column is-layout-flow wp-block-column-is-layout-flow\">\n<div class=\"wp-block-media-text alignwide has-media-on-the-right is-stacked-on-mobile\" style=\"grid-template-columns:auto 85%\"><div class=\"wp-block-media-text__content\">\n<p><\/p>\n<\/div><figure class=\"wp-block-media-text__media\"><img loading=\"lazy\" decoding=\"async\" width=\"1024\" height=\"745\" src=\"https:\/\/www.streetchildrenofkinshasa.org\/wp-content\/uploads\/2022\/11\/221122-kit-insert-prof2-1-1024x745.jpg\" alt=\"\" class=\"wp-image-31847 size-full\" srcset=\"https:\/\/www.streetchildrenofkinshasa.org\/wp-content\/uploads\/2022\/11\/221122-kit-insert-prof2-1-1024x745.jpg 1024w, https:\/\/www.streetchildrenofkinshasa.org\/wp-content\/uploads\/2022\/11\/221122-kit-insert-prof2-1-300x218.jpg 300w, https:\/\/www.streetchildrenofkinshasa.org\/wp-content\/uploads\/2022\/11\/221122-kit-insert-prof2-1-768x559.jpg 768w, https:\/\/www.streetchildrenofkinshasa.org\/wp-content\/uploads\/2022\/11\/221122-kit-insert-prof2-1.jpg 1386w\" sizes=\"auto, (max-width: 1024px) 100vw, 1024px\" \/><\/figure><\/div>\n<\/div>\n<\/div>\n\n\n\n<p>REMERCIEMENTS<\/p>\n\n\n\n<p>Apr\u00e8s la remise des kits, nous avons eu le mot de la repr\u00e9sentante de l&rsquo;INPP qui est un partenaire de l&rsquo;\u00e9tat congolais dans la formation professionnelle des jeunes. Elle \u00e9tait tr\u00e8s ravie de l&rsquo;accueil et de la mani\u00e8re dont la c\u00e9r\u00e9monie s&rsquo;est d\u00e9roul\u00e9e et a promis d&rsquo;\u00eatre la porte-parole de Ndako ya Biso aupr\u00e8s de ses autorit\u00e9s et promet de revenir si l&rsquo;occasion se pr\u00e9sente. Elle a encourag\u00e9 les jeunes \u00e0 faire bon usage de leurs kits re\u00e7us. <\/p>\n\n\n\n<p>Il y a eu aussi un mot de remerciement par un jeune qui a fait la construction, Exauc\u00e9 S. qui, au nom de tous ses coll\u00e8gues, a remerci\u00e9 les \u00e9ducateurs et les enseignants pour tout ce qu&rsquo;ils ont fait durant leur parcours. Enfin, le coordonnateur de LBM Didier Kuma a remerci\u00e9 les \u00e9ducateurs et les enseignants qui ont form\u00e9 les jeunes qui sont devenus aujourd&rsquo;hui tr\u00e8s utile \u00e0 la soci\u00e9t\u00e9. Il a \u00e9galement remerci\u00e9 les partenaires qui cherchent l&rsquo;argent chaque fois pour que cette formation se d\u00e9roule dans les bonnes conditions et surtout l&rsquo;achat des kits pour chaque finaliste afin de commencer une activit\u00e9 g\u00e9n\u00e9ratrice de revenus.<\/p>\n\n\n\n<p>Nous avons re\u00e7u les invit\u00e9s qui ont rehauss\u00e9 la c\u00e9r\u00e9monie de leur pr\u00e9sence\u00a0; parmi eux citons : la d\u00e9l\u00e9gu\u00e9e de l&rsquo;ambassade de Belgique, la repr\u00e9sentante de l&rsquo;INPP, le responsable du service social de la commune de Makala&#8230; Les parents qui ont suivi leurs enfants, les amis et connaissances des jeunes. Apr\u00e8s la remise symbolique des kits, il y a eu une petite f\u00eate pour manifester notre joie tous ensemble. Enfin, l&rsquo;\u00e9quipe charg\u00e9e de l&rsquo;insertion professionnelle a fait signer les documents \u00e0 chaque jeune accompagn\u00e9 d&rsquo;un membre de sa famille pour les preuves administratives avant de partir avec son kit.<\/p>\n\n\n\n<p><strong>Le rapporteur de la journ\u00e9e,<\/strong><\/p>\n\n\n\n<p><strong>Jean Didier Kpanya,<\/strong><\/p>\n\n\n\n<p><strong>Educateur de Ndako Ya Biso.<\/strong><\/p>\n\n\n\n<p><\/p>\n","protected":false},"excerpt":{"rendered":"<p>Nous nous sommes rendus compte que la formation professionnelle en soi ne conduisait pas \u00e0 la possibilit\u00e9 de trouver du travail dans les conditions de vie difficiles de Kinshasa et nous avons mis sur pied une maison de l\u2019insertion professionnelle en vue d\u2019aider les jeunes qui ont termin\u00e9 leur formation \u00e0 d\u00e9marrer leur petit atelier dans le secteur informel. C\u2019est dans le cadre de ce programme que nous leur assurons la remise d\u2019un kit d\u2019insertion, la recherche avec eux d\u2019un lieu de travail et un suivi r\u00e9gulier de leurs d\u00e9marches d\u2019installation de leur atelier.<\/p>\n","protected":false},"author":13,"featured_media":31859,"comment_status":"open","ping_status":"open","sticky":false,"template":"","format":"standard","meta":{"_acf_changed":false,"footnotes":""},"categories":[1],"tags":[],"class_list":["post-31829","post","type-post","status-publish","format-standard","has-post-thumbnail","hentry","category-coup-doeil-sur-lactualite"],"acf":[],"yoast_head":"<!-- This site is optimized with the Yoast SEO plugin v27.5 - https:\/\/yoast.com\/product\/yoast-seo-wordpress\/ -->\n<title>Des jeunes plac\u00e9s sur une rampe de lancement ! - % %<\/title>\n<meta name=\"description\" content=\"Nous nous sommes rendus compte que la formation professionnelle en soi ne conduisait pas \u00e0 la possibilit\u00e9 de trouver du travail dans les conditions de vie difficiles de Kinshasa et nous avons mis sur pied une maison de l\u2019insertion professionnelle en vue d\u2019aider les jeunes qui ont termin\u00e9 leur formation \u00e0 d\u00e9marrer leur petit atelier dans le secteur informel. C\u2019est dans le cadre de ce programme que nous leur assurons la remise d\u2019un kit d\u2019insertion, la recherche avec eux d\u2019un lieu de travail et un suivi r\u00e9gulier de leurs d\u00e9marches d\u2019installation de leur atelier.\" \/>\n<meta name=\"robots\" content=\"index, follow, max-snippet:-1, max-image-preview:large, max-video-preview:-1\" \/>\n<link rel=\"canonical\" href=\"https:\/\/www.streetchildrenofkinshasa.org\/fr\/des-jeunes-places-sur-une-rampe-de-lancement\/\" \/>\n<meta property=\"og:locale\" content=\"fr_FR\" \/>\n<meta property=\"og:type\" content=\"article\" \/>\n<meta property=\"og:title\" content=\"Des jeunes plac\u00e9s sur une rampe de lancement ! - % %\" \/>\n<meta property=\"og:description\" content=\"Nous nous sommes rendus compte que la formation professionnelle en soi ne conduisait pas \u00e0 la possibilit\u00e9 de trouver du travail dans les conditions de vie difficiles de Kinshasa et nous avons mis sur pied une maison de l\u2019insertion professionnelle en vue d\u2019aider les jeunes qui ont termin\u00e9 leur formation \u00e0 d\u00e9marrer leur petit atelier dans le secteur informel. C\u2019est dans le cadre de ce programme que nous leur assurons la remise d\u2019un kit d\u2019insertion, la recherche avec eux d\u2019un lieu de travail et un suivi r\u00e9gulier de leurs d\u00e9marches d\u2019installation de leur atelier.\" \/>\n<meta property=\"og:url\" content=\"https:\/\/www.streetchildrenofkinshasa.org\/fr\/des-jeunes-places-sur-une-rampe-de-lancement\/\" \/>\n<meta property=\"og:site_name\" content=\"Ndako Ya Biso - Enfants de Kinshasa\" \/>\n<meta property=\"article:publisher\" content=\"https:\/\/www.facebook.com\/enfantsdelaruedekinshasa\/\" \/>\n<meta property=\"article:published_time\" content=\"2022-11-22T08:55:18+00:00\" \/>\n<meta property=\"article:modified_time\" content=\"2022-11-22T09:03:17+00:00\" \/>\n<meta property=\"og:image\" content=\"https:\/\/www.streetchildrenofkinshasa.org\/wp-content\/uploads\/2022\/11\/221122-kit-insert-prof-retouchee-1.jpg\" \/>\n\t<meta property=\"og:image:width\" content=\"914\" \/>\n\t<meta property=\"og:image:height\" content=\"514\" \/>\n\t<meta property=\"og:image:type\" content=\"image\/jpeg\" \/>\n<meta name=\"author\" content=\"Philippe Englebert\" \/>\n<meta name=\"twitter:card\" content=\"summary_large_image\" \/>\n<meta name=\"twitter:label1\" content=\"\u00c9crit par\" \/>\n\t<meta name=\"twitter:data1\" content=\"Philippe Englebert\" \/>\n\t<meta name=\"twitter:label2\" content=\"Dur\u00e9e de lecture est.\" \/>\n\t<meta name=\"twitter:data2\" content=\"5 minutes\" \/>\n<script type=\"application\/ld+json\" class=\"yoast-schema-graph\">{\"@context\":\"https:\\\/\\\/schema.org\",\"@graph\":[{\"@type\":\"Article\",\"@id\":\"https:\\\/\\\/www.streetchildrenofkinshasa.org\\\/fr\\\/des-jeunes-places-sur-une-rampe-de-lancement\\\/#article\",\"isPartOf\":{\"@id\":\"https:\\\/\\\/www.streetchildrenofkinshasa.org\\\/fr\\\/des-jeunes-places-sur-une-rampe-de-lancement\\\/\"},\"author\":{\"name\":\"Philippe Englebert\",\"@id\":\"https:\\\/\\\/www.streetchildrenofkinshasa.org\\\/fr\\\/#\\\/schema\\\/person\\\/a516a2618dd79acf99b1a9dc1b711320\"},\"headline\":\"Des jeunes plac\u00e9s sur une rampe de lancement !\",\"datePublished\":\"2022-11-22T08:55:18+00:00\",\"dateModified\":\"2022-11-22T09:03:17+00:00\",\"mainEntityOfPage\":{\"@id\":\"https:\\\/\\\/www.streetchildrenofkinshasa.org\\\/fr\\\/des-jeunes-places-sur-une-rampe-de-lancement\\\/\"},\"wordCount\":810,\"commentCount\":0,\"publisher\":{\"@id\":\"https:\\\/\\\/www.streetchildrenofkinshasa.org\\\/fr\\\/#organization\"},\"image\":{\"@id\":\"https:\\\/\\\/www.streetchildrenofkinshasa.org\\\/fr\\\/des-jeunes-places-sur-une-rampe-de-lancement\\\/#primaryimage\"},\"thumbnailUrl\":\"https:\\\/\\\/www.streetchildrenofkinshasa.org\\\/wp-content\\\/uploads\\\/2022\\\/11\\\/221122-kit-insert-prof-retouchee-1.jpg\",\"articleSection\":[\"Coup d'\u0153il sur l'actualit\u00e9\"],\"inLanguage\":\"fr-BE\",\"potentialAction\":[{\"@type\":\"CommentAction\",\"name\":\"Comment\",\"target\":[\"https:\\\/\\\/www.streetchildrenofkinshasa.org\\\/fr\\\/des-jeunes-places-sur-une-rampe-de-lancement\\\/#respond\"]}]},{\"@type\":\"WebPage\",\"@id\":\"https:\\\/\\\/www.streetchildrenofkinshasa.org\\\/fr\\\/des-jeunes-places-sur-une-rampe-de-lancement\\\/\",\"url\":\"https:\\\/\\\/www.streetchildrenofkinshasa.org\\\/fr\\\/des-jeunes-places-sur-une-rampe-de-lancement\\\/\",\"name\":\"Des jeunes plac\u00e9s sur une rampe de lancement ! - % %\",\"isPartOf\":{\"@id\":\"https:\\\/\\\/www.streetchildrenofkinshasa.org\\\/fr\\\/#website\"},\"primaryImageOfPage\":{\"@id\":\"https:\\\/\\\/www.streetchildrenofkinshasa.org\\\/fr\\\/des-jeunes-places-sur-une-rampe-de-lancement\\\/#primaryimage\"},\"image\":{\"@id\":\"https:\\\/\\\/www.streetchildrenofkinshasa.org\\\/fr\\\/des-jeunes-places-sur-une-rampe-de-lancement\\\/#primaryimage\"},\"thumbnailUrl\":\"https:\\\/\\\/www.streetchildrenofkinshasa.org\\\/wp-content\\\/uploads\\\/2022\\\/11\\\/221122-kit-insert-prof-retouchee-1.jpg\",\"datePublished\":\"2022-11-22T08:55:18+00:00\",\"dateModified\":\"2022-11-22T09:03:17+00:00\",\"description\":\"Nous nous sommes rendus compte que la formation professionnelle en soi ne conduisait pas \u00e0 la possibilit\u00e9 de trouver du travail dans les conditions de vie difficiles de Kinshasa et nous avons mis sur pied une maison de l\u2019insertion professionnelle en vue d\u2019aider les jeunes qui ont termin\u00e9 leur formation \u00e0 d\u00e9marrer leur petit atelier dans le secteur informel. C\u2019est dans le cadre de ce programme que nous leur assurons la remise d\u2019un kit d\u2019insertion, la recherche avec eux d\u2019un lieu de travail et un suivi r\u00e9gulier de leurs d\u00e9marches d\u2019installation de leur atelier.\",\"breadcrumb\":{\"@id\":\"https:\\\/\\\/www.streetchildrenofkinshasa.org\\\/fr\\\/des-jeunes-places-sur-une-rampe-de-lancement\\\/#breadcrumb\"},\"inLanguage\":\"fr-BE\",\"potentialAction\":[{\"@type\":\"ReadAction\",\"target\":[\"https:\\\/\\\/www.streetchildrenofkinshasa.org\\\/fr\\\/des-jeunes-places-sur-une-rampe-de-lancement\\\/\"]}]},{\"@type\":\"ImageObject\",\"inLanguage\":\"fr-BE\",\"@id\":\"https:\\\/\\\/www.streetchildrenofkinshasa.org\\\/fr\\\/des-jeunes-places-sur-une-rampe-de-lancement\\\/#primaryimage\",\"url\":\"https:\\\/\\\/www.streetchildrenofkinshasa.org\\\/wp-content\\\/uploads\\\/2022\\\/11\\\/221122-kit-insert-prof-retouchee-1.jpg\",\"contentUrl\":\"https:\\\/\\\/www.streetchildrenofkinshasa.org\\\/wp-content\\\/uploads\\\/2022\\\/11\\\/221122-kit-insert-prof-retouchee-1.jpg\",\"width\":914,\"height\":514},{\"@type\":\"BreadcrumbList\",\"@id\":\"https:\\\/\\\/www.streetchildrenofkinshasa.org\\\/fr\\\/des-jeunes-places-sur-une-rampe-de-lancement\\\/#breadcrumb\",\"itemListElement\":[{\"@type\":\"ListItem\",\"position\":1,\"name\":\"Home\",\"item\":\"https:\\\/\\\/www.streetchildrenofkinshasa.org\\\/fr\\\/\"},{\"@type\":\"ListItem\",\"position\":2,\"name\":\"Des jeunes plac\u00e9s sur une rampe de lancement !\"}]},{\"@type\":\"WebSite\",\"@id\":\"https:\\\/\\\/www.streetchildrenofkinshasa.org\\\/fr\\\/#website\",\"url\":\"https:\\\/\\\/www.streetchildrenofkinshasa.org\\\/fr\\\/\",\"name\":\"Ndako Ya Biso - Enfants de Kinshasa\",\"description\":\"Donnons aux enfants des rues de Kinshasa un espoir et un avenir.\",\"publisher\":{\"@id\":\"https:\\\/\\\/www.streetchildrenofkinshasa.org\\\/fr\\\/#organization\"},\"potentialAction\":[{\"@type\":\"SearchAction\",\"target\":{\"@type\":\"EntryPoint\",\"urlTemplate\":\"https:\\\/\\\/www.streetchildrenofkinshasa.org\\\/fr\\\/?s={search_term_string}\"},\"query-input\":{\"@type\":\"PropertyValueSpecification\",\"valueRequired\":true,\"valueName\":\"search_term_string\"}}],\"inLanguage\":\"fr-BE\"},{\"@type\":\"Organization\",\"@id\":\"https:\\\/\\\/www.streetchildrenofkinshasa.org\\\/fr\\\/#organization\",\"name\":\"Communaut\u00e9 du Chemin Neuf\",\"url\":\"https:\\\/\\\/www.streetchildrenofkinshasa.org\\\/fr\\\/\",\"logo\":{\"@type\":\"ImageObject\",\"inLanguage\":\"fr-BE\",\"@id\":\"https:\\\/\\\/www.streetchildrenofkinshasa.org\\\/fr\\\/#\\\/schema\\\/logo\\\/image\\\/\",\"url\":\"https:\\\/\\\/www.streetchildrenofkinshasa.org\\\/wp-content\\\/uploads\\\/2022\\\/05\\\/logo-cte-couleur_evide.png\",\"contentUrl\":\"https:\\\/\\\/www.streetchildrenofkinshasa.org\\\/wp-content\\\/uploads\\\/2022\\\/05\\\/logo-cte-couleur_evide.png\",\"width\":1280,\"height\":736,\"caption\":\"Communaut\u00e9 du Chemin Neuf\"},\"image\":{\"@id\":\"https:\\\/\\\/www.streetchildrenofkinshasa.org\\\/fr\\\/#\\\/schema\\\/logo\\\/image\\\/\"},\"sameAs\":[\"https:\\\/\\\/www.facebook.com\\\/enfantsdelaruedekinshasa\\\/\",\"https:\\\/\\\/www.youtube.com\\\/channel\\\/UCIDv6Uc3gdp1RP_HrlK5VHw\"]},{\"@type\":\"Person\",\"@id\":\"https:\\\/\\\/www.streetchildrenofkinshasa.org\\\/fr\\\/#\\\/schema\\\/person\\\/a516a2618dd79acf99b1a9dc1b711320\",\"name\":\"Philippe Englebert\",\"image\":{\"@type\":\"ImageObject\",\"inLanguage\":\"fr-BE\",\"@id\":\"https:\\\/\\\/secure.gravatar.com\\\/avatar\\\/9595e9d9e03824ab1513eb2842d6919786ce3781a0dbeb9e5fdef68c988b09b8?s=96&d=mm&r=g\",\"url\":\"https:\\\/\\\/secure.gravatar.com\\\/avatar\\\/9595e9d9e03824ab1513eb2842d6919786ce3781a0dbeb9e5fdef68c988b09b8?s=96&d=mm&r=g\",\"contentUrl\":\"https:\\\/\\\/secure.gravatar.com\\\/avatar\\\/9595e9d9e03824ab1513eb2842d6919786ce3781a0dbeb9e5fdef68c988b09b8?s=96&d=mm&r=g\",\"caption\":\"Philippe Englebert\"}}]}<\/script>\n<!-- \/ Yoast SEO plugin. -->","yoast_head_json":{"title":"Des jeunes plac\u00e9s sur une rampe de lancement ! - % %","description":"Nous nous sommes rendus compte que la formation professionnelle en soi ne conduisait pas \u00e0 la possibilit\u00e9 de trouver du travail dans les conditions de vie difficiles de Kinshasa et nous avons mis sur pied une maison de l\u2019insertion professionnelle en vue d\u2019aider les jeunes qui ont termin\u00e9 leur formation \u00e0 d\u00e9marrer leur petit atelier dans le secteur informel. C\u2019est dans le cadre de ce programme que nous leur assurons la remise d\u2019un kit d\u2019insertion, la recherche avec eux d\u2019un lieu de travail et un suivi r\u00e9gulier de leurs d\u00e9marches d\u2019installation de leur atelier.","robots":{"index":"index","follow":"follow","max-snippet":"max-snippet:-1","max-image-preview":"max-image-preview:large","max-video-preview":"max-video-preview:-1"},"canonical":"https:\/\/www.streetchildrenofkinshasa.org\/fr\/des-jeunes-places-sur-une-rampe-de-lancement\/","og_locale":"fr_FR","og_type":"article","og_title":"Des jeunes plac\u00e9s sur une rampe de lancement ! - % %","og_description":"Nous nous sommes rendus compte que la formation professionnelle en soi ne conduisait pas \u00e0 la possibilit\u00e9 de trouver du travail dans les conditions de vie difficiles de Kinshasa et nous avons mis sur pied une maison de l\u2019insertion professionnelle en vue d\u2019aider les jeunes qui ont termin\u00e9 leur formation \u00e0 d\u00e9marrer leur petit atelier dans le secteur informel. C\u2019est dans le cadre de ce programme que nous leur assurons la remise d\u2019un kit d\u2019insertion, la recherche avec eux d\u2019un lieu de travail et un suivi r\u00e9gulier de leurs d\u00e9marches d\u2019installation de leur atelier.","og_url":"https:\/\/www.streetchildrenofkinshasa.org\/fr\/des-jeunes-places-sur-une-rampe-de-lancement\/","og_site_name":"Ndako Ya Biso - Enfants de Kinshasa","article_publisher":"https:\/\/www.facebook.com\/enfantsdelaruedekinshasa\/","article_published_time":"2022-11-22T08:55:18+00:00","article_modified_time":"2022-11-22T09:03:17+00:00","og_image":[{"width":914,"height":514,"url":"https:\/\/www.streetchildrenofkinshasa.org\/wp-content\/uploads\/2022\/11\/221122-kit-insert-prof-retouchee-1.jpg","type":"image\/jpeg"}],"author":"Philippe Englebert","twitter_card":"summary_large_image","twitter_misc":{"\u00c9crit par":"Philippe Englebert","Dur\u00e9e de lecture est.":"5 minutes"},"schema":{"@context":"https:\/\/schema.org","@graph":[{"@type":"Article","@id":"https:\/\/www.streetchildrenofkinshasa.org\/fr\/des-jeunes-places-sur-une-rampe-de-lancement\/#article","isPartOf":{"@id":"https:\/\/www.streetchildrenofkinshasa.org\/fr\/des-jeunes-places-sur-une-rampe-de-lancement\/"},"author":{"name":"Philippe Englebert","@id":"https:\/\/www.streetchildrenofkinshasa.org\/fr\/#\/schema\/person\/a516a2618dd79acf99b1a9dc1b711320"},"headline":"Des jeunes plac\u00e9s sur une rampe de lancement !","datePublished":"2022-11-22T08:55:18+00:00","dateModified":"2022-11-22T09:03:17+00:00","mainEntityOfPage":{"@id":"https:\/\/www.streetchildrenofkinshasa.org\/fr\/des-jeunes-places-sur-une-rampe-de-lancement\/"},"wordCount":810,"commentCount":0,"publisher":{"@id":"https:\/\/www.streetchildrenofkinshasa.org\/fr\/#organization"},"image":{"@id":"https:\/\/www.streetchildrenofkinshasa.org\/fr\/des-jeunes-places-sur-une-rampe-de-lancement\/#primaryimage"},"thumbnailUrl":"https:\/\/www.streetchildrenofkinshasa.org\/wp-content\/uploads\/2022\/11\/221122-kit-insert-prof-retouchee-1.jpg","articleSection":["Coup d'\u0153il sur l'actualit\u00e9"],"inLanguage":"fr-BE","potentialAction":[{"@type":"CommentAction","name":"Comment","target":["https:\/\/www.streetchildrenofkinshasa.org\/fr\/des-jeunes-places-sur-une-rampe-de-lancement\/#respond"]}]},{"@type":"WebPage","@id":"https:\/\/www.streetchildrenofkinshasa.org\/fr\/des-jeunes-places-sur-une-rampe-de-lancement\/","url":"https:\/\/www.streetchildrenofkinshasa.org\/fr\/des-jeunes-places-sur-une-rampe-de-lancement\/","name":"Des jeunes plac\u00e9s sur une rampe de lancement ! - % %","isPartOf":{"@id":"https:\/\/www.streetchildrenofkinshasa.org\/fr\/#website"},"primaryImageOfPage":{"@id":"https:\/\/www.streetchildrenofkinshasa.org\/fr\/des-jeunes-places-sur-une-rampe-de-lancement\/#primaryimage"},"image":{"@id":"https:\/\/www.streetchildrenofkinshasa.org\/fr\/des-jeunes-places-sur-une-rampe-de-lancement\/#primaryimage"},"thumbnailUrl":"https:\/\/www.streetchildrenofkinshasa.org\/wp-content\/uploads\/2022\/11\/221122-kit-insert-prof-retouchee-1.jpg","datePublished":"2022-11-22T08:55:18+00:00","dateModified":"2022-11-22T09:03:17+00:00","description":"Nous nous sommes rendus compte que la formation professionnelle en soi ne conduisait pas \u00e0 la possibilit\u00e9 de trouver du travail dans les conditions de vie difficiles de Kinshasa et nous avons mis sur pied une maison de l\u2019insertion professionnelle en vue d\u2019aider les jeunes qui ont termin\u00e9 leur formation \u00e0 d\u00e9marrer leur petit atelier dans le secteur informel. C\u2019est dans le cadre de ce programme que nous leur assurons la remise d\u2019un kit d\u2019insertion, la recherche avec eux d\u2019un lieu de travail et un suivi r\u00e9gulier de leurs d\u00e9marches d\u2019installation de leur atelier.","breadcrumb":{"@id":"https:\/\/www.streetchildrenofkinshasa.org\/fr\/des-jeunes-places-sur-une-rampe-de-lancement\/#breadcrumb"},"inLanguage":"fr-BE","potentialAction":[{"@type":"ReadAction","target":["https:\/\/www.streetchildrenofkinshasa.org\/fr\/des-jeunes-places-sur-une-rampe-de-lancement\/"]}]},{"@type":"ImageObject","inLanguage":"fr-BE","@id":"https:\/\/www.streetchildrenofkinshasa.org\/fr\/des-jeunes-places-sur-une-rampe-de-lancement\/#primaryimage","url":"https:\/\/www.streetchildrenofkinshasa.org\/wp-content\/uploads\/2022\/11\/221122-kit-insert-prof-retouchee-1.jpg","contentUrl":"https:\/\/www.streetchildrenofkinshasa.org\/wp-content\/uploads\/2022\/11\/221122-kit-insert-prof-retouchee-1.jpg","width":914,"height":514},{"@type":"BreadcrumbList","@id":"https:\/\/www.streetchildrenofkinshasa.org\/fr\/des-jeunes-places-sur-une-rampe-de-lancement\/#breadcrumb","itemListElement":[{"@type":"ListItem","position":1,"name":"Home","item":"https:\/\/www.streetchildrenofkinshasa.org\/fr\/"},{"@type":"ListItem","position":2,"name":"Des jeunes plac\u00e9s sur une rampe de lancement !"}]},{"@type":"WebSite","@id":"https:\/\/www.streetchildrenofkinshasa.org\/fr\/#website","url":"https:\/\/www.streetchildrenofkinshasa.org\/fr\/","name":"Ndako Ya Biso - Enfants de Kinshasa","description":"Donnons aux enfants des rues de Kinshasa un espoir et un avenir.","publisher":{"@id":"https:\/\/www.streetchildrenofkinshasa.org\/fr\/#organization"},"potentialAction":[{"@type":"SearchAction","target":{"@type":"EntryPoint","urlTemplate":"https:\/\/www.streetchildrenofkinshasa.org\/fr\/?s={search_term_string}"},"query-input":{"@type":"PropertyValueSpecification","valueRequired":true,"valueName":"search_term_string"}}],"inLanguage":"fr-BE"},{"@type":"Organization","@id":"https:\/\/www.streetchildrenofkinshasa.org\/fr\/#organization","name":"Communaut\u00e9 du Chemin Neuf","url":"https:\/\/www.streetchildrenofkinshasa.org\/fr\/","logo":{"@type":"ImageObject","inLanguage":"fr-BE","@id":"https:\/\/www.streetchildrenofkinshasa.org\/fr\/#\/schema\/logo\/image\/","url":"https:\/\/www.streetchildrenofkinshasa.org\/wp-content\/uploads\/2022\/05\/logo-cte-couleur_evide.png","contentUrl":"https:\/\/www.streetchildrenofkinshasa.org\/wp-content\/uploads\/2022\/05\/logo-cte-couleur_evide.png","width":1280,"height":736,"caption":"Communaut\u00e9 du Chemin Neuf"},"image":{"@id":"https:\/\/www.streetchildrenofkinshasa.org\/fr\/#\/schema\/logo\/image\/"},"sameAs":["https:\/\/www.facebook.com\/enfantsdelaruedekinshasa\/","https:\/\/www.youtube.com\/channel\/UCIDv6Uc3gdp1RP_HrlK5VHw"]},{"@type":"Person","@id":"https:\/\/www.streetchildrenofkinshasa.org\/fr\/#\/schema\/person\/a516a2618dd79acf99b1a9dc1b711320","name":"Philippe Englebert","image":{"@type":"ImageObject","inLanguage":"fr-BE","@id":"https:\/\/secure.gravatar.com\/avatar\/9595e9d9e03824ab1513eb2842d6919786ce3781a0dbeb9e5fdef68c988b09b8?s=96&d=mm&r=g","url":"https:\/\/secure.gravatar.com\/avatar\/9595e9d9e03824ab1513eb2842d6919786ce3781a0dbeb9e5fdef68c988b09b8?s=96&d=mm&r=g","contentUrl":"https:\/\/secure.gravatar.com\/avatar\/9595e9d9e03824ab1513eb2842d6919786ce3781a0dbeb9e5fdef68c988b09b8?s=96&d=mm&r=g","caption":"Philippe Englebert"}}]}},"_links":{"self":[{"href":"https:\/\/www.streetchildrenofkinshasa.org\/fr\/wp-json\/wp\/v2\/posts\/31829","targetHints":{"allow":["GET"]}}],"collection":[{"href":"https:\/\/www.streetchildrenofkinshasa.org\/fr\/wp-json\/wp\/v2\/posts"}],"about":[{"href":"https:\/\/www.streetchildrenofkinshasa.org\/fr\/wp-json\/wp\/v2\/types\/post"}],"author":[{"embeddable":true,"href":"https:\/\/www.streetchildrenofkinshasa.org\/fr\/wp-json\/wp\/v2\/users\/13"}],"replies":[{"embeddable":true,"href":"https:\/\/www.streetchildrenofkinshasa.org\/fr\/wp-json\/wp\/v2\/comments?post=31829"}],"version-history":[{"count":4,"href":"https:\/\/www.streetchildrenofkinshasa.org\/fr\/wp-json\/wp\/v2\/posts\/31829\/revisions"}],"predecessor-version":[{"id":31854,"href":"https:\/\/www.streetchildrenofkinshasa.org\/fr\/wp-json\/wp\/v2\/posts\/31829\/revisions\/31854"}],"wp:featuredmedia":[{"embeddable":true,"href":"https:\/\/www.streetchildrenofkinshasa.org\/fr\/wp-json\/wp\/v2\/media\/31859"}],"wp:attachment":[{"href":"https:\/\/www.streetchildrenofkinshasa.org\/fr\/wp-json\/wp\/v2\/media?parent=31829"}],"wp:term":[{"taxonomy":"category","embeddable":true,"href":"https:\/\/www.streetchildrenofkinshasa.org\/fr\/wp-json\/wp\/v2\/categories?post=31829"},{"taxonomy":"post_tag","embeddable":true,"href":"https:\/\/www.streetchildrenofkinshasa.org\/fr\/wp-json\/wp\/v2\/tags?post=31829"}],"curies":[{"name":"wp","href":"https:\/\/api.w.org\/{rel}","templated":true}]}}