{"id":31743,"date":"2022-11-18T11:49:06","date_gmt":"2022-11-18T10:49:06","guid":{"rendered":"https:\/\/www.streetchildrenofkinshasa.org\/?p=31743"},"modified":"2022-11-18T11:49:07","modified_gmt":"2022-11-18T10:49:07","slug":"objectif-3000-atteint","status":"publish","type":"post","link":"https:\/\/www.streetchildrenofkinshasa.org\/fr\/objectif-3000-atteint\/","title":{"rendered":"Objectif 3000 atteint !"},"content":{"rendered":"\n<p><strong>LE TROIS MILLIEME ENFANT REUNIFIE PAR NDAKO YA BISO<\/strong><\/p>\n\n\n\n<div class=\"wp-block-columns alignfull are-vertically-aligned-center is-style-default is-layout-flex wp-container-core-columns-is-layout-9d6595d7 wp-block-columns-is-layout-flex\">\n<div class=\"wp-block-column is-vertically-aligned-center is-layout-flow wp-block-column-is-layout-flow\">\n<div class=\"wp-block-columns is-layout-flex wp-container-core-columns-is-layout-9d6595d7 wp-block-columns-is-layout-flex\">\n<div class=\"wp-block-column is-layout-flow wp-block-column-is-layout-flow\" style=\"flex-basis:100%\">\n<figure class=\"wp-block-image size-full is-style-default\"><img loading=\"lazy\" decoding=\"async\" width=\"605\" height=\"340\" src=\"https:\/\/www.streetchildrenofkinshasa.org\/wp-content\/uploads\/2022\/11\/221118-danse-pour-3000-eme-reuni.jpg\" alt=\"\" class=\"wp-image-31746\" srcset=\"https:\/\/www.streetchildrenofkinshasa.org\/wp-content\/uploads\/2022\/11\/221118-danse-pour-3000-eme-reuni.jpg 605w, https:\/\/www.streetchildrenofkinshasa.org\/wp-content\/uploads\/2022\/11\/221118-danse-pour-3000-eme-reuni-300x169.jpg 300w\" sizes=\"auto, (max-width: 605px) 100vw, 605px\" \/><\/figure>\n<\/div>\n<\/div>\n<\/div>\n\n\n\n<div class=\"wp-block-column is-vertically-aligned-center is-layout-flow wp-block-column-is-layout-flow\">\n<p><strong><em>Le 24 septembre 2022, Ndako Ya Biso a c\u00e9l\u00e9br\u00e9 le trois milli\u00e8me enfant r\u00e9unifi\u00e9 dans sa famille depuis le d\u00e9but du travail et la 1\u00b0r\u00e9unification familiale, le 17 octobre 2004 jusqu\u2019\u00e0 la trois milli\u00e8me r\u00e9unification le 13 septembre 2022.<\/em><\/strong><\/p>\n<\/div>\n<\/div>\n\n\n\n<div class=\"wp-block-columns is-layout-flex wp-container-core-columns-is-layout-9d6595d7 wp-block-columns-is-layout-flex\">\n<div class=\"wp-block-column is-layout-flow wp-block-column-is-layout-flow\" style=\"flex-basis:100%\">\n<div class=\"wp-block-columns are-vertically-aligned-center is-style-default is-layout-flex wp-container-core-columns-is-layout-9d6595d7 wp-block-columns-is-layout-flex\">\n<div class=\"wp-block-column is-vertically-aligned-center is-layout-flow wp-block-column-is-layout-flow\">\n<p>Apr\u00e8s l\u2019am\u00e9nagement de l\u2019espace dans la cour de NYB\/G (placement de 4 tentes pour prot\u00e9ger les participants du soleil, disposition des bancs et des chaises, d\u00e9coration\u2026), la journ\u00e9e a commenc\u00e9 par une messe d\u2019action de gr\u00e2ce\u00a0: remercier le Seigneur pour la gr\u00e2ce qu\u2019il nous a donn\u00e9e de pouvoir r\u00e9concilier tant d\u2019enfants avec leurs familles mais aussi remercier le p\u00e8re St\u00e9phane, sup\u00e9rieur du Chemin Neuf \u00e0 Kinshasa depuis neuf ans et qui a fini son mandat et va rentrer en France dans quelques jours. Le p\u00e8re St\u00e9phane, avec le P\u00e8re Pierre, nouveau responsable de la Communaut\u00e9 au Congo et le p\u00e8re Constantin qui vient d\u2019\u00eatre ordonn\u00e9 ont ensemble remerci\u00e9 le Seigneur pour toutes les gr\u00e2ces re\u00e7ues, et remerci\u00e9 les \u00e9ducateurs pour tout le travail r\u00e9alis\u00e9. Ils ont demand\u00e9 au Seigneur de b\u00e9nir tous les enfants et leurs familles, afin que celles-ci puissent vraiment retrouver leur unit\u00e9 et donner une esp\u00e9rance \u00e0 tous leurs enfants.<\/p>\n\n\n\n<p><\/p>\n\n\n\n<p>Apr\u00e8s la messe et l\u2019accueil des invit\u00e9s, la c\u00e9l\u00e9bration a commenc\u00e9 par des t\u00e9moignages\u00a0: D\u2019abord, le t\u00e9moignage du trois milli\u00e8me enfant r\u00e9unifi\u00e9, un gar\u00e7on et une fille\u00a0:<\/p>\n\n\n\n<p>Le gar\u00e7on, <em>Denis<\/em>, qui a dix ans, est n\u00e9 \u00e0 l\u2019int\u00e9rieur du pays d\u2019une rencontre occasionnelle entre sa maman avec un avocat de passage. Mais apr\u00e8s le d\u00e9c\u00e8s de sa maman, son grand-p\u00e8re maternel est venu le r\u00e9cup\u00e9rer et l\u2019accueillir dans sa famille \u00e0 Kinshasa. Mais l\u2019enfant, tr\u00e8s turbulent, a \u00e9t\u00e9 consid\u00e9r\u00e9 comme un sorcier par la grand-m\u00e8re qui ne voulait pas de lui. La famille l\u2019a alors confi\u00e9 \u00e0 un oncle pasteur afin qu\u2019il le d\u00e9livre de sa sorcellerie. Mais cet oncle a pr\u00e9f\u00e9r\u00e9 se d\u00e9barrasser de l\u2019enfant en l\u2019abandonnant dans un orphelinat. L\u2019enfant ne se sentant pas bien accueilli dans cet orphelinat est descendu dans la rue, puis conduit par d\u2019autres amis de la rue, est arriv\u00e9 chez nous. Apr\u00e8s l\u2019avoir \u00e9cout\u00e9, nous sommes retourn\u00e9s dans l\u2019orphelinat o\u00f9 il \u00e9tait pass\u00e9\u00a0; ceux-ci nous ont donn\u00e9 l\u2019adresse de l\u2019oncle\u00a0; nous avons pu le rencontrer dans son Eglise et celui-ci nous a donn\u00e9 l\u2019adresse du grand-p\u00e8re. Celui-ci nous a accueilli \u00e0 bras ouvert et a longtemps embrass\u00e9 l\u2019enfant en pleurant quand il a appris toute son histoire. Une tante, pr\u00e9sente, a d\u00e9cid\u00e9, en lien avec le grand-p\u00e8re, de prendre en charge l\u2019enfant, et nous l\u2019avons plac\u00e9 dans une \u00e9cole proche en 4\u00b0primaire. Et nous continuons \u00e0 rechercher le papa.<\/p>\n\n\n\n<p>La fille, <em>Chancelvie<\/em>, vivait avec sa maman apr\u00e8s le divorce de ses parents. Mais des personnes de la famille de la maman lui ont dit que Chancelvie \u00e9tait la sorci\u00e8re qui faisait \u00e9chouer ses entreprises et qu\u2019il fallait la mettre dehors. La maman les a \u00e9cout\u00e9s et la fille a \u00e9t\u00e9 chass\u00e9e dans la rue. Accueillie par une structure d\u2019accueil des filles de la rue, elle s\u2019est mal comport\u00e9e et a \u00e9t\u00e9 chass\u00e9e de cette structure\u00a0; c\u2019est ainsi que des amies de la rue lui ont conseill\u00e9 de venir chez nous. Nous l\u2019avons accueillie et \u00e9cout\u00e9e, puis nous sommes all\u00e9s \u00e0 la recherche de son papa qui a bien voulu la recevoir. Nous avons aid\u00e9 la famille en am\u00e9liorant leur maison qui \u00e9tait en mauvais \u00e9tat et en prenant en charge la scolarit\u00e9 de Chancelvie qui, cette ann\u00e9e, a 16 ans et a commenc\u00e9 la 5\u00b0ann\u00e9e secondaire en section p\u00e9dagogie. La fille a \u00e9t\u00e9 tr\u00e8s \u00e9mue en donnant son t\u00e9moignage et en revoyant toutes ses souffrances, elle n\u2019a pas pu arriver jusqu\u2019au bout de son histoire.<\/p>\n\n\n\n<p>Apr\u00e8s ces deux enfants, deux autres t\u00e9moignages nous ont aussi beaucoup touch\u00e9s\u00a0:<\/p>\n\n\n\n<p><em>Enoch<\/em> a aujourd\u2019hui 22 ans et vient de terminer sa troisi\u00e8me ann\u00e9e d\u2019\u00e9tudes universitaires en sciences de la communication\u00a0: il nous a t\u00e9moign\u00e9 de ce qu\u2019un \u00e9ducateur de NYB l\u2019avait rencontr\u00e9 un jour sur le march\u00e9 de Trafic en train de vendre de l\u2019eau, c\u2019\u00e9tait il y a huit ans. Il fait partie d\u2019une famille nombreuse mais sans ressources\u00a0: ils vivaient dans une petite cabane en t\u00f4les et aucun enfant n\u2019allait \u00e0 l\u2019\u00e9cole parce que les parents n\u2019avaient pas de moyens. C\u2019est ainsi qu\u2019il avait d\u00e9cid\u00e9 de rester dans la rue pour mieux survivre. L\u2019\u00e9ducateur de NYB l\u2019a \u00e9cout\u00e9, l\u2019a ramen\u00e9 \u00e0 la maison, l\u2019a inscrit dans une \u00e9cole et a donn\u00e9 un microcr\u00e9dit \u00e0 leur maman pour reprendre une activit\u00e9 \u00e9conomique. C\u2019est ainsi qu\u2019il avait pu terminer son \u00e9cole secondaire et passer son dipl\u00f4me d\u2019\u00e9tat avec 70%. C\u2019est \u00e0 ce moment-l\u00e0 que son p\u00e8re est d\u00e9c\u00e9d\u00e9, mais NYB ne l\u2019a pas abandonn\u00e9 puisque nous lui avons trouv\u00e9 une bourse universitaire, et le jeune, tr\u00e8s fier, a pu t\u00e9moigner, qu\u2019il venait de r\u00e9ussir sa troisi\u00e8me ann\u00e9e d\u2019universit\u00e9 avec la grande distinction. <\/p>\n\n\n\n<p>Le dernier t\u00e9moignage donn\u00e9 a \u00e9t\u00e9 celui des grands parents de <em>Mich\u00e9e\u00a0<\/em>: Mich\u00e9e est un jeune qui cumule plusieurs handicaps\u00a0: dr\u00e9panocytaire et h\u00e9mophile avec aussi une jambe plus courte que l\u2019autre. Ses parents ont consid\u00e9r\u00e9 que ses maladies permanentes \u00e9taient signes de la sorcellerie que son grand-p\u00e8re lui aurait transmise et l\u2019ont mis dehors. Le jugeant inutile, ils ne l\u2019avaient m\u00eame pas scolaris\u00e9. R\u00e9f\u00e9r\u00e9 par le service social de Bumbu \u00e0 notre centre, Mich\u00e9e s\u2019est r\u00e9v\u00e9l\u00e9 un gar\u00e7on tr\u00e8s intelligent\u00a0: \u00e0 12 ans, il n\u2019avait jamais \u00e9tudi\u00e9, mais apr\u00e8s une rapide alphab\u00e9tisation dans notre centre, nous l\u2019avons directement plac\u00e9 en 5\u00b0primaire o\u00f9 il a r\u00e9ussi le premier trimestre avec 70%. Puis, nous sommes partis \u00e0 la recherche des grands-parents que nous avons pu retrouver\u00a0: Apr\u00e8s les accusations de sorcellerie, ils n\u2019avaient plus voulu voir l\u2019enfant, mais nous avons pu les r\u00e9concilier et aujourd\u2019hui Mich\u00e9e qui a retrouv\u00e9 sa confiance en lui-m\u00eame, est tr\u00e8s content de vivre chez eux tout en poursuivant son \u00e9cole en 1\u00b0ann\u00e9e secondaire, toujours pris en charge par notre centre.<\/p>\n<\/div>\n<\/div>\n<\/div>\n<\/div>\n\n\n\n<div class=\"wp-block-columns are-vertically-aligned-center is-style-default is-layout-flex wp-container-core-columns-is-layout-9d6595d7 wp-block-columns-is-layout-flex\">\n<div class=\"wp-block-column is-layout-flow wp-block-column-is-layout-flow\">\n<div class=\"wp-block-media-text alignwide has-media-on-the-right is-stacked-on-mobile\" style=\"grid-template-columns:auto 85%\"><div class=\"wp-block-media-text__content\">\n<p><\/p>\n<\/div><figure class=\"wp-block-media-text__media\"><img loading=\"lazy\" decoding=\"async\" width=\"605\" height=\"340\" src=\"https:\/\/www.streetchildrenofkinshasa.org\/wp-content\/uploads\/2022\/11\/221118-photo-3000eme-reuni.jpg\" alt=\"\" class=\"wp-image-31749 size-full\" srcset=\"https:\/\/www.streetchildrenofkinshasa.org\/wp-content\/uploads\/2022\/11\/221118-photo-3000eme-reuni.jpg 605w, https:\/\/www.streetchildrenofkinshasa.org\/wp-content\/uploads\/2022\/11\/221118-photo-3000eme-reuni-300x169.jpg 300w\" sizes=\"auto, (max-width: 605px) 100vw, 605px\" \/><\/figure><\/div>\n<\/div>\n<\/div>\n\n\n\n<p>Apr\u00e8s ces quatre t\u00e9moignages, les gar\u00e7ons du centre nous ont pr\u00e9sent\u00e9 une sc\u00e9nette o\u00f9 un enfant qui ne se comporte pas bien est consid\u00e9r\u00e9 comme un sorcier par son oncle qui le conduit chez un pasteur\u00a0; apr\u00e8s que le pasteur confirme la sorcellerie de l\u2019enfant, l\u2019oncle le chasse dehors mais l\u2019enfant rencontre un \u00e9ducateur de NYB qui le r\u00e9concilie avec sa famille et le place \u00e0 l\u2019\u00e9cole. Les enfants \u00e9taient tr\u00e8s heureux de jouer cette sc\u00e8ne, surtout en mimant les accusations du pasteur.Ce sont ensuite les filles du centre qui ont ex\u00e9cut\u00e9 des pas de danse tr\u00e8s joyeux sur des chansons tr\u00e8s rythm\u00e9es.<\/p>\n\n\n\n<p>Puis le Directeur du centre, le fr\u00e8re Jean-Pierre Godding, a pris la parole pour remercier le Seigneur, tous les \u00e9ducateurs de NYB, tous les enfants et les familles qui nous ont fait confiance, ainsi que tous les partenaires, dont les responsables de la police qui \u00e9taient pr\u00e9sents, qui nous ont permis d\u2019arriver \u00e0 ces beaux r\u00e9sultats. Il a rappel\u00e9 \u00e0 toutes les personnes pr\u00e9sentes que la r\u00e9conciliation et la r\u00e9unification familiale constituent l\u2019objectif de NYB mais sont tout un processus comptant de nombreuses \u00e9tapes&nbsp;: accueil et \u00e9coute de l\u2019enfant, gu\u00e9rison du traumatisme, enqu\u00eate et m\u00e9diation. Et puis, apr\u00e8s la r\u00e9unification, toutes les d\u00e9marches de scolarisation de l\u2019enfant, de suivi familial d\u2019appui \u00e0 l\u2019activit\u00e9 g\u00e9n\u00e9ratrice de revenu de la maman\u2026<\/p>\n\n\n\n<p>M. R\u00e9mi Mafu, coordonnateur du Reejer, qui assure la coordination de toutes les structures des enfants de la rue \u00e0 Kinshasa, a \u00e9galement vivement encourag\u00e9 notre travail.<\/p>\n\n\n\n<p>Enfin, c\u2019\u00e9tait la musique et le repas de f\u00eate&nbsp;; tr\u00e8s vite, les tables du repas ont \u00e9t\u00e9 dress\u00e9es, puis ce sont d\u2019abord les invit\u00e9s puis tous les \u00e9ducateurs et les enfants qui ont pu se servir, manger, boire&nbsp;&nbsp;&nbsp;&nbsp;&nbsp;&nbsp;&nbsp;&nbsp;&nbsp;&nbsp;&nbsp;&nbsp;&nbsp;&nbsp;&nbsp;&nbsp;&nbsp;&nbsp;&nbsp;&nbsp;&nbsp;&nbsp;&nbsp;&nbsp;&nbsp;&nbsp;&nbsp;&nbsp;&nbsp;&nbsp;&nbsp;&nbsp;&nbsp;&nbsp;&nbsp;&nbsp;&nbsp;&nbsp;&nbsp;&nbsp;&nbsp;&nbsp;&nbsp;&nbsp;&nbsp;&nbsp;&nbsp;&nbsp;&nbsp;&nbsp;&nbsp;&nbsp;&nbsp;&nbsp;&nbsp;&nbsp;&nbsp;&nbsp;&nbsp;&nbsp;&nbsp;&nbsp;&nbsp;&nbsp;&nbsp;&nbsp;&nbsp;&nbsp;&nbsp;&nbsp;&nbsp;&nbsp;&nbsp;&nbsp;&nbsp;&nbsp;&nbsp;&nbsp;&nbsp;&nbsp;&nbsp;&nbsp;&nbsp;&nbsp;&nbsp;&nbsp;&nbsp;&nbsp;&nbsp;&nbsp;&nbsp;&nbsp;&nbsp;&nbsp;&nbsp;&nbsp;&nbsp;&nbsp;&nbsp;&nbsp;&nbsp;&nbsp;&nbsp;&nbsp;&nbsp;&nbsp;&nbsp;&nbsp;&nbsp;&nbsp;&nbsp;&nbsp;&nbsp;&nbsp;&nbsp;&nbsp;&nbsp;&nbsp;&nbsp;&nbsp;&nbsp;&nbsp;&nbsp;&nbsp;&nbsp;&nbsp;&nbsp;&nbsp;&nbsp;&nbsp;&nbsp;&nbsp;&nbsp;&nbsp;&nbsp;&nbsp;&nbsp;&nbsp;&nbsp;&nbsp;&nbsp;&nbsp;&nbsp;&nbsp;&nbsp;&nbsp;&nbsp;&nbsp;&nbsp;&nbsp;&nbsp; &nbsp;et danser pour se r\u00e9jouir de tout ce qui avait pu \u00eatre r\u00e9alis\u00e9, sans oublier de f\u00eater les anniversaires de quatre \u00e9ducateurs (dont le directeur du projet)&nbsp; qui le c\u00e9l\u00e9braient au cours du mois de septembre.<\/p>\n\n\n\n<p><strong>Le rapporteur<\/strong><\/p>\n\n\n\n<p><strong>Caleb Diaki<\/strong><\/p>\n\n\n\n<p><\/p>\n","protected":false},"excerpt":{"rendered":"<p>Le 24 septembre 2022, Ndako Ya Biso a c\u00e9l\u00e9br\u00e9 le trois milli\u00e8me enfant r\u00e9unifi\u00e9 dans sa famille depuis le d\u00e9but du travail et la 1\u00b0r\u00e9unification familiale, le 17 octobre 2004 jusqu\u2019\u00e0 la trois milli\u00e8me r\u00e9unification le 13 septembre 2022.<\/p>\n","protected":false},"author":13,"featured_media":31746,"comment_status":"open","ping_status":"open","sticky":false,"template":"","format":"standard","meta":{"_acf_changed":false,"footnotes":""},"categories":[1],"tags":[],"class_list":["post-31743","post","type-post","status-publish","format-standard","has-post-thumbnail","hentry","category-coup-doeil-sur-lactualite"],"acf":[],"yoast_head":"<!-- This site is optimized with the Yoast SEO plugin v27.5 - https:\/\/yoast.com\/product\/yoast-seo-wordpress\/ -->\n<title>Objectif 3000 atteint ! - % %<\/title>\n<meta name=\"description\" content=\"Le 24 septembre 2022, Ndako Ya Biso a c\u00e9l\u00e9br\u00e9 le trois milli\u00e8me enfant r\u00e9unifi\u00e9 dans sa famille depuis le d\u00e9but du travail et la 1\u00b0r\u00e9unification familiale, le 17 octobre 2004 jusqu\u2019\u00e0 la trois milli\u00e8me r\u00e9unification le 13 septembre 2022.\" \/>\n<meta name=\"robots\" content=\"index, follow, max-snippet:-1, max-image-preview:large, max-video-preview:-1\" \/>\n<link rel=\"canonical\" href=\"https:\/\/www.streetchildrenofkinshasa.org\/fr\/objectif-3000-atteint\/\" \/>\n<meta property=\"og:locale\" content=\"fr_FR\" \/>\n<meta property=\"og:type\" content=\"article\" \/>\n<meta property=\"og:title\" content=\"Objectif 3000 atteint ! - % %\" \/>\n<meta property=\"og:description\" content=\"Le 24 septembre 2022, Ndako Ya Biso a c\u00e9l\u00e9br\u00e9 le trois milli\u00e8me enfant r\u00e9unifi\u00e9 dans sa famille depuis le d\u00e9but du travail et la 1\u00b0r\u00e9unification familiale, le 17 octobre 2004 jusqu\u2019\u00e0 la trois milli\u00e8me r\u00e9unification le 13 septembre 2022.\" \/>\n<meta property=\"og:url\" content=\"https:\/\/www.streetchildrenofkinshasa.org\/fr\/objectif-3000-atteint\/\" \/>\n<meta property=\"og:site_name\" content=\"Ndako Ya Biso - Enfants de Kinshasa\" \/>\n<meta property=\"article:publisher\" content=\"https:\/\/www.facebook.com\/enfantsdelaruedekinshasa\/\" \/>\n<meta property=\"article:published_time\" content=\"2022-11-18T10:49:06+00:00\" \/>\n<meta property=\"article:modified_time\" content=\"2022-11-18T10:49:07+00:00\" \/>\n<meta property=\"og:image\" content=\"https:\/\/www.streetchildrenofkinshasa.org\/wp-content\/uploads\/2022\/11\/221118-danse-pour-3000-eme-reuni.jpg\" \/>\n\t<meta property=\"og:image:width\" content=\"605\" \/>\n\t<meta property=\"og:image:height\" content=\"340\" \/>\n\t<meta property=\"og:image:type\" content=\"image\/jpeg\" \/>\n<meta name=\"author\" content=\"Philippe Englebert\" \/>\n<meta name=\"twitter:card\" content=\"summary_large_image\" \/>\n<meta name=\"twitter:label1\" content=\"\u00c9crit par\" \/>\n\t<meta name=\"twitter:data1\" content=\"Philippe Englebert\" \/>\n\t<meta name=\"twitter:label2\" content=\"Dur\u00e9e de lecture est.\" \/>\n\t<meta name=\"twitter:data2\" content=\"8 minutes\" \/>\n<script type=\"application\/ld+json\" class=\"yoast-schema-graph\">{\"@context\":\"https:\\\/\\\/schema.org\",\"@graph\":[{\"@type\":\"Article\",\"@id\":\"https:\\\/\\\/www.streetchildrenofkinshasa.org\\\/fr\\\/objectif-3000-atteint\\\/#article\",\"isPartOf\":{\"@id\":\"https:\\\/\\\/www.streetchildrenofkinshasa.org\\\/fr\\\/objectif-3000-atteint\\\/\"},\"author\":{\"name\":\"Philippe Englebert\",\"@id\":\"https:\\\/\\\/www.streetchildrenofkinshasa.org\\\/fr\\\/#\\\/schema\\\/person\\\/a516a2618dd79acf99b1a9dc1b711320\"},\"headline\":\"Objectif 3000 atteint !\",\"datePublished\":\"2022-11-18T10:49:06+00:00\",\"dateModified\":\"2022-11-18T10:49:07+00:00\",\"mainEntityOfPage\":{\"@id\":\"https:\\\/\\\/www.streetchildrenofkinshasa.org\\\/fr\\\/objectif-3000-atteint\\\/\"},\"wordCount\":1663,\"commentCount\":0,\"publisher\":{\"@id\":\"https:\\\/\\\/www.streetchildrenofkinshasa.org\\\/fr\\\/#organization\"},\"image\":{\"@id\":\"https:\\\/\\\/www.streetchildrenofkinshasa.org\\\/fr\\\/objectif-3000-atteint\\\/#primaryimage\"},\"thumbnailUrl\":\"https:\\\/\\\/www.streetchildrenofkinshasa.org\\\/wp-content\\\/uploads\\\/2022\\\/11\\\/221118-danse-pour-3000-eme-reuni.jpg\",\"articleSection\":[\"Coup d'\u0153il sur l'actualit\u00e9\"],\"inLanguage\":\"fr-BE\",\"potentialAction\":[{\"@type\":\"CommentAction\",\"name\":\"Comment\",\"target\":[\"https:\\\/\\\/www.streetchildrenofkinshasa.org\\\/fr\\\/objectif-3000-atteint\\\/#respond\"]}]},{\"@type\":\"WebPage\",\"@id\":\"https:\\\/\\\/www.streetchildrenofkinshasa.org\\\/fr\\\/objectif-3000-atteint\\\/\",\"url\":\"https:\\\/\\\/www.streetchildrenofkinshasa.org\\\/fr\\\/objectif-3000-atteint\\\/\",\"name\":\"Objectif 3000 atteint ! - % %\",\"isPartOf\":{\"@id\":\"https:\\\/\\\/www.streetchildrenofkinshasa.org\\\/fr\\\/#website\"},\"primaryImageOfPage\":{\"@id\":\"https:\\\/\\\/www.streetchildrenofkinshasa.org\\\/fr\\\/objectif-3000-atteint\\\/#primaryimage\"},\"image\":{\"@id\":\"https:\\\/\\\/www.streetchildrenofkinshasa.org\\\/fr\\\/objectif-3000-atteint\\\/#primaryimage\"},\"thumbnailUrl\":\"https:\\\/\\\/www.streetchildrenofkinshasa.org\\\/wp-content\\\/uploads\\\/2022\\\/11\\\/221118-danse-pour-3000-eme-reuni.jpg\",\"datePublished\":\"2022-11-18T10:49:06+00:00\",\"dateModified\":\"2022-11-18T10:49:07+00:00\",\"description\":\"Le 24 septembre 2022, Ndako Ya Biso a c\u00e9l\u00e9br\u00e9 le trois milli\u00e8me enfant r\u00e9unifi\u00e9 dans sa famille depuis le d\u00e9but du travail et la 1\u00b0r\u00e9unification familiale, le 17 octobre 2004 jusqu\u2019\u00e0 la trois milli\u00e8me r\u00e9unification le 13 septembre 2022.\",\"breadcrumb\":{\"@id\":\"https:\\\/\\\/www.streetchildrenofkinshasa.org\\\/fr\\\/objectif-3000-atteint\\\/#breadcrumb\"},\"inLanguage\":\"fr-BE\",\"potentialAction\":[{\"@type\":\"ReadAction\",\"target\":[\"https:\\\/\\\/www.streetchildrenofkinshasa.org\\\/fr\\\/objectif-3000-atteint\\\/\"]}]},{\"@type\":\"ImageObject\",\"inLanguage\":\"fr-BE\",\"@id\":\"https:\\\/\\\/www.streetchildrenofkinshasa.org\\\/fr\\\/objectif-3000-atteint\\\/#primaryimage\",\"url\":\"https:\\\/\\\/www.streetchildrenofkinshasa.org\\\/wp-content\\\/uploads\\\/2022\\\/11\\\/221118-danse-pour-3000-eme-reuni.jpg\",\"contentUrl\":\"https:\\\/\\\/www.streetchildrenofkinshasa.org\\\/wp-content\\\/uploads\\\/2022\\\/11\\\/221118-danse-pour-3000-eme-reuni.jpg\",\"width\":605,\"height\":340},{\"@type\":\"BreadcrumbList\",\"@id\":\"https:\\\/\\\/www.streetchildrenofkinshasa.org\\\/fr\\\/objectif-3000-atteint\\\/#breadcrumb\",\"itemListElement\":[{\"@type\":\"ListItem\",\"position\":1,\"name\":\"Home\",\"item\":\"https:\\\/\\\/www.streetchildrenofkinshasa.org\\\/fr\\\/\"},{\"@type\":\"ListItem\",\"position\":2,\"name\":\"Objectif 3000 atteint !\"}]},{\"@type\":\"WebSite\",\"@id\":\"https:\\\/\\\/www.streetchildrenofkinshasa.org\\\/fr\\\/#website\",\"url\":\"https:\\\/\\\/www.streetchildrenofkinshasa.org\\\/fr\\\/\",\"name\":\"Ndako Ya Biso - Enfants de Kinshasa\",\"description\":\"Donnons aux enfants des rues de Kinshasa un espoir et un avenir.\",\"publisher\":{\"@id\":\"https:\\\/\\\/www.streetchildrenofkinshasa.org\\\/fr\\\/#organization\"},\"potentialAction\":[{\"@type\":\"SearchAction\",\"target\":{\"@type\":\"EntryPoint\",\"urlTemplate\":\"https:\\\/\\\/www.streetchildrenofkinshasa.org\\\/fr\\\/?s={search_term_string}\"},\"query-input\":{\"@type\":\"PropertyValueSpecification\",\"valueRequired\":true,\"valueName\":\"search_term_string\"}}],\"inLanguage\":\"fr-BE\"},{\"@type\":\"Organization\",\"@id\":\"https:\\\/\\\/www.streetchildrenofkinshasa.org\\\/fr\\\/#organization\",\"name\":\"Communaut\u00e9 du Chemin Neuf\",\"url\":\"https:\\\/\\\/www.streetchildrenofkinshasa.org\\\/fr\\\/\",\"logo\":{\"@type\":\"ImageObject\",\"inLanguage\":\"fr-BE\",\"@id\":\"https:\\\/\\\/www.streetchildrenofkinshasa.org\\\/fr\\\/#\\\/schema\\\/logo\\\/image\\\/\",\"url\":\"https:\\\/\\\/www.streetchildrenofkinshasa.org\\\/wp-content\\\/uploads\\\/2022\\\/05\\\/logo-cte-couleur_evide.png\",\"contentUrl\":\"https:\\\/\\\/www.streetchildrenofkinshasa.org\\\/wp-content\\\/uploads\\\/2022\\\/05\\\/logo-cte-couleur_evide.png\",\"width\":1280,\"height\":736,\"caption\":\"Communaut\u00e9 du Chemin Neuf\"},\"image\":{\"@id\":\"https:\\\/\\\/www.streetchildrenofkinshasa.org\\\/fr\\\/#\\\/schema\\\/logo\\\/image\\\/\"},\"sameAs\":[\"https:\\\/\\\/www.facebook.com\\\/enfantsdelaruedekinshasa\\\/\",\"https:\\\/\\\/www.youtube.com\\\/channel\\\/UCIDv6Uc3gdp1RP_HrlK5VHw\"]},{\"@type\":\"Person\",\"@id\":\"https:\\\/\\\/www.streetchildrenofkinshasa.org\\\/fr\\\/#\\\/schema\\\/person\\\/a516a2618dd79acf99b1a9dc1b711320\",\"name\":\"Philippe Englebert\",\"image\":{\"@type\":\"ImageObject\",\"inLanguage\":\"fr-BE\",\"@id\":\"https:\\\/\\\/secure.gravatar.com\\\/avatar\\\/9595e9d9e03824ab1513eb2842d6919786ce3781a0dbeb9e5fdef68c988b09b8?s=96&d=mm&r=g\",\"url\":\"https:\\\/\\\/secure.gravatar.com\\\/avatar\\\/9595e9d9e03824ab1513eb2842d6919786ce3781a0dbeb9e5fdef68c988b09b8?s=96&d=mm&r=g\",\"contentUrl\":\"https:\\\/\\\/secure.gravatar.com\\\/avatar\\\/9595e9d9e03824ab1513eb2842d6919786ce3781a0dbeb9e5fdef68c988b09b8?s=96&d=mm&r=g\",\"caption\":\"Philippe Englebert\"}}]}<\/script>\n<!-- \/ Yoast SEO plugin. -->","yoast_head_json":{"title":"Objectif 3000 atteint ! - % %","description":"Le 24 septembre 2022, Ndako Ya Biso a c\u00e9l\u00e9br\u00e9 le trois milli\u00e8me enfant r\u00e9unifi\u00e9 dans sa famille depuis le d\u00e9but du travail et la 1\u00b0r\u00e9unification familiale, le 17 octobre 2004 jusqu\u2019\u00e0 la trois milli\u00e8me r\u00e9unification le 13 septembre 2022.","robots":{"index":"index","follow":"follow","max-snippet":"max-snippet:-1","max-image-preview":"max-image-preview:large","max-video-preview":"max-video-preview:-1"},"canonical":"https:\/\/www.streetchildrenofkinshasa.org\/fr\/objectif-3000-atteint\/","og_locale":"fr_FR","og_type":"article","og_title":"Objectif 3000 atteint ! - % %","og_description":"Le 24 septembre 2022, Ndako Ya Biso a c\u00e9l\u00e9br\u00e9 le trois milli\u00e8me enfant r\u00e9unifi\u00e9 dans sa famille depuis le d\u00e9but du travail et la 1\u00b0r\u00e9unification familiale, le 17 octobre 2004 jusqu\u2019\u00e0 la trois milli\u00e8me r\u00e9unification le 13 septembre 2022.","og_url":"https:\/\/www.streetchildrenofkinshasa.org\/fr\/objectif-3000-atteint\/","og_site_name":"Ndako Ya Biso - Enfants de Kinshasa","article_publisher":"https:\/\/www.facebook.com\/enfantsdelaruedekinshasa\/","article_published_time":"2022-11-18T10:49:06+00:00","article_modified_time":"2022-11-18T10:49:07+00:00","og_image":[{"width":605,"height":340,"url":"https:\/\/www.streetchildrenofkinshasa.org\/wp-content\/uploads\/2022\/11\/221118-danse-pour-3000-eme-reuni.jpg","type":"image\/jpeg"}],"author":"Philippe Englebert","twitter_card":"summary_large_image","twitter_misc":{"\u00c9crit par":"Philippe Englebert","Dur\u00e9e de lecture est.":"8 minutes"},"schema":{"@context":"https:\/\/schema.org","@graph":[{"@type":"Article","@id":"https:\/\/www.streetchildrenofkinshasa.org\/fr\/objectif-3000-atteint\/#article","isPartOf":{"@id":"https:\/\/www.streetchildrenofkinshasa.org\/fr\/objectif-3000-atteint\/"},"author":{"name":"Philippe Englebert","@id":"https:\/\/www.streetchildrenofkinshasa.org\/fr\/#\/schema\/person\/a516a2618dd79acf99b1a9dc1b711320"},"headline":"Objectif 3000 atteint !","datePublished":"2022-11-18T10:49:06+00:00","dateModified":"2022-11-18T10:49:07+00:00","mainEntityOfPage":{"@id":"https:\/\/www.streetchildrenofkinshasa.org\/fr\/objectif-3000-atteint\/"},"wordCount":1663,"commentCount":0,"publisher":{"@id":"https:\/\/www.streetchildrenofkinshasa.org\/fr\/#organization"},"image":{"@id":"https:\/\/www.streetchildrenofkinshasa.org\/fr\/objectif-3000-atteint\/#primaryimage"},"thumbnailUrl":"https:\/\/www.streetchildrenofkinshasa.org\/wp-content\/uploads\/2022\/11\/221118-danse-pour-3000-eme-reuni.jpg","articleSection":["Coup d'\u0153il sur l'actualit\u00e9"],"inLanguage":"fr-BE","potentialAction":[{"@type":"CommentAction","name":"Comment","target":["https:\/\/www.streetchildrenofkinshasa.org\/fr\/objectif-3000-atteint\/#respond"]}]},{"@type":"WebPage","@id":"https:\/\/www.streetchildrenofkinshasa.org\/fr\/objectif-3000-atteint\/","url":"https:\/\/www.streetchildrenofkinshasa.org\/fr\/objectif-3000-atteint\/","name":"Objectif 3000 atteint ! - % %","isPartOf":{"@id":"https:\/\/www.streetchildrenofkinshasa.org\/fr\/#website"},"primaryImageOfPage":{"@id":"https:\/\/www.streetchildrenofkinshasa.org\/fr\/objectif-3000-atteint\/#primaryimage"},"image":{"@id":"https:\/\/www.streetchildrenofkinshasa.org\/fr\/objectif-3000-atteint\/#primaryimage"},"thumbnailUrl":"https:\/\/www.streetchildrenofkinshasa.org\/wp-content\/uploads\/2022\/11\/221118-danse-pour-3000-eme-reuni.jpg","datePublished":"2022-11-18T10:49:06+00:00","dateModified":"2022-11-18T10:49:07+00:00","description":"Le 24 septembre 2022, Ndako Ya Biso a c\u00e9l\u00e9br\u00e9 le trois milli\u00e8me enfant r\u00e9unifi\u00e9 dans sa famille depuis le d\u00e9but du travail et la 1\u00b0r\u00e9unification familiale, le 17 octobre 2004 jusqu\u2019\u00e0 la trois milli\u00e8me r\u00e9unification le 13 septembre 2022.","breadcrumb":{"@id":"https:\/\/www.streetchildrenofkinshasa.org\/fr\/objectif-3000-atteint\/#breadcrumb"},"inLanguage":"fr-BE","potentialAction":[{"@type":"ReadAction","target":["https:\/\/www.streetchildrenofkinshasa.org\/fr\/objectif-3000-atteint\/"]}]},{"@type":"ImageObject","inLanguage":"fr-BE","@id":"https:\/\/www.streetchildrenofkinshasa.org\/fr\/objectif-3000-atteint\/#primaryimage","url":"https:\/\/www.streetchildrenofkinshasa.org\/wp-content\/uploads\/2022\/11\/221118-danse-pour-3000-eme-reuni.jpg","contentUrl":"https:\/\/www.streetchildrenofkinshasa.org\/wp-content\/uploads\/2022\/11\/221118-danse-pour-3000-eme-reuni.jpg","width":605,"height":340},{"@type":"BreadcrumbList","@id":"https:\/\/www.streetchildrenofkinshasa.org\/fr\/objectif-3000-atteint\/#breadcrumb","itemListElement":[{"@type":"ListItem","position":1,"name":"Home","item":"https:\/\/www.streetchildrenofkinshasa.org\/fr\/"},{"@type":"ListItem","position":2,"name":"Objectif 3000 atteint !"}]},{"@type":"WebSite","@id":"https:\/\/www.streetchildrenofkinshasa.org\/fr\/#website","url":"https:\/\/www.streetchildrenofkinshasa.org\/fr\/","name":"Ndako Ya Biso - Enfants de Kinshasa","description":"Donnons aux enfants des rues de Kinshasa un espoir et un avenir.","publisher":{"@id":"https:\/\/www.streetchildrenofkinshasa.org\/fr\/#organization"},"potentialAction":[{"@type":"SearchAction","target":{"@type":"EntryPoint","urlTemplate":"https:\/\/www.streetchildrenofkinshasa.org\/fr\/?s={search_term_string}"},"query-input":{"@type":"PropertyValueSpecification","valueRequired":true,"valueName":"search_term_string"}}],"inLanguage":"fr-BE"},{"@type":"Organization","@id":"https:\/\/www.streetchildrenofkinshasa.org\/fr\/#organization","name":"Communaut\u00e9 du Chemin Neuf","url":"https:\/\/www.streetchildrenofkinshasa.org\/fr\/","logo":{"@type":"ImageObject","inLanguage":"fr-BE","@id":"https:\/\/www.streetchildrenofkinshasa.org\/fr\/#\/schema\/logo\/image\/","url":"https:\/\/www.streetchildrenofkinshasa.org\/wp-content\/uploads\/2022\/05\/logo-cte-couleur_evide.png","contentUrl":"https:\/\/www.streetchildrenofkinshasa.org\/wp-content\/uploads\/2022\/05\/logo-cte-couleur_evide.png","width":1280,"height":736,"caption":"Communaut\u00e9 du Chemin Neuf"},"image":{"@id":"https:\/\/www.streetchildrenofkinshasa.org\/fr\/#\/schema\/logo\/image\/"},"sameAs":["https:\/\/www.facebook.com\/enfantsdelaruedekinshasa\/","https:\/\/www.youtube.com\/channel\/UCIDv6Uc3gdp1RP_HrlK5VHw"]},{"@type":"Person","@id":"https:\/\/www.streetchildrenofkinshasa.org\/fr\/#\/schema\/person\/a516a2618dd79acf99b1a9dc1b711320","name":"Philippe Englebert","image":{"@type":"ImageObject","inLanguage":"fr-BE","@id":"https:\/\/secure.gravatar.com\/avatar\/9595e9d9e03824ab1513eb2842d6919786ce3781a0dbeb9e5fdef68c988b09b8?s=96&d=mm&r=g","url":"https:\/\/secure.gravatar.com\/avatar\/9595e9d9e03824ab1513eb2842d6919786ce3781a0dbeb9e5fdef68c988b09b8?s=96&d=mm&r=g","contentUrl":"https:\/\/secure.gravatar.com\/avatar\/9595e9d9e03824ab1513eb2842d6919786ce3781a0dbeb9e5fdef68c988b09b8?s=96&d=mm&r=g","caption":"Philippe Englebert"}}]}},"_links":{"self":[{"href":"https:\/\/www.streetchildrenofkinshasa.org\/fr\/wp-json\/wp\/v2\/posts\/31743","targetHints":{"allow":["GET"]}}],"collection":[{"href":"https:\/\/www.streetchildrenofkinshasa.org\/fr\/wp-json\/wp\/v2\/posts"}],"about":[{"href":"https:\/\/www.streetchildrenofkinshasa.org\/fr\/wp-json\/wp\/v2\/types\/post"}],"author":[{"embeddable":true,"href":"https:\/\/www.streetchildrenofkinshasa.org\/fr\/wp-json\/wp\/v2\/users\/13"}],"replies":[{"embeddable":true,"href":"https:\/\/www.streetchildrenofkinshasa.org\/fr\/wp-json\/wp\/v2\/comments?post=31743"}],"version-history":[{"count":4,"href":"https:\/\/www.streetchildrenofkinshasa.org\/fr\/wp-json\/wp\/v2\/posts\/31743\/revisions"}],"predecessor-version":[{"id":31755,"href":"https:\/\/www.streetchildrenofkinshasa.org\/fr\/wp-json\/wp\/v2\/posts\/31743\/revisions\/31755"}],"wp:featuredmedia":[{"embeddable":true,"href":"https:\/\/www.streetchildrenofkinshasa.org\/fr\/wp-json\/wp\/v2\/media\/31746"}],"wp:attachment":[{"href":"https:\/\/www.streetchildrenofkinshasa.org\/fr\/wp-json\/wp\/v2\/media?parent=31743"}],"wp:term":[{"taxonomy":"category","embeddable":true,"href":"https:\/\/www.streetchildrenofkinshasa.org\/fr\/wp-json\/wp\/v2\/categories?post=31743"},{"taxonomy":"post_tag","embeddable":true,"href":"https:\/\/www.streetchildrenofkinshasa.org\/fr\/wp-json\/wp\/v2\/tags?post=31743"}],"curies":[{"name":"wp","href":"https:\/\/api.w.org\/{rel}","templated":true}]}}