{"id":28657,"date":"2022-06-23T18:17:45","date_gmt":"2022-06-23T16:17:45","guid":{"rendered":"https:\/\/www.streetchildrenofkinshasa.org\/?p=28657"},"modified":"2022-07-04T15:30:03","modified_gmt":"2022-07-04T13:30:03","slug":"les-10-ans-du-centre-des-filles","status":"publish","type":"post","link":"https:\/\/www.streetchildrenofkinshasa.org\/fr\/les-10-ans-du-centre-des-filles\/","title":{"rendered":"Les 10 ans du Centre des filles"},"content":{"rendered":"\n<div class=\"wp-block-columns are-vertically-aligned-center is-style-default is-layout-flex wp-container-core-columns-is-layout-9d6595d7 wp-block-columns-is-layout-flex\">\n<div class=\"wp-block-column is-vertically-aligned-center is-layout-flow wp-block-column-is-layout-flow\">\n<figure class=\"wp-block-gallery has-nested-images columns-2 wp-block-gallery-1 is-layout-flex wp-block-gallery-is-layout-flex\">\n<figure class=\"wp-block-image size-full\"><img loading=\"lazy\" decoding=\"async\" width=\"800\" height=\"800\" data-id=\"28266\" src=\"https:\/\/www.streetchildrenofkinshasa.org\/wp-content\/uploads\/2022\/06\/10a-tableau-et-enfants-carre.jpg\" alt=\"\" class=\"wp-image-28266\" srcset=\"https:\/\/www.streetchildrenofkinshasa.org\/wp-content\/uploads\/2022\/06\/10a-tableau-et-enfants-carre.jpg 800w, https:\/\/www.streetchildrenofkinshasa.org\/wp-content\/uploads\/2022\/06\/10a-tableau-et-enfants-carre-300x300.jpg 300w, https:\/\/www.streetchildrenofkinshasa.org\/wp-content\/uploads\/2022\/06\/10a-tableau-et-enfants-carre-150x150.jpg 150w, https:\/\/www.streetchildrenofkinshasa.org\/wp-content\/uploads\/2022\/06\/10a-tableau-et-enfants-carre-768x768.jpg 768w\" sizes=\"auto, (max-width: 800px) 100vw, 800px\" \/><\/figure>\n<\/figure>\n<\/div>\n\n\n\n<div class=\"wp-block-column is-vertically-aligned-center is-layout-flow wp-block-column-is-layout-flow\">\n<h4 class=\"has-text-align-center has-small-font-size wp-block-heading\"><strong>B\u00e9thanie, notre centre des filles de la rue, f\u00eate ses  dix ans d\u2019existence et 1000&nbsp;jeunes filles r\u00e9unifi\u00e9es !<\/strong><\/h4>\n\n\n\n<p class=\"has-small-font-size\" style=\"line-height:1.7\">8&nbsp;mars 2012, inauguration du Centre d\u2019accueil et d\u2019h\u00e9bergement pour jeunes filles de la rue, B\u00e9thanie. Ce 2&nbsp;avril 2022, nous c\u00e9l\u00e9brons une grande f\u00eate&nbsp;: les dix ans d\u2019existence de ce centre d\u2019accueil et d\u2019h\u00e9bergement. Nous f\u00eatons en m\u00eame temps la milli\u00e8me fille de la rue r\u00e9unifi\u00e9e !<\/p>\n<\/div>\n<\/div>\n\n\n\n<div class=\"wp-block-columns are-vertically-aligned-center is-style-default is-layout-flex wp-container-core-columns-is-layout-9d6595d7 wp-block-columns-is-layout-flex\">\n<div class=\"wp-block-column is-vertically-aligned-center is-layout-flow wp-block-column-is-layout-flow\">\n<p class=\"has-small-font-size\" style=\"line-height:1.7\"><strong>La lecture du dimanche du jour nous a tous marqu\u00e9s&nbsp;!<\/strong> C\u2019\u00e9tait celle du proph\u00e8te Isa\u00efe qui proclame&nbsp;: \u00ab\u2009<em>Ne vous souvenez plus des jours d\u2019autrefois, voici que je fais des choses nouvelles qui ont d\u00e9j\u00e0 commenc\u00e9, ne les voyez vous pas&nbsp;?&nbsp;J\u2019ouvre un chemin nouveau dans le d\u00e9sert\u2026<\/em>\u2009\u00bb (Is.43, 18-21). Voil\u00e0 bien un message d\u2019esp\u00e9rance qui s\u2019adresse directement \u00e0 chacune des filles encadr\u00e9es dans le centre.<\/p>\n<\/div>\n\n\n\n<div class=\"wp-block-column is-vertically-aligned-center is-layout-flow wp-block-column-is-layout-flow\">\n<figure class=\"wp-block-gallery has-nested-images columns-2 wp-block-gallery-2 is-layout-flex wp-block-gallery-is-layout-flex\">\n<figure class=\"wp-block-image size-full\"><img loading=\"lazy\" decoding=\"async\" width=\"580\" height=\"580\" data-id=\"28269\" src=\"https:\/\/www.streetchildrenofkinshasa.org\/wp-content\/uploads\/2022\/06\/10a-benediction-par-Stephane.jpg\" alt=\"Voici que je fais toute chose nouvelle\" class=\"wp-image-28269\" srcset=\"https:\/\/www.streetchildrenofkinshasa.org\/wp-content\/uploads\/2022\/06\/10a-benediction-par-Stephane.jpg 580w, https:\/\/www.streetchildrenofkinshasa.org\/wp-content\/uploads\/2022\/06\/10a-benediction-par-Stephane-300x300.jpg 300w, https:\/\/www.streetchildrenofkinshasa.org\/wp-content\/uploads\/2022\/06\/10a-benediction-par-Stephane-150x150.jpg 150w\" sizes=\"auto, (max-width: 580px) 100vw, 580px\" \/><\/figure>\n<\/figure>\n<\/div>\n<\/div>\n\n\n\n<div class=\"wp-block-columns are-vertically-aligned-center is-style-default is-layout-flex wp-container-core-columns-is-layout-9d6595d7 wp-block-columns-is-layout-flex\">\n<div class=\"wp-block-column is-vertically-aligned-center is-layout-flow wp-block-column-is-layout-flow\">\n<figure class=\"wp-block-gallery has-nested-images columns-2 wp-block-gallery-3 is-layout-flex wp-block-gallery-is-layout-flex\">\n<figure class=\"wp-block-image size-full\"><img loading=\"lazy\" decoding=\"async\" width=\"487\" height=\"487\" data-id=\"28273\" src=\"https:\/\/www.streetchildrenofkinshasa.org\/wp-content\/uploads\/2022\/06\/10a-portail-fete.jpg\" alt=\"\" class=\"wp-image-28273\" srcset=\"https:\/\/www.streetchildrenofkinshasa.org\/wp-content\/uploads\/2022\/06\/10a-portail-fete.jpg 487w, https:\/\/www.streetchildrenofkinshasa.org\/wp-content\/uploads\/2022\/06\/10a-portail-fete-300x300.jpg 300w, https:\/\/www.streetchildrenofkinshasa.org\/wp-content\/uploads\/2022\/06\/10a-portail-fete-150x150.jpg 150w\" sizes=\"auto, (max-width: 487px) 100vw, 487px\" \/><\/figure>\n<\/figure>\n<\/div>\n\n\n\n<div class=\"wp-block-column is-vertically-aligned-center is-layout-flow wp-block-column-is-layout-flow\">\n<h4 class=\"wp-block-heading\"><strong>Histoire du centre B\u00e9thanie.<\/strong><\/h4>\n\n\n\n<p class=\"has-small-font-size\" style=\"line-height:1.7\">En 2004, l\u2019accompagnement des enfants de la rue \u00e9tait focalis\u00e9 sur le suivi de gar\u00e7ons et non des filles. Cependant, dans leurs rencontres dans la rue, les \u00e9ducateurs faisaient aussi connaissance de filles. Mais comment les prot\u00e9ger contre les abus de la rue et les r\u00e9adapter avant leur r\u00e9unification ? Comment travailler avec ces filles de la rue sans avoir une maison d\u2019accueil sp\u00e9cialis\u00e9e pour elles ? <\/p>\n\n\n\n<p class=\"has-small-font-size\" style=\"line-height:1.7\">En 2011, la Providence nous y a aid\u00e9s par l\u2019interm\u00e9diaire d\u2019un fr\u00e8re du Chemin Neuf, qui a baptis\u00e9 ce Centre du nom de B\u00e9thanie, c\u2019est-\u00e0-dire <em>un lieu d\u2019esp\u00e9rance<\/em>. Le centre \u00e9tait cr\u00e9\u00e9.<\/p>\n<\/div>\n<\/div>\n\n\n\n<div class=\"wp-block-columns are-vertically-aligned-center is-style-default is-layout-flex wp-container-core-columns-is-layout-9d6595d7 wp-block-columns-is-layout-flex\">\n<div class=\"wp-block-column is-vertically-aligned-center is-layout-flow wp-block-column-is-layout-flow\">\n<h4 class=\"wp-block-heading\"><strong>T\u00e9moignages<\/strong><\/h4>\n\n\n\n<p class=\"has-small-font-size\" style=\"line-height:1.7\"><strong>Pauline <\/strong>a aujourd\u2019hui 20&nbsp;ans. Suite au d\u00e9c\u00e8s de ses parents, elle s\u2019est retrouv\u00e9e dans la rue. Le centre NYB a pris soin d\u2019elle et elle a suivi une formation en coupe et couture. Elle est ensuite pass\u00e9e \u00e0 l\u2019incubateur quelques mois, et est aujourd\u2019hui une bonne couturi\u00e8re, heureuse de son travail dans son petit atelier.<\/p>\n\n\n\n<p class=\"has-small-font-size\" style=\"line-height:1.7\"><strong>Destin\u00e9e <\/strong>a 12&nbsp;ans. Apr\u00e8s la mort de leurs parents, une tante d\u00e9cida de la prendre en charge avec ses deux s\u0153urs \u00e0 Kinshasa. Malheureusement, elle les accusa ensuite d\u2019\u00eatre des sorci\u00e8res qui avaient \u00ab\u2009mang\u00e9 leurs parents\u2009\u00bb et les chassa de sa maison. Elles se retrouv\u00e8rent dans la rue sans soutien. Une de nos \u00e9ducatrices les amena au centre o\u00f9 fut assur\u00e9e leur prise en charge. La r\u00e9insertion familiale chez la tante n\u2019a pas \u00e9t\u00e9 possible et elles ont \u00e9t\u00e9 plac\u00e9es dans deux familles d\u2019accueil o\u00f9 elles poursuivent leurs \u00e9tudes. Le centre continue \u00e0 les prendre en charge. Aujourd\u2019hui, elles sont heureuses de vivre, mais elles souffrent de toujours de l\u2019absence de r\u00e9conciliation familiale.<\/p>\n<\/div>\n\n\n\n<div class=\"wp-block-column is-vertically-aligned-center is-layout-flow wp-block-column-is-layout-flow\">\n<div class=\"wp-block-group\"><div class=\"wp-block-group__inner-container is-layout-flow wp-block-group-is-layout-flow\">\n<figure class=\"wp-block-gallery has-nested-images columns-2 wp-block-gallery-4 is-layout-flex wp-block-gallery-is-layout-flex\">\n<figure class=\"wp-block-image size-full\"><img loading=\"lazy\" decoding=\"async\" width=\"700\" height=\"700\" data-id=\"28284\" src=\"https:\/\/www.streetchildrenofkinshasa.org\/wp-content\/uploads\/2022\/06\/10a-enfants.jpg\" alt=\"\" class=\"wp-image-28284\" srcset=\"https:\/\/www.streetchildrenofkinshasa.org\/wp-content\/uploads\/2022\/06\/10a-enfants.jpg 700w, https:\/\/www.streetchildrenofkinshasa.org\/wp-content\/uploads\/2022\/06\/10a-enfants-300x300.jpg 300w, https:\/\/www.streetchildrenofkinshasa.org\/wp-content\/uploads\/2022\/06\/10a-enfants-150x150.jpg 150w\" sizes=\"auto, (max-width: 700px) 100vw, 700px\" \/><\/figure>\n\n\n\n<figure class=\"wp-block-image size-full\"><img loading=\"lazy\" decoding=\"async\" width=\"420\" height=\"420\" data-id=\"28296\" src=\"https:\/\/www.streetchildrenofkinshasa.org\/wp-content\/uploads\/2022\/06\/10a-enfants-danses.jpg\" alt=\"\" class=\"wp-image-28296\" srcset=\"https:\/\/www.streetchildrenofkinshasa.org\/wp-content\/uploads\/2022\/06\/10a-enfants-danses.jpg 420w, https:\/\/www.streetchildrenofkinshasa.org\/wp-content\/uploads\/2022\/06\/10a-enfants-danses-300x300.jpg 300w, https:\/\/www.streetchildrenofkinshasa.org\/wp-content\/uploads\/2022\/06\/10a-enfants-danses-150x150.jpg 150w\" sizes=\"auto, (max-width: 420px) 100vw, 420px\" \/><\/figure>\n\n\n\n<figure class=\"wp-block-image size-full\"><img loading=\"lazy\" decoding=\"async\" width=\"393\" height=\"393\" data-id=\"28293\" src=\"https:\/\/www.streetchildrenofkinshasa.org\/wp-content\/uploads\/2022\/06\/10a-enfants-repas.jpg\" alt=\"\" class=\"wp-image-28293\" srcset=\"https:\/\/www.streetchildrenofkinshasa.org\/wp-content\/uploads\/2022\/06\/10a-enfants-repas.jpg 393w, https:\/\/www.streetchildrenofkinshasa.org\/wp-content\/uploads\/2022\/06\/10a-enfants-repas-300x300.jpg 300w, https:\/\/www.streetchildrenofkinshasa.org\/wp-content\/uploads\/2022\/06\/10a-enfants-repas-150x150.jpg 150w\" sizes=\"auto, (max-width: 393px) 100vw, 393px\" \/><\/figure>\n<\/figure>\n<\/div><\/div>\n<\/div>\n<\/div>\n\n\n\n<p class=\"has-small-font-size\" style=\"line-height:1.7\"><strong>Le troisi\u00e8me t\u00e9moignage nous fait chaud au c\u0153ur.<\/strong> C\u2019est celui de Th\u00e9r\u00e8se qui a v\u00e9cu dans la rue, puis a \u00e9t\u00e9 accueillie dans notre centre. Elle a pu \u00eatre r\u00e9unifi\u00e9e en famille et nous avons subsidi\u00e9 sa scolarit\u00e9 pour lui permettre d&rsquo;achever ses \u00e9tudes secondaires. Lorsque Th\u00e9r\u00e8se a termin\u00e9 ses \u00e9tudes et obtenu son dipl\u00f4me d\u2019\u00e9tat, elle est venue nous voir pour nous demander&nbsp;: \u00ab\u2009<em>Vous m\u2019avez aid\u00e9e. Est-ce que maintenant je peux aussi devenir une \u00e9ducatrice et aider les autres filles de la rue \u00e0 quitter la rue&nbsp;?<\/em>\u2009\u00bb Ce souhait nous a r\u00e9jouis et nous lui avons trouv\u00e9 une bourse. Pendant trois ans, elle a suivi les \u00e9tudes de travailleur social dans un institut sup\u00e9rieur sp\u00e9cialis\u00e9. Elle a termin\u00e9 son graduat il y a quelques mois et elle poursuit aujourd\u2019hui un stage professionnel dans notre centre.<\/p>\n\n\n\n<figure class=\"wp-block-gallery has-nested-images columns-4 is-cropped wp-block-gallery-5 is-layout-flex wp-block-gallery-is-layout-flex\">\n<figure class=\"wp-block-image size-full\"><img loading=\"lazy\" decoding=\"async\" width=\"395\" height=\"395\" data-id=\"28287\" src=\"https:\/\/www.streetchildrenofkinshasa.org\/wp-content\/uploads\/2022\/06\/10a-decoupe-du-gateau.jpg\" alt=\"\" class=\"wp-image-28287\" srcset=\"https:\/\/www.streetchildrenofkinshasa.org\/wp-content\/uploads\/2022\/06\/10a-decoupe-du-gateau.jpg 395w, https:\/\/www.streetchildrenofkinshasa.org\/wp-content\/uploads\/2022\/06\/10a-decoupe-du-gateau-300x300.jpg 300w, https:\/\/www.streetchildrenofkinshasa.org\/wp-content\/uploads\/2022\/06\/10a-decoupe-du-gateau-150x150.jpg 150w\" sizes=\"auto, (max-width: 395px) 100vw, 395px\" \/><\/figure>\n\n\n\n<figure class=\"wp-block-image size-full\"><img loading=\"lazy\" decoding=\"async\" width=\"571\" height=\"571\" data-id=\"28281\" src=\"https:\/\/www.streetchildrenofkinshasa.org\/wp-content\/uploads\/2022\/06\/10a-discours.jpg\" alt=\"\" class=\"wp-image-28281\" srcset=\"https:\/\/www.streetchildrenofkinshasa.org\/wp-content\/uploads\/2022\/06\/10a-discours.jpg 571w, https:\/\/www.streetchildrenofkinshasa.org\/wp-content\/uploads\/2022\/06\/10a-discours-300x300.jpg 300w, https:\/\/www.streetchildrenofkinshasa.org\/wp-content\/uploads\/2022\/06\/10a-discours-150x150.jpg 150w\" sizes=\"auto, (max-width: 571px) 100vw, 571px\" \/><\/figure>\n\n\n\n<figure class=\"wp-block-image size-full\"><img loading=\"lazy\" decoding=\"async\" width=\"413\" height=\"413\" data-id=\"28278\" src=\"https:\/\/www.streetchildrenofkinshasa.org\/wp-content\/uploads\/2022\/06\/10a-mamans2.jpg\" alt=\"\" class=\"wp-image-28278\" srcset=\"https:\/\/www.streetchildrenofkinshasa.org\/wp-content\/uploads\/2022\/06\/10a-mamans2.jpg 413w, https:\/\/www.streetchildrenofkinshasa.org\/wp-content\/uploads\/2022\/06\/10a-mamans2-300x300.jpg 300w, https:\/\/www.streetchildrenofkinshasa.org\/wp-content\/uploads\/2022\/06\/10a-mamans2-150x150.jpg 150w\" sizes=\"auto, (max-width: 413px) 100vw, 413px\" \/><\/figure>\n\n\n\n<figure class=\"wp-block-image size-full is-style-default\"><img loading=\"lazy\" decoding=\"async\" width=\"709\" height=\"709\" data-id=\"28299\" src=\"https:\/\/www.streetchildrenofkinshasa.org\/wp-content\/uploads\/2022\/06\/10a-discours-JP.jpg\" alt=\"\" class=\"wp-image-28299\" srcset=\"https:\/\/www.streetchildrenofkinshasa.org\/wp-content\/uploads\/2022\/06\/10a-discours-JP.jpg 709w, https:\/\/www.streetchildrenofkinshasa.org\/wp-content\/uploads\/2022\/06\/10a-discours-JP-300x300.jpg 300w, https:\/\/www.streetchildrenofkinshasa.org\/wp-content\/uploads\/2022\/06\/10a-discours-JP-150x150.jpg 150w\" sizes=\"auto, (max-width: 709px) 100vw, 709px\" \/><\/figure>\n<\/figure>\n","protected":false},"excerpt":{"rendered":"<p>Ce 2\u00a0avril 2022, nous c\u00e9l\u00e9brons une grande f\u00eate\u00a0: les dix ans d\u2019existence de ce centre d\u2019accueil et d\u2019h\u00e9bergement. Nous f\u00eatons en m\u00eame temps la milli\u00e8me fille de la rue r\u00e9unifi\u00e9e !<\/p>\n","protected":false},"author":11,"featured_media":28266,"comment_status":"open","ping_status":"open","sticky":false,"template":"","format":"standard","meta":{"_acf_changed":false,"footnotes":""},"categories":[1],"tags":[],"class_list":["post-28657","post","type-post","status-publish","format-standard","has-post-thumbnail","hentry","category-coup-doeil-sur-lactualite"],"acf":[],"yoast_head":"<!-- This site is optimized with the Yoast SEO plugin v27.5 - https:\/\/yoast.com\/product\/yoast-seo-wordpress\/ -->\n<title>Les 10 ans du Centre des filles - Ndako Ya Biso - Enfants de Kinshasa<\/title>\n<meta name=\"description\" content=\"Ce 2\u00a0avril 2022, nous c\u00e9l\u00e9brons une grande f\u00eate\u00a0: les dix ans d\u2019existence de ce centre d\u2019accueil et d\u2019h\u00e9bergement. Nous f\u00eatons en m\u00eame temps la milli\u00e8me fille de la rue r\u00e9unifi\u00e9e !\" \/>\n<meta name=\"robots\" content=\"index, follow, max-snippet:-1, max-image-preview:large, max-video-preview:-1\" \/>\n<link rel=\"canonical\" href=\"https:\/\/www.streetchildrenofkinshasa.org\/fr\/les-10-ans-du-centre-des-filles\/\" \/>\n<meta property=\"og:locale\" content=\"fr_FR\" \/>\n<meta property=\"og:type\" content=\"article\" \/>\n<meta property=\"og:title\" content=\"Les 10 ans du Centre des filles - Ndako Ya Biso - Enfants de Kinshasa\" \/>\n<meta property=\"og:description\" content=\"Ce 2\u00a0avril 2022, nous c\u00e9l\u00e9brons une grande f\u00eate\u00a0: les dix ans d\u2019existence de ce centre d\u2019accueil et d\u2019h\u00e9bergement. Nous f\u00eatons en m\u00eame temps la milli\u00e8me fille de la rue r\u00e9unifi\u00e9e !\" \/>\n<meta property=\"og:url\" content=\"https:\/\/www.streetchildrenofkinshasa.org\/fr\/les-10-ans-du-centre-des-filles\/\" \/>\n<meta property=\"og:site_name\" content=\"Ndako Ya Biso - Enfants de Kinshasa\" \/>\n<meta property=\"article:publisher\" content=\"https:\/\/www.facebook.com\/enfantsdelaruedekinshasa\/\" \/>\n<meta property=\"article:published_time\" content=\"2022-06-23T16:17:45+00:00\" \/>\n<meta property=\"article:modified_time\" content=\"2022-07-04T13:30:03+00:00\" \/>\n<meta property=\"og:image\" content=\"https:\/\/www.streetchildrenofkinshasa.org\/wp-content\/uploads\/2022\/06\/10a-tableau-et-enfants-carre.jpg\" \/>\n\t<meta property=\"og:image:width\" content=\"800\" \/>\n\t<meta property=\"og:image:height\" content=\"800\" \/>\n\t<meta property=\"og:image:type\" content=\"image\/jpeg\" \/>\n<meta name=\"author\" content=\"Dominique Magnette\" \/>\n<meta name=\"twitter:card\" content=\"summary_large_image\" \/>\n<meta name=\"twitter:label1\" content=\"\u00c9crit par\" \/>\n\t<meta name=\"twitter:data1\" content=\"Dominique Magnette\" \/>\n\t<meta name=\"twitter:label2\" content=\"Dur\u00e9e de lecture est.\" \/>\n\t<meta name=\"twitter:data2\" content=\"5 minutes\" \/>\n<script type=\"application\/ld+json\" class=\"yoast-schema-graph\">{\"@context\":\"https:\\\/\\\/schema.org\",\"@graph\":[{\"@type\":\"Article\",\"@id\":\"https:\\\/\\\/www.streetchildrenofkinshasa.org\\\/fr\\\/les-10-ans-du-centre-des-filles\\\/#article\",\"isPartOf\":{\"@id\":\"https:\\\/\\\/www.streetchildrenofkinshasa.org\\\/fr\\\/les-10-ans-du-centre-des-filles\\\/\"},\"author\":{\"name\":\"Dominique Magnette\",\"@id\":\"https:\\\/\\\/www.streetchildrenofkinshasa.org\\\/fr\\\/#\\\/schema\\\/person\\\/609205003211bec1a96f666719b12d03\"},\"headline\":\"Les 10 ans du Centre des filles\",\"datePublished\":\"2022-06-23T16:17:45+00:00\",\"dateModified\":\"2022-07-04T13:30:03+00:00\",\"mainEntityOfPage\":{\"@id\":\"https:\\\/\\\/www.streetchildrenofkinshasa.org\\\/fr\\\/les-10-ans-du-centre-des-filles\\\/\"},\"wordCount\":640,\"commentCount\":0,\"publisher\":{\"@id\":\"https:\\\/\\\/www.streetchildrenofkinshasa.org\\\/fr\\\/#organization\"},\"image\":{\"@id\":\"https:\\\/\\\/www.streetchildrenofkinshasa.org\\\/fr\\\/les-10-ans-du-centre-des-filles\\\/#primaryimage\"},\"thumbnailUrl\":\"https:\\\/\\\/www.streetchildrenofkinshasa.org\\\/wp-content\\\/uploads\\\/2022\\\/06\\\/10a-tableau-et-enfants-carre.jpg\",\"articleSection\":[\"Coup d'\u0153il sur l'actualit\u00e9\"],\"inLanguage\":\"fr-BE\",\"potentialAction\":[{\"@type\":\"CommentAction\",\"name\":\"Comment\",\"target\":[\"https:\\\/\\\/www.streetchildrenofkinshasa.org\\\/fr\\\/les-10-ans-du-centre-des-filles\\\/#respond\"]}]},{\"@type\":\"WebPage\",\"@id\":\"https:\\\/\\\/www.streetchildrenofkinshasa.org\\\/fr\\\/les-10-ans-du-centre-des-filles\\\/\",\"url\":\"https:\\\/\\\/www.streetchildrenofkinshasa.org\\\/fr\\\/les-10-ans-du-centre-des-filles\\\/\",\"name\":\"Les 10 ans du Centre des filles - Ndako Ya Biso - Enfants de Kinshasa\",\"isPartOf\":{\"@id\":\"https:\\\/\\\/www.streetchildrenofkinshasa.org\\\/fr\\\/#website\"},\"primaryImageOfPage\":{\"@id\":\"https:\\\/\\\/www.streetchildrenofkinshasa.org\\\/fr\\\/les-10-ans-du-centre-des-filles\\\/#primaryimage\"},\"image\":{\"@id\":\"https:\\\/\\\/www.streetchildrenofkinshasa.org\\\/fr\\\/les-10-ans-du-centre-des-filles\\\/#primaryimage\"},\"thumbnailUrl\":\"https:\\\/\\\/www.streetchildrenofkinshasa.org\\\/wp-content\\\/uploads\\\/2022\\\/06\\\/10a-tableau-et-enfants-carre.jpg\",\"datePublished\":\"2022-06-23T16:17:45+00:00\",\"dateModified\":\"2022-07-04T13:30:03+00:00\",\"description\":\"Ce 2\u00a0avril 2022, nous c\u00e9l\u00e9brons une grande f\u00eate\u00a0: les dix ans d\u2019existence de ce centre d\u2019accueil et d\u2019h\u00e9bergement. Nous f\u00eatons en m\u00eame temps la milli\u00e8me fille de la rue r\u00e9unifi\u00e9e !\",\"breadcrumb\":{\"@id\":\"https:\\\/\\\/www.streetchildrenofkinshasa.org\\\/fr\\\/les-10-ans-du-centre-des-filles\\\/#breadcrumb\"},\"inLanguage\":\"fr-BE\",\"potentialAction\":[{\"@type\":\"ReadAction\",\"target\":[\"https:\\\/\\\/www.streetchildrenofkinshasa.org\\\/fr\\\/les-10-ans-du-centre-des-filles\\\/\"]}]},{\"@type\":\"ImageObject\",\"inLanguage\":\"fr-BE\",\"@id\":\"https:\\\/\\\/www.streetchildrenofkinshasa.org\\\/fr\\\/les-10-ans-du-centre-des-filles\\\/#primaryimage\",\"url\":\"https:\\\/\\\/www.streetchildrenofkinshasa.org\\\/wp-content\\\/uploads\\\/2022\\\/06\\\/10a-tableau-et-enfants-carre.jpg\",\"contentUrl\":\"https:\\\/\\\/www.streetchildrenofkinshasa.org\\\/wp-content\\\/uploads\\\/2022\\\/06\\\/10a-tableau-et-enfants-carre.jpg\",\"width\":800,\"height\":800},{\"@type\":\"BreadcrumbList\",\"@id\":\"https:\\\/\\\/www.streetchildrenofkinshasa.org\\\/fr\\\/les-10-ans-du-centre-des-filles\\\/#breadcrumb\",\"itemListElement\":[{\"@type\":\"ListItem\",\"position\":1,\"name\":\"Home\",\"item\":\"https:\\\/\\\/www.streetchildrenofkinshasa.org\\\/fr\\\/\"},{\"@type\":\"ListItem\",\"position\":2,\"name\":\"Les 10 ans du Centre des filles\"}]},{\"@type\":\"WebSite\",\"@id\":\"https:\\\/\\\/www.streetchildrenofkinshasa.org\\\/fr\\\/#website\",\"url\":\"https:\\\/\\\/www.streetchildrenofkinshasa.org\\\/fr\\\/\",\"name\":\"Ndako Ya Biso - Enfants de Kinshasa\",\"description\":\"Donnons aux enfants des rues de Kinshasa un espoir et un avenir.\",\"publisher\":{\"@id\":\"https:\\\/\\\/www.streetchildrenofkinshasa.org\\\/fr\\\/#organization\"},\"potentialAction\":[{\"@type\":\"SearchAction\",\"target\":{\"@type\":\"EntryPoint\",\"urlTemplate\":\"https:\\\/\\\/www.streetchildrenofkinshasa.org\\\/fr\\\/?s={search_term_string}\"},\"query-input\":{\"@type\":\"PropertyValueSpecification\",\"valueRequired\":true,\"valueName\":\"search_term_string\"}}],\"inLanguage\":\"fr-BE\"},{\"@type\":\"Organization\",\"@id\":\"https:\\\/\\\/www.streetchildrenofkinshasa.org\\\/fr\\\/#organization\",\"name\":\"Communaut\u00e9 du Chemin Neuf\",\"url\":\"https:\\\/\\\/www.streetchildrenofkinshasa.org\\\/fr\\\/\",\"logo\":{\"@type\":\"ImageObject\",\"inLanguage\":\"fr-BE\",\"@id\":\"https:\\\/\\\/www.streetchildrenofkinshasa.org\\\/fr\\\/#\\\/schema\\\/logo\\\/image\\\/\",\"url\":\"https:\\\/\\\/www.streetchildrenofkinshasa.org\\\/wp-content\\\/uploads\\\/2022\\\/05\\\/logo-cte-couleur_evide.png\",\"contentUrl\":\"https:\\\/\\\/www.streetchildrenofkinshasa.org\\\/wp-content\\\/uploads\\\/2022\\\/05\\\/logo-cte-couleur_evide.png\",\"width\":1280,\"height\":736,\"caption\":\"Communaut\u00e9 du Chemin Neuf\"},\"image\":{\"@id\":\"https:\\\/\\\/www.streetchildrenofkinshasa.org\\\/fr\\\/#\\\/schema\\\/logo\\\/image\\\/\"},\"sameAs\":[\"https:\\\/\\\/www.facebook.com\\\/enfantsdelaruedekinshasa\\\/\",\"https:\\\/\\\/www.youtube.com\\\/channel\\\/UCIDv6Uc3gdp1RP_HrlK5VHw\"]},{\"@type\":\"Person\",\"@id\":\"https:\\\/\\\/www.streetchildrenofkinshasa.org\\\/fr\\\/#\\\/schema\\\/person\\\/609205003211bec1a96f666719b12d03\",\"name\":\"Dominique Magnette\",\"image\":{\"@type\":\"ImageObject\",\"inLanguage\":\"fr-BE\",\"@id\":\"https:\\\/\\\/secure.gravatar.com\\\/avatar\\\/9deac2a1f223165109943c223a975f5854d130ecc592f6e71bd451b00b0a269c?s=96&d=mm&r=g\",\"url\":\"https:\\\/\\\/secure.gravatar.com\\\/avatar\\\/9deac2a1f223165109943c223a975f5854d130ecc592f6e71bd451b00b0a269c?s=96&d=mm&r=g\",\"contentUrl\":\"https:\\\/\\\/secure.gravatar.com\\\/avatar\\\/9deac2a1f223165109943c223a975f5854d130ecc592f6e71bd451b00b0a269c?s=96&d=mm&r=g\",\"caption\":\"Dominique Magnette\"}}]}<\/script>\n<!-- \/ Yoast SEO plugin. -->","yoast_head_json":{"title":"Les 10 ans du Centre des filles - Ndako Ya Biso - Enfants de Kinshasa","description":"Ce 2\u00a0avril 2022, nous c\u00e9l\u00e9brons une grande f\u00eate\u00a0: les dix ans d\u2019existence de ce centre d\u2019accueil et d\u2019h\u00e9bergement. Nous f\u00eatons en m\u00eame temps la milli\u00e8me fille de la rue r\u00e9unifi\u00e9e !","robots":{"index":"index","follow":"follow","max-snippet":"max-snippet:-1","max-image-preview":"max-image-preview:large","max-video-preview":"max-video-preview:-1"},"canonical":"https:\/\/www.streetchildrenofkinshasa.org\/fr\/les-10-ans-du-centre-des-filles\/","og_locale":"fr_FR","og_type":"article","og_title":"Les 10 ans du Centre des filles - Ndako Ya Biso - Enfants de Kinshasa","og_description":"Ce 2\u00a0avril 2022, nous c\u00e9l\u00e9brons une grande f\u00eate\u00a0: les dix ans d\u2019existence de ce centre d\u2019accueil et d\u2019h\u00e9bergement. Nous f\u00eatons en m\u00eame temps la milli\u00e8me fille de la rue r\u00e9unifi\u00e9e !","og_url":"https:\/\/www.streetchildrenofkinshasa.org\/fr\/les-10-ans-du-centre-des-filles\/","og_site_name":"Ndako Ya Biso - Enfants de Kinshasa","article_publisher":"https:\/\/www.facebook.com\/enfantsdelaruedekinshasa\/","article_published_time":"2022-06-23T16:17:45+00:00","article_modified_time":"2022-07-04T13:30:03+00:00","og_image":[{"width":800,"height":800,"url":"https:\/\/www.streetchildrenofkinshasa.org\/wp-content\/uploads\/2022\/06\/10a-tableau-et-enfants-carre.jpg","type":"image\/jpeg"}],"author":"Dominique Magnette","twitter_card":"summary_large_image","twitter_misc":{"\u00c9crit par":"Dominique Magnette","Dur\u00e9e de lecture est.":"5 minutes"},"schema":{"@context":"https:\/\/schema.org","@graph":[{"@type":"Article","@id":"https:\/\/www.streetchildrenofkinshasa.org\/fr\/les-10-ans-du-centre-des-filles\/#article","isPartOf":{"@id":"https:\/\/www.streetchildrenofkinshasa.org\/fr\/les-10-ans-du-centre-des-filles\/"},"author":{"name":"Dominique Magnette","@id":"https:\/\/www.streetchildrenofkinshasa.org\/fr\/#\/schema\/person\/609205003211bec1a96f666719b12d03"},"headline":"Les 10 ans du Centre des filles","datePublished":"2022-06-23T16:17:45+00:00","dateModified":"2022-07-04T13:30:03+00:00","mainEntityOfPage":{"@id":"https:\/\/www.streetchildrenofkinshasa.org\/fr\/les-10-ans-du-centre-des-filles\/"},"wordCount":640,"commentCount":0,"publisher":{"@id":"https:\/\/www.streetchildrenofkinshasa.org\/fr\/#organization"},"image":{"@id":"https:\/\/www.streetchildrenofkinshasa.org\/fr\/les-10-ans-du-centre-des-filles\/#primaryimage"},"thumbnailUrl":"https:\/\/www.streetchildrenofkinshasa.org\/wp-content\/uploads\/2022\/06\/10a-tableau-et-enfants-carre.jpg","articleSection":["Coup d'\u0153il sur l'actualit\u00e9"],"inLanguage":"fr-BE","potentialAction":[{"@type":"CommentAction","name":"Comment","target":["https:\/\/www.streetchildrenofkinshasa.org\/fr\/les-10-ans-du-centre-des-filles\/#respond"]}]},{"@type":"WebPage","@id":"https:\/\/www.streetchildrenofkinshasa.org\/fr\/les-10-ans-du-centre-des-filles\/","url":"https:\/\/www.streetchildrenofkinshasa.org\/fr\/les-10-ans-du-centre-des-filles\/","name":"Les 10 ans du Centre des filles - Ndako Ya Biso - Enfants de Kinshasa","isPartOf":{"@id":"https:\/\/www.streetchildrenofkinshasa.org\/fr\/#website"},"primaryImageOfPage":{"@id":"https:\/\/www.streetchildrenofkinshasa.org\/fr\/les-10-ans-du-centre-des-filles\/#primaryimage"},"image":{"@id":"https:\/\/www.streetchildrenofkinshasa.org\/fr\/les-10-ans-du-centre-des-filles\/#primaryimage"},"thumbnailUrl":"https:\/\/www.streetchildrenofkinshasa.org\/wp-content\/uploads\/2022\/06\/10a-tableau-et-enfants-carre.jpg","datePublished":"2022-06-23T16:17:45+00:00","dateModified":"2022-07-04T13:30:03+00:00","description":"Ce 2\u00a0avril 2022, nous c\u00e9l\u00e9brons une grande f\u00eate\u00a0: les dix ans d\u2019existence de ce centre d\u2019accueil et d\u2019h\u00e9bergement. Nous f\u00eatons en m\u00eame temps la milli\u00e8me fille de la rue r\u00e9unifi\u00e9e !","breadcrumb":{"@id":"https:\/\/www.streetchildrenofkinshasa.org\/fr\/les-10-ans-du-centre-des-filles\/#breadcrumb"},"inLanguage":"fr-BE","potentialAction":[{"@type":"ReadAction","target":["https:\/\/www.streetchildrenofkinshasa.org\/fr\/les-10-ans-du-centre-des-filles\/"]}]},{"@type":"ImageObject","inLanguage":"fr-BE","@id":"https:\/\/www.streetchildrenofkinshasa.org\/fr\/les-10-ans-du-centre-des-filles\/#primaryimage","url":"https:\/\/www.streetchildrenofkinshasa.org\/wp-content\/uploads\/2022\/06\/10a-tableau-et-enfants-carre.jpg","contentUrl":"https:\/\/www.streetchildrenofkinshasa.org\/wp-content\/uploads\/2022\/06\/10a-tableau-et-enfants-carre.jpg","width":800,"height":800},{"@type":"BreadcrumbList","@id":"https:\/\/www.streetchildrenofkinshasa.org\/fr\/les-10-ans-du-centre-des-filles\/#breadcrumb","itemListElement":[{"@type":"ListItem","position":1,"name":"Home","item":"https:\/\/www.streetchildrenofkinshasa.org\/fr\/"},{"@type":"ListItem","position":2,"name":"Les 10 ans du Centre des filles"}]},{"@type":"WebSite","@id":"https:\/\/www.streetchildrenofkinshasa.org\/fr\/#website","url":"https:\/\/www.streetchildrenofkinshasa.org\/fr\/","name":"Ndako Ya Biso - Enfants de Kinshasa","description":"Donnons aux enfants des rues de Kinshasa un espoir et un avenir.","publisher":{"@id":"https:\/\/www.streetchildrenofkinshasa.org\/fr\/#organization"},"potentialAction":[{"@type":"SearchAction","target":{"@type":"EntryPoint","urlTemplate":"https:\/\/www.streetchildrenofkinshasa.org\/fr\/?s={search_term_string}"},"query-input":{"@type":"PropertyValueSpecification","valueRequired":true,"valueName":"search_term_string"}}],"inLanguage":"fr-BE"},{"@type":"Organization","@id":"https:\/\/www.streetchildrenofkinshasa.org\/fr\/#organization","name":"Communaut\u00e9 du Chemin Neuf","url":"https:\/\/www.streetchildrenofkinshasa.org\/fr\/","logo":{"@type":"ImageObject","inLanguage":"fr-BE","@id":"https:\/\/www.streetchildrenofkinshasa.org\/fr\/#\/schema\/logo\/image\/","url":"https:\/\/www.streetchildrenofkinshasa.org\/wp-content\/uploads\/2022\/05\/logo-cte-couleur_evide.png","contentUrl":"https:\/\/www.streetchildrenofkinshasa.org\/wp-content\/uploads\/2022\/05\/logo-cte-couleur_evide.png","width":1280,"height":736,"caption":"Communaut\u00e9 du Chemin Neuf"},"image":{"@id":"https:\/\/www.streetchildrenofkinshasa.org\/fr\/#\/schema\/logo\/image\/"},"sameAs":["https:\/\/www.facebook.com\/enfantsdelaruedekinshasa\/","https:\/\/www.youtube.com\/channel\/UCIDv6Uc3gdp1RP_HrlK5VHw"]},{"@type":"Person","@id":"https:\/\/www.streetchildrenofkinshasa.org\/fr\/#\/schema\/person\/609205003211bec1a96f666719b12d03","name":"Dominique Magnette","image":{"@type":"ImageObject","inLanguage":"fr-BE","@id":"https:\/\/secure.gravatar.com\/avatar\/9deac2a1f223165109943c223a975f5854d130ecc592f6e71bd451b00b0a269c?s=96&d=mm&r=g","url":"https:\/\/secure.gravatar.com\/avatar\/9deac2a1f223165109943c223a975f5854d130ecc592f6e71bd451b00b0a269c?s=96&d=mm&r=g","contentUrl":"https:\/\/secure.gravatar.com\/avatar\/9deac2a1f223165109943c223a975f5854d130ecc592f6e71bd451b00b0a269c?s=96&d=mm&r=g","caption":"Dominique Magnette"}}]}},"_links":{"self":[{"href":"https:\/\/www.streetchildrenofkinshasa.org\/fr\/wp-json\/wp\/v2\/posts\/28657","targetHints":{"allow":["GET"]}}],"collection":[{"href":"https:\/\/www.streetchildrenofkinshasa.org\/fr\/wp-json\/wp\/v2\/posts"}],"about":[{"href":"https:\/\/www.streetchildrenofkinshasa.org\/fr\/wp-json\/wp\/v2\/types\/post"}],"author":[{"embeddable":true,"href":"https:\/\/www.streetchildrenofkinshasa.org\/fr\/wp-json\/wp\/v2\/users\/11"}],"replies":[{"embeddable":true,"href":"https:\/\/www.streetchildrenofkinshasa.org\/fr\/wp-json\/wp\/v2\/comments?post=28657"}],"version-history":[{"count":4,"href":"https:\/\/www.streetchildrenofkinshasa.org\/fr\/wp-json\/wp\/v2\/posts\/28657\/revisions"}],"predecessor-version":[{"id":30534,"href":"https:\/\/www.streetchildrenofkinshasa.org\/fr\/wp-json\/wp\/v2\/posts\/28657\/revisions\/30534"}],"wp:featuredmedia":[{"embeddable":true,"href":"https:\/\/www.streetchildrenofkinshasa.org\/fr\/wp-json\/wp\/v2\/media\/28266"}],"wp:attachment":[{"href":"https:\/\/www.streetchildrenofkinshasa.org\/fr\/wp-json\/wp\/v2\/media?parent=28657"}],"wp:term":[{"taxonomy":"category","embeddable":true,"href":"https:\/\/www.streetchildrenofkinshasa.org\/fr\/wp-json\/wp\/v2\/categories?post=28657"},{"taxonomy":"post_tag","embeddable":true,"href":"https:\/\/www.streetchildrenofkinshasa.org\/fr\/wp-json\/wp\/v2\/tags?post=28657"}],"curies":[{"name":"wp","href":"https:\/\/api.w.org\/{rel}","templated":true}]}}