{"id":28631,"date":"2022-06-23T17:37:38","date_gmt":"2022-06-23T15:37:38","guid":{"rendered":"https:\/\/www.streetchildrenofkinshasa.org\/?p=28631"},"modified":"2022-06-24T14:56:09","modified_gmt":"2022-06-24T12:56:09","slug":"la-maisonde-linsertion-professionnelle","status":"publish","type":"post","link":"https:\/\/www.streetchildrenofkinshasa.org\/fr\/la-maisonde-linsertion-professionnelle\/","title":{"rendered":"La maison<Br>de l&rsquo;insertion professionnelle"},"content":{"rendered":"\n<div class=\"wp-block-columns is-layout-flex wp-container-core-columns-is-layout-9d6595d7 wp-block-columns-is-layout-flex\">\n<div class=\"wp-block-column is-vertically-aligned-center is-layout-flow wp-block-column-is-layout-flow\" style=\"flex-basis:100%\">\n<div class=\"wp-block-columns is-layout-flex wp-container-core-columns-is-layout-9d6595d7 wp-block-columns-is-layout-flex\">\n<div class=\"wp-block-column is-layout-flow wp-block-column-is-layout-flow\">\n<figure class=\"wp-block-image size-full is-style-default\"><img loading=\"lazy\" decoding=\"async\" width=\"896\" height=\"504\" src=\"https:\/\/www.streetchildrenofkinshasa.org\/wp-content\/uploads\/2022\/06\/Ndako-Ya-Elikia-1-1.jpg\" alt=\"\" class=\"wp-image-28358\" srcset=\"https:\/\/www.streetchildrenofkinshasa.org\/wp-content\/uploads\/2022\/06\/Ndako-Ya-Elikia-1-1.jpg 896w, https:\/\/www.streetchildrenofkinshasa.org\/wp-content\/uploads\/2022\/06\/Ndako-Ya-Elikia-1-1-300x169.jpg 300w, https:\/\/www.streetchildrenofkinshasa.org\/wp-content\/uploads\/2022\/06\/Ndako-Ya-Elikia-1-1-768x432.jpg 768w\" sizes=\"auto, (max-width: 896px) 100vw, 896px\" \/><\/figure>\n<\/div>\n\n\n\n<div class=\"wp-block-column is-vertically-aligned-center is-layout-flow wp-block-column-is-layout-flow\">\n<p class=\"has-small-font-size\" style=\"line-height:1.7\"><strong>Dans les ann\u00e9es pass\u00e9es<\/strong>, les parents et les jeunes ne voulaient pas d\u2019une formation professionnelle, consid\u00e9r\u00e9e comme r\u00e9serv\u00e9e aux jeunes sans potentialit\u00e9s. Tous voulaient un dipl\u00f4me d\u2019\u00e9tat. Cependant, la plupart constatent que le dipl\u00f4me d\u2019\u00e9tat aujourd\u2019hui ne conduit pas \u00e0 un emploi, mais au ch\u00f4mage, tandis qu\u2019un jeune ma\u00eetrisant un m\u00e9tier peut plus facilement subvenir \u00e0 ses besoins.<\/p>\n<\/div>\n<\/div>\n<\/div>\n<\/div>\n\n\n\n<div class=\"wp-block-columns are-vertically-aligned-center is-style-default is-layout-flex wp-container-core-columns-is-layout-9d6595d7 wp-block-columns-is-layout-flex\">\n<div class=\"wp-block-column is-vertically-aligned-center is-layout-flow wp-block-column-is-layout-flow\">\n<h4 class=\"has-text-align-center has-small-font-size wp-block-heading\"><strong>Comment s&rsquo;articule notre travail de formation avec les grands jeunes de la rue ?<\/strong><\/h4>\n\n\n\n<p class=\"has-text-align-right has-small-font-size\" style=\"line-height:1.7\">Cliquez sur l&rsquo;image pour l&rsquo;afficher en plein \u00e9cran<\/p>\n<\/div>\n\n\n\n<div class=\"wp-block-column is-vertically-aligned-center is-layout-flow wp-block-column-is-layout-flow\">\n<figure class=\"wp-block-gallery has-nested-images columns-2 wp-block-gallery-1 is-layout-flex wp-block-gallery-is-layout-flex\">\n<figure class=\"wp-block-image size-large\"><a href=\"https:\/\/www.streetchildrenofkinshasa.org\/wp-content\/uploads\/2022\/06\/Diapo-Travail-formation-avec-les-grands-jeunes.jpg\" target=\"_blank\" rel=\"noopener\"><img loading=\"lazy\" decoding=\"async\" width=\"1024\" height=\"576\" data-id=\"28365\" src=\"https:\/\/www.streetchildrenofkinshasa.org\/wp-content\/uploads\/2022\/06\/Diapo-Travail-formation-avec-les-grands-jeunes-1024x576.jpg\" alt=\"\" class=\"wp-image-28365\" srcset=\"https:\/\/www.streetchildrenofkinshasa.org\/wp-content\/uploads\/2022\/06\/Diapo-Travail-formation-avec-les-grands-jeunes-1024x576.jpg 1024w, https:\/\/www.streetchildrenofkinshasa.org\/wp-content\/uploads\/2022\/06\/Diapo-Travail-formation-avec-les-grands-jeunes-300x169.jpg 300w, https:\/\/www.streetchildrenofkinshasa.org\/wp-content\/uploads\/2022\/06\/Diapo-Travail-formation-avec-les-grands-jeunes-768x432.jpg 768w, https:\/\/www.streetchildrenofkinshasa.org\/wp-content\/uploads\/2022\/06\/Diapo-Travail-formation-avec-les-grands-jeunes.jpg 1280w\" sizes=\"auto, (max-width: 1024px) 100vw, 1024px\" \/><\/a><figcaption>Cliquez pour agrandir<\/figcaption><\/figure>\n<\/figure>\n<\/div>\n<\/div>\n\n\n\n<div class=\"wp-block-columns are-vertically-aligned-center is-style-default is-layout-flex wp-container-core-columns-is-layout-9d6595d7 wp-block-columns-is-layout-flex\">\n<div class=\"wp-block-column is-vertically-aligned-center is-layout-flow wp-block-column-is-layout-flow\">\n<figure class=\"wp-block-gallery has-nested-images columns-2 wp-block-gallery-2 is-layout-flex wp-block-gallery-is-layout-flex\">\n<figure class=\"wp-block-image size-large\"><img loading=\"lazy\" decoding=\"async\" width=\"500\" height=\"501\" data-id=\"28404\" src=\"https:\/\/www.streetchildrenofkinshasa.org\/wp-content\/uploads\/2022\/06\/Soudure-edited.jpg\" alt=\"\" class=\"wp-image-28404\" srcset=\"https:\/\/www.streetchildrenofkinshasa.org\/wp-content\/uploads\/2022\/06\/Soudure-edited.jpg 500w, https:\/\/www.streetchildrenofkinshasa.org\/wp-content\/uploads\/2022\/06\/Soudure-edited-300x300.jpg 300w, https:\/\/www.streetchildrenofkinshasa.org\/wp-content\/uploads\/2022\/06\/Soudure-edited-150x150.jpg 150w\" sizes=\"auto, (max-width: 500px) 100vw, 500px\" \/><\/figure>\n<\/figure>\n<\/div>\n\n\n\n<div class=\"wp-block-column is-vertically-aligned-center is-layout-flow wp-block-column-is-layout-flow\">\n<h4 class=\"wp-block-heading\"><strong>Pourquoi  ce nouveau projet ? <\/strong><\/h4>\n\n\n\n<p class=\"has-small-font-size\" style=\"line-height:1.7\">Les jeunes ach\u00e8vent leur formation professionnelle, mais n&rsquo;obtiennent pas un emploi parce que les entreprises sont peu nombreuses et n\u2019engagent pas en raison de la mauvaise situation \u00e9conomique du pays.<\/p>\n\n\n\n<p class=\"has-small-font-size\" style=\"line-height:1.7\">La seule solution eux est de d\u00e9marrer leur propre petit atelier. Leur formation professionnelle ax\u00e9e uniquement sur la ma\u00eetrise de la technique ne les pr\u00e9pare pas \u00e0 cela.<\/p>\n\n\n\n<p class=\"has-small-font-size\" style=\"line-height:1.7\">Ainsi, nous avons ressenti la n\u00e9cessit\u00e9 aider les jeunes ayant achev\u00e9 leur formation professionnelle \u00e0 commencer leur propre atelier dans le secteur informel. C\u2019est ainsi que la Maison de l\u2019Insertion a \u00e9t\u00e9 construire et inaugur\u00e9e le 29&nbsp;janvier 2022.<\/p>\n<\/div>\n<\/div>\n\n\n\n<div class=\"wp-block-columns are-vertically-aligned-center is-style-default is-layout-flex wp-container-core-columns-is-layout-9d6595d7 wp-block-columns-is-layout-flex\">\n<div class=\"wp-block-column is-vertically-aligned-center is-layout-flow wp-block-column-is-layout-flow\">\n<h4 class=\"wp-block-heading\"><strong>Voici notre nouveau projet&nbsp;: la maison de l\u2019insertion&nbsp;professionnelle.<\/strong><\/h4>\n\n\n\n<p class=\"has-small-font-size\" style=\"line-height:1.7\">Au cours de leur formation professionnelle, nous rencontrons les jeunes en vue de d\u00e9finir leur projet individuel d\u2019insertion socioprofessionnelle&nbsp;: poursuivre des \u00e9tudes, trouver un emploi ou d\u00e9marrer leur atelier&#8230;<\/p>\n\n\n\n<p class=\"has-small-font-size\" style=\"line-height:1.7\"><strong><em>Pour les jeunes qui souhaitent d\u00e9marrer leur micro-entreprise, 8&nbsp;\u00e9tapes sont retenues&nbsp;:<\/em><\/strong><\/p>\n\n\n\n<p class=\"has-small-font-size\" style=\"line-height:1.7\">1. Une formation \u00e0 la gestion et \u00e0 l\u2019entrepreneuriat est organis\u00e9e au cours de leur formation professionnelle.<\/p>\n\n\n\n<p class=\"has-small-font-size\" style=\"line-height:1.7\">2. Des rencontres trimestrielles entre les jeunes pour leur permettent d\u2019\u00e9changer leurs id\u00e9es et leurs projets.<\/p>\n\n\n\n<p class=\"has-small-font-size\" style=\"line-height:1.7\">3. Apr\u00e8s une \u00e9valuation de la ma\u00eetrise de sa formation, un projet de micro-entreprise est d\u00e9fini avec chaque jeune.<\/p>\n\n\n\n<p class=\"has-small-font-size\" style=\"line-height:1.7\">4. Dans la mesure du possible, un kit d\u2019insertion (comprenant outillage et mati\u00e8res premi\u00e8res) est remis \u00e0 chaque jeune en fonction du m\u00e9tier choisi.<\/p>\n\n\n\n<p class=\"has-small-font-size\" style=\"line-height:1.7\">5. Le jeune est soutenu pour \u00eatre en ordre dans ses relations avec l\u2019\u00c9tat et ne pas \u00eatre poursuivi par des agents recherchant des taxes.<\/p>\n\n\n\n<p class=\"has-small-font-size\" style=\"line-height:1.7\">6. Il recherche son lieu d\u2019atelier et, le cas \u00e9ch\u00e9ant, nous lui octroyons une garantie locative en vue de donner un espace ad\u00e9quat \u00e0 son atelier.<\/p>\n\n\n\n<p class=\"has-small-font-size\" style=\"line-height:1.7\">7. Le jeune est appuy\u00e9, en cas de besoin, par un cr\u00e9dit en mati\u00e8res premi\u00e8res.<\/p>\n\n\n\n<p class=\"has-small-font-size\" style=\"line-height:1.7\">8. Il est suivi et encourag\u00e9 par des visites d\u2019\u00e9valuation r\u00e9guli\u00e8res.<\/p>\n<\/div>\n\n\n\n<div class=\"wp-block-column is-vertically-aligned-center is-layout-flow wp-block-column-is-layout-flow\">\n<figure class=\"wp-block-gallery has-nested-images columns-2 wp-block-gallery-3 is-layout-flex wp-block-gallery-is-layout-flex\">\n<figure class=\"wp-block-image size-large\"><img loading=\"lazy\" decoding=\"async\" width=\"576\" height=\"1024\" data-id=\"28374\" src=\"https:\/\/www.streetchildrenofkinshasa.org\/wp-content\/uploads\/2022\/06\/Rencontre-avec-JP-576x1024.jpg\" alt=\"\" class=\"wp-image-28374\" srcset=\"https:\/\/www.streetchildrenofkinshasa.org\/wp-content\/uploads\/2022\/06\/Rencontre-avec-JP-576x1024.jpg 576w, https:\/\/www.streetchildrenofkinshasa.org\/wp-content\/uploads\/2022\/06\/Rencontre-avec-JP-169x300.jpg 169w, https:\/\/www.streetchildrenofkinshasa.org\/wp-content\/uploads\/2022\/06\/Rencontre-avec-JP.jpg 675w\" sizes=\"auto, (max-width: 576px) 100vw, 576px\" \/><\/figure>\n\n\n\n<figure class=\"wp-block-image size-large\"><img loading=\"lazy\" decoding=\"async\" width=\"800\" height=\"800\" data-id=\"28371\" src=\"https:\/\/www.streetchildrenofkinshasa.org\/wp-content\/uploads\/2022\/06\/Maconnerie..jpg\" alt=\"\" class=\"wp-image-28371\" srcset=\"https:\/\/www.streetchildrenofkinshasa.org\/wp-content\/uploads\/2022\/06\/Maconnerie..jpg 800w, https:\/\/www.streetchildrenofkinshasa.org\/wp-content\/uploads\/2022\/06\/Maconnerie.-300x300.jpg 300w, https:\/\/www.streetchildrenofkinshasa.org\/wp-content\/uploads\/2022\/06\/Maconnerie.-150x150.jpg 150w, https:\/\/www.streetchildrenofkinshasa.org\/wp-content\/uploads\/2022\/06\/Maconnerie.-768x768.jpg 768w\" sizes=\"auto, (max-width: 800px) 100vw, 800px\" \/><\/figure>\n\n\n\n<figure class=\"wp-block-image size-full\"><img loading=\"lazy\" decoding=\"async\" width=\"768\" height=\"432\" data-id=\"28380\" src=\"https:\/\/www.streetchildrenofkinshasa.org\/wp-content\/uploads\/2022\/06\/Maconnerie-chantier.jpg\" alt=\"\" class=\"wp-image-28380\" srcset=\"https:\/\/www.streetchildrenofkinshasa.org\/wp-content\/uploads\/2022\/06\/Maconnerie-chantier.jpg 768w, https:\/\/www.streetchildrenofkinshasa.org\/wp-content\/uploads\/2022\/06\/Maconnerie-chantier-300x169.jpg 300w\" sizes=\"auto, (max-width: 768px) 100vw, 768px\" \/><\/figure>\n<\/figure>\n\n\n\n<figure class=\"wp-block-image size-large\"><img loading=\"lazy\" decoding=\"async\" width=\"1024\" height=\"576\" src=\"https:\/\/www.streetchildrenofkinshasa.org\/wp-content\/uploads\/2022\/06\/Maconnerie-1024x576.jpg\" alt=\"\" class=\"wp-image-28383\" srcset=\"https:\/\/www.streetchildrenofkinshasa.org\/wp-content\/uploads\/2022\/06\/Maconnerie-1024x576.jpg 1024w, https:\/\/www.streetchildrenofkinshasa.org\/wp-content\/uploads\/2022\/06\/Maconnerie-300x169.jpg 300w, https:\/\/www.streetchildrenofkinshasa.org\/wp-content\/uploads\/2022\/06\/Maconnerie-768x432.jpg 768w, https:\/\/www.streetchildrenofkinshasa.org\/wp-content\/uploads\/2022\/06\/Maconnerie.jpg 1200w\" sizes=\"auto, (max-width: 1024px) 100vw, 1024px\" \/><\/figure>\n\n\n\n<figure class=\"wp-block-image size-large\"><img loading=\"lazy\" decoding=\"async\" width=\"1024\" height=\"576\" src=\"https:\/\/www.streetchildrenofkinshasa.org\/wp-content\/uploads\/2022\/06\/Maison-de-linsertion-professionnelle-1024x576.jpg\" alt=\"\" class=\"wp-image-28401\" srcset=\"https:\/\/www.streetchildrenofkinshasa.org\/wp-content\/uploads\/2022\/06\/Maison-de-linsertion-professionnelle-1024x576.jpg 1024w, https:\/\/www.streetchildrenofkinshasa.org\/wp-content\/uploads\/2022\/06\/Maison-de-linsertion-professionnelle-300x169.jpg 300w, https:\/\/www.streetchildrenofkinshasa.org\/wp-content\/uploads\/2022\/06\/Maison-de-linsertion-professionnelle-768x432.jpg 768w, https:\/\/www.streetchildrenofkinshasa.org\/wp-content\/uploads\/2022\/06\/Maison-de-linsertion-professionnelle.jpg 1200w\" sizes=\"auto, (max-width: 1024px) 100vw, 1024px\" \/><\/figure>\n<\/div>\n<\/div>\n","protected":false},"excerpt":{"rendered":"<p>La seule solution eux est de d\u00e9marrer leur propre petit atelier. Leur formation professionnelle ax\u00e9e uniquement sur la ma\u00eetrise de la technique ne les pr\u00e9pare pas \u00e0 cela.<\/p>\n","protected":false},"author":11,"featured_media":28401,"comment_status":"open","ping_status":"open","sticky":false,"template":"","format":"standard","meta":{"_acf_changed":false,"footnotes":""},"categories":[1],"tags":[],"class_list":["post-28631","post","type-post","status-publish","format-standard","has-post-thumbnail","hentry","category-coup-doeil-sur-lactualite"],"acf":[],"yoast_head":"<!-- This site is optimized with the Yoast SEO plugin v27.5 - https:\/\/yoast.com\/product\/yoast-seo-wordpress\/ -->\n<title>La maisonde l&#039;insertion professionnelle - Ndako Ya Biso - Enfants de Kinshasa<\/title>\n<meta name=\"description\" content=\"La seule solution eux est de d\u00e9marrer leur propre petit atelier. Leur formation professionnelle ax\u00e9e uniquement sur la ma\u00eetrise de la technique ne les pr\u00e9pare pas \u00e0 cela.\" \/>\n<meta name=\"robots\" content=\"index, follow, max-snippet:-1, max-image-preview:large, max-video-preview:-1\" \/>\n<link rel=\"canonical\" href=\"https:\/\/www.streetchildrenofkinshasa.org\/fr\/la-maisonde-linsertion-professionnelle\/\" \/>\n<meta property=\"og:locale\" content=\"fr_FR\" \/>\n<meta property=\"og:type\" content=\"article\" \/>\n<meta property=\"og:title\" content=\"La maisonde l&#039;insertion professionnelle - Ndako Ya Biso - Enfants de Kinshasa\" \/>\n<meta property=\"og:description\" content=\"La seule solution eux est de d\u00e9marrer leur propre petit atelier. Leur formation professionnelle ax\u00e9e uniquement sur la ma\u00eetrise de la technique ne les pr\u00e9pare pas \u00e0 cela.\" \/>\n<meta property=\"og:url\" content=\"https:\/\/www.streetchildrenofkinshasa.org\/fr\/la-maisonde-linsertion-professionnelle\/\" \/>\n<meta property=\"og:site_name\" content=\"Ndako Ya Biso - Enfants de Kinshasa\" \/>\n<meta property=\"article:publisher\" content=\"https:\/\/www.facebook.com\/enfantsdelaruedekinshasa\/\" \/>\n<meta property=\"article:published_time\" content=\"2022-06-23T15:37:38+00:00\" \/>\n<meta property=\"article:modified_time\" content=\"2022-06-24T12:56:09+00:00\" \/>\n<meta property=\"og:image\" content=\"https:\/\/www.streetchildrenofkinshasa.org\/wp-content\/uploads\/2022\/06\/Maison-de-linsertion-professionnelle.jpg\" \/>\n\t<meta property=\"og:image:width\" content=\"1200\" \/>\n\t<meta property=\"og:image:height\" content=\"675\" \/>\n\t<meta property=\"og:image:type\" content=\"image\/jpeg\" \/>\n<meta name=\"author\" content=\"Dominique Magnette\" \/>\n<meta name=\"twitter:card\" content=\"summary_large_image\" \/>\n<meta name=\"twitter:label1\" content=\"\u00c9crit par\" \/>\n\t<meta name=\"twitter:data1\" content=\"Dominique Magnette\" \/>\n\t<meta name=\"twitter:label2\" content=\"Dur\u00e9e de lecture est.\" \/>\n\t<meta name=\"twitter:data2\" content=\"4 minutes\" \/>\n<script type=\"application\/ld+json\" class=\"yoast-schema-graph\">{\"@context\":\"https:\\\/\\\/schema.org\",\"@graph\":[{\"@type\":\"Article\",\"@id\":\"https:\\\/\\\/www.streetchildrenofkinshasa.org\\\/fr\\\/la-maisonde-linsertion-professionnelle\\\/#article\",\"isPartOf\":{\"@id\":\"https:\\\/\\\/www.streetchildrenofkinshasa.org\\\/fr\\\/la-maisonde-linsertion-professionnelle\\\/\"},\"author\":{\"name\":\"Dominique Magnette\",\"@id\":\"https:\\\/\\\/www.streetchildrenofkinshasa.org\\\/fr\\\/#\\\/schema\\\/person\\\/609205003211bec1a96f666719b12d03\"},\"headline\":\"La maison de l&rsquo;insertion professionnelle\",\"datePublished\":\"2022-06-23T15:37:38+00:00\",\"dateModified\":\"2022-06-24T12:56:09+00:00\",\"mainEntityOfPage\":{\"@id\":\"https:\\\/\\\/www.streetchildrenofkinshasa.org\\\/fr\\\/la-maisonde-linsertion-professionnelle\\\/\"},\"wordCount\":435,\"commentCount\":0,\"publisher\":{\"@id\":\"https:\\\/\\\/www.streetchildrenofkinshasa.org\\\/fr\\\/#organization\"},\"image\":{\"@id\":\"https:\\\/\\\/www.streetchildrenofkinshasa.org\\\/fr\\\/la-maisonde-linsertion-professionnelle\\\/#primaryimage\"},\"thumbnailUrl\":\"https:\\\/\\\/www.streetchildrenofkinshasa.org\\\/wp-content\\\/uploads\\\/2022\\\/06\\\/Maison-de-linsertion-professionnelle.jpg\",\"articleSection\":[\"Coup d'\u0153il sur l'actualit\u00e9\"],\"inLanguage\":\"fr-BE\",\"potentialAction\":[{\"@type\":\"CommentAction\",\"name\":\"Comment\",\"target\":[\"https:\\\/\\\/www.streetchildrenofkinshasa.org\\\/fr\\\/la-maisonde-linsertion-professionnelle\\\/#respond\"]}]},{\"@type\":\"WebPage\",\"@id\":\"https:\\\/\\\/www.streetchildrenofkinshasa.org\\\/fr\\\/la-maisonde-linsertion-professionnelle\\\/\",\"url\":\"https:\\\/\\\/www.streetchildrenofkinshasa.org\\\/fr\\\/la-maisonde-linsertion-professionnelle\\\/\",\"name\":\"La maison de l'insertion professionnelle - Ndako Ya Biso - Enfants de Kinshasa\",\"isPartOf\":{\"@id\":\"https:\\\/\\\/www.streetchildrenofkinshasa.org\\\/fr\\\/#website\"},\"primaryImageOfPage\":{\"@id\":\"https:\\\/\\\/www.streetchildrenofkinshasa.org\\\/fr\\\/la-maisonde-linsertion-professionnelle\\\/#primaryimage\"},\"image\":{\"@id\":\"https:\\\/\\\/www.streetchildrenofkinshasa.org\\\/fr\\\/la-maisonde-linsertion-professionnelle\\\/#primaryimage\"},\"thumbnailUrl\":\"https:\\\/\\\/www.streetchildrenofkinshasa.org\\\/wp-content\\\/uploads\\\/2022\\\/06\\\/Maison-de-linsertion-professionnelle.jpg\",\"datePublished\":\"2022-06-23T15:37:38+00:00\",\"dateModified\":\"2022-06-24T12:56:09+00:00\",\"description\":\"La seule solution eux est de d\u00e9marrer leur propre petit atelier. Leur formation professionnelle ax\u00e9e uniquement sur la ma\u00eetrise de la technique ne les pr\u00e9pare pas \u00e0 cela.\",\"breadcrumb\":{\"@id\":\"https:\\\/\\\/www.streetchildrenofkinshasa.org\\\/fr\\\/la-maisonde-linsertion-professionnelle\\\/#breadcrumb\"},\"inLanguage\":\"fr-BE\",\"potentialAction\":[{\"@type\":\"ReadAction\",\"target\":[\"https:\\\/\\\/www.streetchildrenofkinshasa.org\\\/fr\\\/la-maisonde-linsertion-professionnelle\\\/\"]}]},{\"@type\":\"ImageObject\",\"inLanguage\":\"fr-BE\",\"@id\":\"https:\\\/\\\/www.streetchildrenofkinshasa.org\\\/fr\\\/la-maisonde-linsertion-professionnelle\\\/#primaryimage\",\"url\":\"https:\\\/\\\/www.streetchildrenofkinshasa.org\\\/wp-content\\\/uploads\\\/2022\\\/06\\\/Maison-de-linsertion-professionnelle.jpg\",\"contentUrl\":\"https:\\\/\\\/www.streetchildrenofkinshasa.org\\\/wp-content\\\/uploads\\\/2022\\\/06\\\/Maison-de-linsertion-professionnelle.jpg\",\"width\":1200,\"height\":675},{\"@type\":\"BreadcrumbList\",\"@id\":\"https:\\\/\\\/www.streetchildrenofkinshasa.org\\\/fr\\\/la-maisonde-linsertion-professionnelle\\\/#breadcrumb\",\"itemListElement\":[{\"@type\":\"ListItem\",\"position\":1,\"name\":\"Home\",\"item\":\"https:\\\/\\\/www.streetchildrenofkinshasa.org\\\/fr\\\/\"},{\"@type\":\"ListItem\",\"position\":2,\"name\":\"La maisonde l&rsquo;insertion professionnelle\"}]},{\"@type\":\"WebSite\",\"@id\":\"https:\\\/\\\/www.streetchildrenofkinshasa.org\\\/fr\\\/#website\",\"url\":\"https:\\\/\\\/www.streetchildrenofkinshasa.org\\\/fr\\\/\",\"name\":\"Ndako Ya Biso - Enfants de Kinshasa\",\"description\":\"Donnons aux enfants des rues de Kinshasa un espoir et un avenir.\",\"publisher\":{\"@id\":\"https:\\\/\\\/www.streetchildrenofkinshasa.org\\\/fr\\\/#organization\"},\"potentialAction\":[{\"@type\":\"SearchAction\",\"target\":{\"@type\":\"EntryPoint\",\"urlTemplate\":\"https:\\\/\\\/www.streetchildrenofkinshasa.org\\\/fr\\\/?s={search_term_string}\"},\"query-input\":{\"@type\":\"PropertyValueSpecification\",\"valueRequired\":true,\"valueName\":\"search_term_string\"}}],\"inLanguage\":\"fr-BE\"},{\"@type\":\"Organization\",\"@id\":\"https:\\\/\\\/www.streetchildrenofkinshasa.org\\\/fr\\\/#organization\",\"name\":\"Communaut\u00e9 du Chemin Neuf\",\"url\":\"https:\\\/\\\/www.streetchildrenofkinshasa.org\\\/fr\\\/\",\"logo\":{\"@type\":\"ImageObject\",\"inLanguage\":\"fr-BE\",\"@id\":\"https:\\\/\\\/www.streetchildrenofkinshasa.org\\\/fr\\\/#\\\/schema\\\/logo\\\/image\\\/\",\"url\":\"https:\\\/\\\/www.streetchildrenofkinshasa.org\\\/wp-content\\\/uploads\\\/2022\\\/05\\\/logo-cte-couleur_evide.png\",\"contentUrl\":\"https:\\\/\\\/www.streetchildrenofkinshasa.org\\\/wp-content\\\/uploads\\\/2022\\\/05\\\/logo-cte-couleur_evide.png\",\"width\":1280,\"height\":736,\"caption\":\"Communaut\u00e9 du Chemin Neuf\"},\"image\":{\"@id\":\"https:\\\/\\\/www.streetchildrenofkinshasa.org\\\/fr\\\/#\\\/schema\\\/logo\\\/image\\\/\"},\"sameAs\":[\"https:\\\/\\\/www.facebook.com\\\/enfantsdelaruedekinshasa\\\/\",\"https:\\\/\\\/www.youtube.com\\\/channel\\\/UCIDv6Uc3gdp1RP_HrlK5VHw\"]},{\"@type\":\"Person\",\"@id\":\"https:\\\/\\\/www.streetchildrenofkinshasa.org\\\/fr\\\/#\\\/schema\\\/person\\\/609205003211bec1a96f666719b12d03\",\"name\":\"Dominique Magnette\",\"image\":{\"@type\":\"ImageObject\",\"inLanguage\":\"fr-BE\",\"@id\":\"https:\\\/\\\/secure.gravatar.com\\\/avatar\\\/9deac2a1f223165109943c223a975f5854d130ecc592f6e71bd451b00b0a269c?s=96&d=mm&r=g\",\"url\":\"https:\\\/\\\/secure.gravatar.com\\\/avatar\\\/9deac2a1f223165109943c223a975f5854d130ecc592f6e71bd451b00b0a269c?s=96&d=mm&r=g\",\"contentUrl\":\"https:\\\/\\\/secure.gravatar.com\\\/avatar\\\/9deac2a1f223165109943c223a975f5854d130ecc592f6e71bd451b00b0a269c?s=96&d=mm&r=g\",\"caption\":\"Dominique Magnette\"}}]}<\/script>\n<!-- \/ Yoast SEO plugin. -->","yoast_head_json":{"title":"La maisonde l'insertion professionnelle - Ndako Ya Biso - Enfants de Kinshasa","description":"La seule solution eux est de d\u00e9marrer leur propre petit atelier. Leur formation professionnelle ax\u00e9e uniquement sur la ma\u00eetrise de la technique ne les pr\u00e9pare pas \u00e0 cela.","robots":{"index":"index","follow":"follow","max-snippet":"max-snippet:-1","max-image-preview":"max-image-preview:large","max-video-preview":"max-video-preview:-1"},"canonical":"https:\/\/www.streetchildrenofkinshasa.org\/fr\/la-maisonde-linsertion-professionnelle\/","og_locale":"fr_FR","og_type":"article","og_title":"La maisonde l'insertion professionnelle - Ndako Ya Biso - Enfants de Kinshasa","og_description":"La seule solution eux est de d\u00e9marrer leur propre petit atelier. Leur formation professionnelle ax\u00e9e uniquement sur la ma\u00eetrise de la technique ne les pr\u00e9pare pas \u00e0 cela.","og_url":"https:\/\/www.streetchildrenofkinshasa.org\/fr\/la-maisonde-linsertion-professionnelle\/","og_site_name":"Ndako Ya Biso - Enfants de Kinshasa","article_publisher":"https:\/\/www.facebook.com\/enfantsdelaruedekinshasa\/","article_published_time":"2022-06-23T15:37:38+00:00","article_modified_time":"2022-06-24T12:56:09+00:00","og_image":[{"width":1200,"height":675,"url":"https:\/\/www.streetchildrenofkinshasa.org\/wp-content\/uploads\/2022\/06\/Maison-de-linsertion-professionnelle.jpg","type":"image\/jpeg"}],"author":"Dominique Magnette","twitter_card":"summary_large_image","twitter_misc":{"\u00c9crit par":"Dominique Magnette","Dur\u00e9e de lecture est.":"4 minutes"},"schema":{"@context":"https:\/\/schema.org","@graph":[{"@type":"Article","@id":"https:\/\/www.streetchildrenofkinshasa.org\/fr\/la-maisonde-linsertion-professionnelle\/#article","isPartOf":{"@id":"https:\/\/www.streetchildrenofkinshasa.org\/fr\/la-maisonde-linsertion-professionnelle\/"},"author":{"name":"Dominique Magnette","@id":"https:\/\/www.streetchildrenofkinshasa.org\/fr\/#\/schema\/person\/609205003211bec1a96f666719b12d03"},"headline":"La maison de l&rsquo;insertion professionnelle","datePublished":"2022-06-23T15:37:38+00:00","dateModified":"2022-06-24T12:56:09+00:00","mainEntityOfPage":{"@id":"https:\/\/www.streetchildrenofkinshasa.org\/fr\/la-maisonde-linsertion-professionnelle\/"},"wordCount":435,"commentCount":0,"publisher":{"@id":"https:\/\/www.streetchildrenofkinshasa.org\/fr\/#organization"},"image":{"@id":"https:\/\/www.streetchildrenofkinshasa.org\/fr\/la-maisonde-linsertion-professionnelle\/#primaryimage"},"thumbnailUrl":"https:\/\/www.streetchildrenofkinshasa.org\/wp-content\/uploads\/2022\/06\/Maison-de-linsertion-professionnelle.jpg","articleSection":["Coup d'\u0153il sur l'actualit\u00e9"],"inLanguage":"fr-BE","potentialAction":[{"@type":"CommentAction","name":"Comment","target":["https:\/\/www.streetchildrenofkinshasa.org\/fr\/la-maisonde-linsertion-professionnelle\/#respond"]}]},{"@type":"WebPage","@id":"https:\/\/www.streetchildrenofkinshasa.org\/fr\/la-maisonde-linsertion-professionnelle\/","url":"https:\/\/www.streetchildrenofkinshasa.org\/fr\/la-maisonde-linsertion-professionnelle\/","name":"La maison de l'insertion professionnelle - Ndako Ya Biso - Enfants de Kinshasa","isPartOf":{"@id":"https:\/\/www.streetchildrenofkinshasa.org\/fr\/#website"},"primaryImageOfPage":{"@id":"https:\/\/www.streetchildrenofkinshasa.org\/fr\/la-maisonde-linsertion-professionnelle\/#primaryimage"},"image":{"@id":"https:\/\/www.streetchildrenofkinshasa.org\/fr\/la-maisonde-linsertion-professionnelle\/#primaryimage"},"thumbnailUrl":"https:\/\/www.streetchildrenofkinshasa.org\/wp-content\/uploads\/2022\/06\/Maison-de-linsertion-professionnelle.jpg","datePublished":"2022-06-23T15:37:38+00:00","dateModified":"2022-06-24T12:56:09+00:00","description":"La seule solution eux est de d\u00e9marrer leur propre petit atelier. Leur formation professionnelle ax\u00e9e uniquement sur la ma\u00eetrise de la technique ne les pr\u00e9pare pas \u00e0 cela.","breadcrumb":{"@id":"https:\/\/www.streetchildrenofkinshasa.org\/fr\/la-maisonde-linsertion-professionnelle\/#breadcrumb"},"inLanguage":"fr-BE","potentialAction":[{"@type":"ReadAction","target":["https:\/\/www.streetchildrenofkinshasa.org\/fr\/la-maisonde-linsertion-professionnelle\/"]}]},{"@type":"ImageObject","inLanguage":"fr-BE","@id":"https:\/\/www.streetchildrenofkinshasa.org\/fr\/la-maisonde-linsertion-professionnelle\/#primaryimage","url":"https:\/\/www.streetchildrenofkinshasa.org\/wp-content\/uploads\/2022\/06\/Maison-de-linsertion-professionnelle.jpg","contentUrl":"https:\/\/www.streetchildrenofkinshasa.org\/wp-content\/uploads\/2022\/06\/Maison-de-linsertion-professionnelle.jpg","width":1200,"height":675},{"@type":"BreadcrumbList","@id":"https:\/\/www.streetchildrenofkinshasa.org\/fr\/la-maisonde-linsertion-professionnelle\/#breadcrumb","itemListElement":[{"@type":"ListItem","position":1,"name":"Home","item":"https:\/\/www.streetchildrenofkinshasa.org\/fr\/"},{"@type":"ListItem","position":2,"name":"La maisonde l&rsquo;insertion professionnelle"}]},{"@type":"WebSite","@id":"https:\/\/www.streetchildrenofkinshasa.org\/fr\/#website","url":"https:\/\/www.streetchildrenofkinshasa.org\/fr\/","name":"Ndako Ya Biso - Enfants de Kinshasa","description":"Donnons aux enfants des rues de Kinshasa un espoir et un avenir.","publisher":{"@id":"https:\/\/www.streetchildrenofkinshasa.org\/fr\/#organization"},"potentialAction":[{"@type":"SearchAction","target":{"@type":"EntryPoint","urlTemplate":"https:\/\/www.streetchildrenofkinshasa.org\/fr\/?s={search_term_string}"},"query-input":{"@type":"PropertyValueSpecification","valueRequired":true,"valueName":"search_term_string"}}],"inLanguage":"fr-BE"},{"@type":"Organization","@id":"https:\/\/www.streetchildrenofkinshasa.org\/fr\/#organization","name":"Communaut\u00e9 du Chemin Neuf","url":"https:\/\/www.streetchildrenofkinshasa.org\/fr\/","logo":{"@type":"ImageObject","inLanguage":"fr-BE","@id":"https:\/\/www.streetchildrenofkinshasa.org\/fr\/#\/schema\/logo\/image\/","url":"https:\/\/www.streetchildrenofkinshasa.org\/wp-content\/uploads\/2022\/05\/logo-cte-couleur_evide.png","contentUrl":"https:\/\/www.streetchildrenofkinshasa.org\/wp-content\/uploads\/2022\/05\/logo-cte-couleur_evide.png","width":1280,"height":736,"caption":"Communaut\u00e9 du Chemin Neuf"},"image":{"@id":"https:\/\/www.streetchildrenofkinshasa.org\/fr\/#\/schema\/logo\/image\/"},"sameAs":["https:\/\/www.facebook.com\/enfantsdelaruedekinshasa\/","https:\/\/www.youtube.com\/channel\/UCIDv6Uc3gdp1RP_HrlK5VHw"]},{"@type":"Person","@id":"https:\/\/www.streetchildrenofkinshasa.org\/fr\/#\/schema\/person\/609205003211bec1a96f666719b12d03","name":"Dominique Magnette","image":{"@type":"ImageObject","inLanguage":"fr-BE","@id":"https:\/\/secure.gravatar.com\/avatar\/9deac2a1f223165109943c223a975f5854d130ecc592f6e71bd451b00b0a269c?s=96&d=mm&r=g","url":"https:\/\/secure.gravatar.com\/avatar\/9deac2a1f223165109943c223a975f5854d130ecc592f6e71bd451b00b0a269c?s=96&d=mm&r=g","contentUrl":"https:\/\/secure.gravatar.com\/avatar\/9deac2a1f223165109943c223a975f5854d130ecc592f6e71bd451b00b0a269c?s=96&d=mm&r=g","caption":"Dominique Magnette"}}]}},"_links":{"self":[{"href":"https:\/\/www.streetchildrenofkinshasa.org\/fr\/wp-json\/wp\/v2\/posts\/28631","targetHints":{"allow":["GET"]}}],"collection":[{"href":"https:\/\/www.streetchildrenofkinshasa.org\/fr\/wp-json\/wp\/v2\/posts"}],"about":[{"href":"https:\/\/www.streetchildrenofkinshasa.org\/fr\/wp-json\/wp\/v2\/types\/post"}],"author":[{"embeddable":true,"href":"https:\/\/www.streetchildrenofkinshasa.org\/fr\/wp-json\/wp\/v2\/users\/11"}],"replies":[{"embeddable":true,"href":"https:\/\/www.streetchildrenofkinshasa.org\/fr\/wp-json\/wp\/v2\/comments?post=28631"}],"version-history":[{"count":2,"href":"https:\/\/www.streetchildrenofkinshasa.org\/fr\/wp-json\/wp\/v2\/posts\/28631\/revisions"}],"predecessor-version":[{"id":28822,"href":"https:\/\/www.streetchildrenofkinshasa.org\/fr\/wp-json\/wp\/v2\/posts\/28631\/revisions\/28822"}],"wp:featuredmedia":[{"embeddable":true,"href":"https:\/\/www.streetchildrenofkinshasa.org\/fr\/wp-json\/wp\/v2\/media\/28401"}],"wp:attachment":[{"href":"https:\/\/www.streetchildrenofkinshasa.org\/fr\/wp-json\/wp\/v2\/media?parent=28631"}],"wp:term":[{"taxonomy":"category","embeddable":true,"href":"https:\/\/www.streetchildrenofkinshasa.org\/fr\/wp-json\/wp\/v2\/categories?post=28631"},{"taxonomy":"post_tag","embeddable":true,"href":"https:\/\/www.streetchildrenofkinshasa.org\/fr\/wp-json\/wp\/v2\/tags?post=28631"}],"curies":[{"name":"wp","href":"https:\/\/api.w.org\/{rel}","templated":true}]}}