{"id":28615,"date":"2022-06-23T16:19:59","date_gmt":"2022-06-23T14:19:59","guid":{"rendered":"https:\/\/www.streetchildrenofkinshasa.org\/?p=28615"},"modified":"2022-06-24T15:52:07","modified_gmt":"2022-06-24T13:52:07","slug":"les-jumeaux","status":"publish","type":"post","link":"https:\/\/www.streetchildrenofkinshasa.org\/fr\/les-jumeaux\/","title":{"rendered":"Les jumeaux"},"content":{"rendered":"\n<p class=\"has-small-font-size\" style=\"line-height:1.7\"><strong>L<\/strong>es deux enfants sont jumeaux. Ils ont tous les deux 9 ans. Je les ai rencontr\u00e9s un soir \u00e0 19h, tout sales, en train de mendier au bord de la route.<\/p>\n\n\n\n<div class=\"wp-block-image\"><figure class=\"aligncenter size-large is-resized\"><img loading=\"lazy\" decoding=\"async\" src=\"https:\/\/www.streetchildrenofkinshasa.org\/wp-content\/uploads\/2022\/04\/Enfants-des-Rues-film-Reejer-1024x590.jpg\" alt=\"Enfants de la rue de dos\" class=\"wp-image-25832\" width=\"600\" height=\"350\"\/><\/figure><\/div>\n\n\n\n<p class=\"has-small-font-size\" style=\"line-height:1.7\">Si certaines personnes \u00e9taient touch\u00e9es de leur d\u00e9tresse, beaucoup les accusaient d\u2019\u00eatre des petits sorciers et les injuriaient. J\u2019ai repris les passants pour leur dire que ces enfants n\u2019\u00e9taient pas des sorciers mais qu\u2019ils avaient besoin de leur aide, puis j\u2019ai pris le temps d\u2019\u00e9couter les enfants. Ils m\u2019ont expliqu\u00e9 leur grande mis\u00e8re et m\u2019ont donn\u00e9 l\u2019adresse de leur famille dans un des quartiers tr\u00e8s pauvres de Kinshasa. Je leur ai promis une visite \u00e0 la maison familiale et je leur ai laiss\u00e9 quelque chose \u00e0 manger. Apr\u00e8s quelques jours, j\u2019ai pu aller rendre visite aux enfants, j\u2019ai retrouv\u00e9 leur adresse sans probl\u00e8mes et les enfants m\u2019ont reconnu et ont \u00e9t\u00e9 tout contents de ma visite.<\/p>\n\n\n\n<p class=\"has-small-font-size\" style=\"line-height:1.7\">Les parents vivent avec leurs 8 enfants, dont un b\u00e9b\u00e9, mal nourris, dans une petite maison en t\u00f4les d\u2019une seule pi\u00e8ce, dans une tr\u00e8s grande mis\u00e8re&nbsp;: la maman portant son b\u00e9b\u00e9 de 10 mois et le papa malade. D\u00e9pass\u00e9 par cette situation, j\u2019ai appel\u00e9 un confr\u00e8re pour m\u2019aider \u00e0 voir ce que nous pouvions faire dans cette situation.<\/p>\n\n\n\n<div class=\"wp-block-image is-style-default\"><figure class=\"aligncenter size-full is-resized\"><img loading=\"lazy\" decoding=\"async\" src=\"https:\/\/www.streetchildrenofkinshasa.org\/wp-content\/uploads\/2022\/06\/Visite-a-une-famille-nombreuse.jpg\" alt=\"\" class=\"wp-image-28848\" width=\"600\" height=\"600\" srcset=\"https:\/\/www.streetchildrenofkinshasa.org\/wp-content\/uploads\/2022\/06\/Visite-a-une-famille-nombreuse.jpg 800w, https:\/\/www.streetchildrenofkinshasa.org\/wp-content\/uploads\/2022\/06\/Visite-a-une-famille-nombreuse-300x300.jpg 300w, https:\/\/www.streetchildrenofkinshasa.org\/wp-content\/uploads\/2022\/06\/Visite-a-une-famille-nombreuse-150x150.jpg 150w, https:\/\/www.streetchildrenofkinshasa.org\/wp-content\/uploads\/2022\/06\/Visite-a-une-famille-nombreuse-768x768.jpg 768w\" sizes=\"auto, (max-width: 600px) 100vw, 600px\" \/><\/figure><\/div>\n\n\n\n<p class=\"has-small-font-size\" style=\"line-height:1.7\">Nous avons d\u00e9cid\u00e9 dans un premier temps de faire soigner le papa dans un dispensaire proche, d\u2019introduire la maman \u00e0 la planification familiale en lui conseillant la pose de l\u2019implant, d\u2019octroyer un microcr\u00e9dit \u00e0 la maman pour relancer son petit commerce, et de scolariser les deux jumeaux qui n\u2019ont pas encore pu commencer l\u2019\u00e9cole.<\/p>\n\n\n\n<div class=\"wp-block-columns is-style-restricted-width is-layout-flex wp-container-core-columns-is-layout-9d6595d7 wp-block-columns-is-layout-flex\">\n<div class=\"wp-block-column is-layout-flow wp-block-column-is-layout-flow\" style=\"flex-basis:100%\"><\/div>\n<\/div>\n","protected":false},"excerpt":{"rendered":"<p>Certaines personnes \u00e9taient touch\u00e9es de leur d\u00e9tresse, beaucoup les accusaient d\u2019\u00eatre des petits sorciers et les injuriaient. J\u2019ai repris les passants pour leur dire que ces enfants n\u2019\u00e9taient pas des sorciers mais qu\u2019ils avaient besoin de leur aide<\/p>\n","protected":false},"author":11,"featured_media":26974,"comment_status":"open","ping_status":"open","sticky":false,"template":"","format":"standard","meta":{"_acf_changed":false,"footnotes":""},"categories":[50],"tags":[],"class_list":["post-28615","post","type-post","status-publish","format-standard","has-post-thumbnail","hentry","category-temoignages"],"acf":[],"yoast_head":"<!-- This site is optimized with the Yoast SEO plugin v27.5 - https:\/\/yoast.com\/product\/yoast-seo-wordpress\/ -->\n<title>Les jumeaux - Ndako Ya Biso - Enfants de Kinshasa<\/title>\n<meta name=\"description\" content=\"Certaines personnes \u00e9taient touch\u00e9es de leur d\u00e9tresse, beaucoup les accusaient d\u2019\u00eatre des petits sorciers et les injuriaient. J\u2019ai repris les passants pour leur dire que ces enfants n\u2019\u00e9taient pas des sorciers mais qu\u2019ils avaient besoin de leur aide\" \/>\n<meta name=\"robots\" content=\"index, follow, max-snippet:-1, max-image-preview:large, max-video-preview:-1\" \/>\n<link rel=\"canonical\" href=\"https:\/\/www.streetchildrenofkinshasa.org\/fr\/les-jumeaux\/\" \/>\n<meta property=\"og:locale\" content=\"fr_FR\" \/>\n<meta property=\"og:type\" content=\"article\" \/>\n<meta property=\"og:title\" content=\"Les jumeaux - Ndako Ya Biso - Enfants de Kinshasa\" \/>\n<meta property=\"og:description\" content=\"Certaines personnes \u00e9taient touch\u00e9es de leur d\u00e9tresse, beaucoup les accusaient d\u2019\u00eatre des petits sorciers et les injuriaient. J\u2019ai repris les passants pour leur dire que ces enfants n\u2019\u00e9taient pas des sorciers mais qu\u2019ils avaient besoin de leur aide\" \/>\n<meta property=\"og:url\" content=\"https:\/\/www.streetchildrenofkinshasa.org\/fr\/les-jumeaux\/\" \/>\n<meta property=\"og:site_name\" content=\"Ndako Ya Biso - Enfants de Kinshasa\" \/>\n<meta property=\"article:publisher\" content=\"https:\/\/www.facebook.com\/enfantsdelaruedekinshasa\/\" \/>\n<meta property=\"article:published_time\" content=\"2022-06-23T14:19:59+00:00\" \/>\n<meta property=\"article:modified_time\" content=\"2022-06-24T13:52:07+00:00\" \/>\n<meta property=\"og:image\" content=\"https:\/\/www.streetchildrenofkinshasa.org\/wp-content\/uploads\/2022\/05\/Appartenir-a-une-famille-1.jpg\" \/>\n\t<meta property=\"og:image:width\" content=\"798\" \/>\n\t<meta property=\"og:image:height\" content=\"449\" \/>\n\t<meta property=\"og:image:type\" content=\"image\/jpeg\" \/>\n<meta name=\"author\" content=\"Dominique Magnette\" \/>\n<meta name=\"twitter:card\" content=\"summary_large_image\" \/>\n<meta name=\"twitter:label1\" content=\"\u00c9crit par\" \/>\n\t<meta name=\"twitter:data1\" content=\"Dominique Magnette\" \/>\n\t<meta name=\"twitter:label2\" content=\"Dur\u00e9e de lecture est.\" \/>\n\t<meta name=\"twitter:data2\" content=\"2 minutes\" \/>\n<script type=\"application\/ld+json\" class=\"yoast-schema-graph\">{\"@context\":\"https:\\\/\\\/schema.org\",\"@graph\":[{\"@type\":\"Article\",\"@id\":\"https:\\\/\\\/www.streetchildrenofkinshasa.org\\\/fr\\\/les-jumeaux\\\/#article\",\"isPartOf\":{\"@id\":\"https:\\\/\\\/www.streetchildrenofkinshasa.org\\\/fr\\\/les-jumeaux\\\/\"},\"author\":{\"name\":\"Dominique Magnette\",\"@id\":\"https:\\\/\\\/www.streetchildrenofkinshasa.org\\\/fr\\\/#\\\/schema\\\/person\\\/609205003211bec1a96f666719b12d03\"},\"headline\":\"Les jumeaux\",\"datePublished\":\"2022-06-23T14:19:59+00:00\",\"dateModified\":\"2022-06-24T13:52:07+00:00\",\"mainEntityOfPage\":{\"@id\":\"https:\\\/\\\/www.streetchildrenofkinshasa.org\\\/fr\\\/les-jumeaux\\\/\"},\"wordCount\":290,\"commentCount\":0,\"publisher\":{\"@id\":\"https:\\\/\\\/www.streetchildrenofkinshasa.org\\\/fr\\\/#organization\"},\"image\":{\"@id\":\"https:\\\/\\\/www.streetchildrenofkinshasa.org\\\/fr\\\/les-jumeaux\\\/#primaryimage\"},\"thumbnailUrl\":\"https:\\\/\\\/www.streetchildrenofkinshasa.org\\\/wp-content\\\/uploads\\\/2022\\\/05\\\/Appartenir-a-une-famille-1.jpg\",\"articleSection\":[\"T\u00e9moignages\"],\"inLanguage\":\"fr-BE\",\"potentialAction\":[{\"@type\":\"CommentAction\",\"name\":\"Comment\",\"target\":[\"https:\\\/\\\/www.streetchildrenofkinshasa.org\\\/fr\\\/les-jumeaux\\\/#respond\"]}]},{\"@type\":\"WebPage\",\"@id\":\"https:\\\/\\\/www.streetchildrenofkinshasa.org\\\/fr\\\/les-jumeaux\\\/\",\"url\":\"https:\\\/\\\/www.streetchildrenofkinshasa.org\\\/fr\\\/les-jumeaux\\\/\",\"name\":\"Les jumeaux - Ndako Ya Biso - Enfants de Kinshasa\",\"isPartOf\":{\"@id\":\"https:\\\/\\\/www.streetchildrenofkinshasa.org\\\/fr\\\/#website\"},\"primaryImageOfPage\":{\"@id\":\"https:\\\/\\\/www.streetchildrenofkinshasa.org\\\/fr\\\/les-jumeaux\\\/#primaryimage\"},\"image\":{\"@id\":\"https:\\\/\\\/www.streetchildrenofkinshasa.org\\\/fr\\\/les-jumeaux\\\/#primaryimage\"},\"thumbnailUrl\":\"https:\\\/\\\/www.streetchildrenofkinshasa.org\\\/wp-content\\\/uploads\\\/2022\\\/05\\\/Appartenir-a-une-famille-1.jpg\",\"datePublished\":\"2022-06-23T14:19:59+00:00\",\"dateModified\":\"2022-06-24T13:52:07+00:00\",\"description\":\"Certaines personnes \u00e9taient touch\u00e9es de leur d\u00e9tresse, beaucoup les accusaient d\u2019\u00eatre des petits sorciers et les injuriaient. J\u2019ai repris les passants pour leur dire que ces enfants n\u2019\u00e9taient pas des sorciers mais qu\u2019ils avaient besoin de leur aide\",\"breadcrumb\":{\"@id\":\"https:\\\/\\\/www.streetchildrenofkinshasa.org\\\/fr\\\/les-jumeaux\\\/#breadcrumb\"},\"inLanguage\":\"fr-BE\",\"potentialAction\":[{\"@type\":\"ReadAction\",\"target\":[\"https:\\\/\\\/www.streetchildrenofkinshasa.org\\\/fr\\\/les-jumeaux\\\/\"]}]},{\"@type\":\"ImageObject\",\"inLanguage\":\"fr-BE\",\"@id\":\"https:\\\/\\\/www.streetchildrenofkinshasa.org\\\/fr\\\/les-jumeaux\\\/#primaryimage\",\"url\":\"https:\\\/\\\/www.streetchildrenofkinshasa.org\\\/wp-content\\\/uploads\\\/2022\\\/05\\\/Appartenir-a-une-famille-1.jpg\",\"contentUrl\":\"https:\\\/\\\/www.streetchildrenofkinshasa.org\\\/wp-content\\\/uploads\\\/2022\\\/05\\\/Appartenir-a-une-famille-1.jpg\",\"width\":798,\"height\":449},{\"@type\":\"BreadcrumbList\",\"@id\":\"https:\\\/\\\/www.streetchildrenofkinshasa.org\\\/fr\\\/les-jumeaux\\\/#breadcrumb\",\"itemListElement\":[{\"@type\":\"ListItem\",\"position\":1,\"name\":\"Home\",\"item\":\"https:\\\/\\\/www.streetchildrenofkinshasa.org\\\/fr\\\/\"},{\"@type\":\"ListItem\",\"position\":2,\"name\":\"Les jumeaux\"}]},{\"@type\":\"WebSite\",\"@id\":\"https:\\\/\\\/www.streetchildrenofkinshasa.org\\\/fr\\\/#website\",\"url\":\"https:\\\/\\\/www.streetchildrenofkinshasa.org\\\/fr\\\/\",\"name\":\"Ndako Ya Biso - Enfants de Kinshasa\",\"description\":\"Donnons aux enfants des rues de Kinshasa un espoir et un avenir.\",\"publisher\":{\"@id\":\"https:\\\/\\\/www.streetchildrenofkinshasa.org\\\/fr\\\/#organization\"},\"potentialAction\":[{\"@type\":\"SearchAction\",\"target\":{\"@type\":\"EntryPoint\",\"urlTemplate\":\"https:\\\/\\\/www.streetchildrenofkinshasa.org\\\/fr\\\/?s={search_term_string}\"},\"query-input\":{\"@type\":\"PropertyValueSpecification\",\"valueRequired\":true,\"valueName\":\"search_term_string\"}}],\"inLanguage\":\"fr-BE\"},{\"@type\":\"Organization\",\"@id\":\"https:\\\/\\\/www.streetchildrenofkinshasa.org\\\/fr\\\/#organization\",\"name\":\"Communaut\u00e9 du Chemin Neuf\",\"url\":\"https:\\\/\\\/www.streetchildrenofkinshasa.org\\\/fr\\\/\",\"logo\":{\"@type\":\"ImageObject\",\"inLanguage\":\"fr-BE\",\"@id\":\"https:\\\/\\\/www.streetchildrenofkinshasa.org\\\/fr\\\/#\\\/schema\\\/logo\\\/image\\\/\",\"url\":\"https:\\\/\\\/www.streetchildrenofkinshasa.org\\\/wp-content\\\/uploads\\\/2022\\\/05\\\/logo-cte-couleur_evide.png\",\"contentUrl\":\"https:\\\/\\\/www.streetchildrenofkinshasa.org\\\/wp-content\\\/uploads\\\/2022\\\/05\\\/logo-cte-couleur_evide.png\",\"width\":1280,\"height\":736,\"caption\":\"Communaut\u00e9 du Chemin Neuf\"},\"image\":{\"@id\":\"https:\\\/\\\/www.streetchildrenofkinshasa.org\\\/fr\\\/#\\\/schema\\\/logo\\\/image\\\/\"},\"sameAs\":[\"https:\\\/\\\/www.facebook.com\\\/enfantsdelaruedekinshasa\\\/\",\"https:\\\/\\\/www.youtube.com\\\/channel\\\/UCIDv6Uc3gdp1RP_HrlK5VHw\"]},{\"@type\":\"Person\",\"@id\":\"https:\\\/\\\/www.streetchildrenofkinshasa.org\\\/fr\\\/#\\\/schema\\\/person\\\/609205003211bec1a96f666719b12d03\",\"name\":\"Dominique Magnette\",\"image\":{\"@type\":\"ImageObject\",\"inLanguage\":\"fr-BE\",\"@id\":\"https:\\\/\\\/secure.gravatar.com\\\/avatar\\\/9deac2a1f223165109943c223a975f5854d130ecc592f6e71bd451b00b0a269c?s=96&d=mm&r=g\",\"url\":\"https:\\\/\\\/secure.gravatar.com\\\/avatar\\\/9deac2a1f223165109943c223a975f5854d130ecc592f6e71bd451b00b0a269c?s=96&d=mm&r=g\",\"contentUrl\":\"https:\\\/\\\/secure.gravatar.com\\\/avatar\\\/9deac2a1f223165109943c223a975f5854d130ecc592f6e71bd451b00b0a269c?s=96&d=mm&r=g\",\"caption\":\"Dominique Magnette\"}}]}<\/script>\n<!-- \/ Yoast SEO plugin. -->","yoast_head_json":{"title":"Les jumeaux - Ndako Ya Biso - Enfants de Kinshasa","description":"Certaines personnes \u00e9taient touch\u00e9es de leur d\u00e9tresse, beaucoup les accusaient d\u2019\u00eatre des petits sorciers et les injuriaient. J\u2019ai repris les passants pour leur dire que ces enfants n\u2019\u00e9taient pas des sorciers mais qu\u2019ils avaient besoin de leur aide","robots":{"index":"index","follow":"follow","max-snippet":"max-snippet:-1","max-image-preview":"max-image-preview:large","max-video-preview":"max-video-preview:-1"},"canonical":"https:\/\/www.streetchildrenofkinshasa.org\/fr\/les-jumeaux\/","og_locale":"fr_FR","og_type":"article","og_title":"Les jumeaux - Ndako Ya Biso - Enfants de Kinshasa","og_description":"Certaines personnes \u00e9taient touch\u00e9es de leur d\u00e9tresse, beaucoup les accusaient d\u2019\u00eatre des petits sorciers et les injuriaient. J\u2019ai repris les passants pour leur dire que ces enfants n\u2019\u00e9taient pas des sorciers mais qu\u2019ils avaient besoin de leur aide","og_url":"https:\/\/www.streetchildrenofkinshasa.org\/fr\/les-jumeaux\/","og_site_name":"Ndako Ya Biso - Enfants de Kinshasa","article_publisher":"https:\/\/www.facebook.com\/enfantsdelaruedekinshasa\/","article_published_time":"2022-06-23T14:19:59+00:00","article_modified_time":"2022-06-24T13:52:07+00:00","og_image":[{"width":798,"height":449,"url":"https:\/\/www.streetchildrenofkinshasa.org\/wp-content\/uploads\/2022\/05\/Appartenir-a-une-famille-1.jpg","type":"image\/jpeg"}],"author":"Dominique Magnette","twitter_card":"summary_large_image","twitter_misc":{"\u00c9crit par":"Dominique Magnette","Dur\u00e9e de lecture est.":"2 minutes"},"schema":{"@context":"https:\/\/schema.org","@graph":[{"@type":"Article","@id":"https:\/\/www.streetchildrenofkinshasa.org\/fr\/les-jumeaux\/#article","isPartOf":{"@id":"https:\/\/www.streetchildrenofkinshasa.org\/fr\/les-jumeaux\/"},"author":{"name":"Dominique Magnette","@id":"https:\/\/www.streetchildrenofkinshasa.org\/fr\/#\/schema\/person\/609205003211bec1a96f666719b12d03"},"headline":"Les jumeaux","datePublished":"2022-06-23T14:19:59+00:00","dateModified":"2022-06-24T13:52:07+00:00","mainEntityOfPage":{"@id":"https:\/\/www.streetchildrenofkinshasa.org\/fr\/les-jumeaux\/"},"wordCount":290,"commentCount":0,"publisher":{"@id":"https:\/\/www.streetchildrenofkinshasa.org\/fr\/#organization"},"image":{"@id":"https:\/\/www.streetchildrenofkinshasa.org\/fr\/les-jumeaux\/#primaryimage"},"thumbnailUrl":"https:\/\/www.streetchildrenofkinshasa.org\/wp-content\/uploads\/2022\/05\/Appartenir-a-une-famille-1.jpg","articleSection":["T\u00e9moignages"],"inLanguage":"fr-BE","potentialAction":[{"@type":"CommentAction","name":"Comment","target":["https:\/\/www.streetchildrenofkinshasa.org\/fr\/les-jumeaux\/#respond"]}]},{"@type":"WebPage","@id":"https:\/\/www.streetchildrenofkinshasa.org\/fr\/les-jumeaux\/","url":"https:\/\/www.streetchildrenofkinshasa.org\/fr\/les-jumeaux\/","name":"Les jumeaux - Ndako Ya Biso - Enfants de Kinshasa","isPartOf":{"@id":"https:\/\/www.streetchildrenofkinshasa.org\/fr\/#website"},"primaryImageOfPage":{"@id":"https:\/\/www.streetchildrenofkinshasa.org\/fr\/les-jumeaux\/#primaryimage"},"image":{"@id":"https:\/\/www.streetchildrenofkinshasa.org\/fr\/les-jumeaux\/#primaryimage"},"thumbnailUrl":"https:\/\/www.streetchildrenofkinshasa.org\/wp-content\/uploads\/2022\/05\/Appartenir-a-une-famille-1.jpg","datePublished":"2022-06-23T14:19:59+00:00","dateModified":"2022-06-24T13:52:07+00:00","description":"Certaines personnes \u00e9taient touch\u00e9es de leur d\u00e9tresse, beaucoup les accusaient d\u2019\u00eatre des petits sorciers et les injuriaient. J\u2019ai repris les passants pour leur dire que ces enfants n\u2019\u00e9taient pas des sorciers mais qu\u2019ils avaient besoin de leur aide","breadcrumb":{"@id":"https:\/\/www.streetchildrenofkinshasa.org\/fr\/les-jumeaux\/#breadcrumb"},"inLanguage":"fr-BE","potentialAction":[{"@type":"ReadAction","target":["https:\/\/www.streetchildrenofkinshasa.org\/fr\/les-jumeaux\/"]}]},{"@type":"ImageObject","inLanguage":"fr-BE","@id":"https:\/\/www.streetchildrenofkinshasa.org\/fr\/les-jumeaux\/#primaryimage","url":"https:\/\/www.streetchildrenofkinshasa.org\/wp-content\/uploads\/2022\/05\/Appartenir-a-une-famille-1.jpg","contentUrl":"https:\/\/www.streetchildrenofkinshasa.org\/wp-content\/uploads\/2022\/05\/Appartenir-a-une-famille-1.jpg","width":798,"height":449},{"@type":"BreadcrumbList","@id":"https:\/\/www.streetchildrenofkinshasa.org\/fr\/les-jumeaux\/#breadcrumb","itemListElement":[{"@type":"ListItem","position":1,"name":"Home","item":"https:\/\/www.streetchildrenofkinshasa.org\/fr\/"},{"@type":"ListItem","position":2,"name":"Les jumeaux"}]},{"@type":"WebSite","@id":"https:\/\/www.streetchildrenofkinshasa.org\/fr\/#website","url":"https:\/\/www.streetchildrenofkinshasa.org\/fr\/","name":"Ndako Ya Biso - Enfants de Kinshasa","description":"Donnons aux enfants des rues de Kinshasa un espoir et un avenir.","publisher":{"@id":"https:\/\/www.streetchildrenofkinshasa.org\/fr\/#organization"},"potentialAction":[{"@type":"SearchAction","target":{"@type":"EntryPoint","urlTemplate":"https:\/\/www.streetchildrenofkinshasa.org\/fr\/?s={search_term_string}"},"query-input":{"@type":"PropertyValueSpecification","valueRequired":true,"valueName":"search_term_string"}}],"inLanguage":"fr-BE"},{"@type":"Organization","@id":"https:\/\/www.streetchildrenofkinshasa.org\/fr\/#organization","name":"Communaut\u00e9 du Chemin Neuf","url":"https:\/\/www.streetchildrenofkinshasa.org\/fr\/","logo":{"@type":"ImageObject","inLanguage":"fr-BE","@id":"https:\/\/www.streetchildrenofkinshasa.org\/fr\/#\/schema\/logo\/image\/","url":"https:\/\/www.streetchildrenofkinshasa.org\/wp-content\/uploads\/2022\/05\/logo-cte-couleur_evide.png","contentUrl":"https:\/\/www.streetchildrenofkinshasa.org\/wp-content\/uploads\/2022\/05\/logo-cte-couleur_evide.png","width":1280,"height":736,"caption":"Communaut\u00e9 du Chemin Neuf"},"image":{"@id":"https:\/\/www.streetchildrenofkinshasa.org\/fr\/#\/schema\/logo\/image\/"},"sameAs":["https:\/\/www.facebook.com\/enfantsdelaruedekinshasa\/","https:\/\/www.youtube.com\/channel\/UCIDv6Uc3gdp1RP_HrlK5VHw"]},{"@type":"Person","@id":"https:\/\/www.streetchildrenofkinshasa.org\/fr\/#\/schema\/person\/609205003211bec1a96f666719b12d03","name":"Dominique Magnette","image":{"@type":"ImageObject","inLanguage":"fr-BE","@id":"https:\/\/secure.gravatar.com\/avatar\/9deac2a1f223165109943c223a975f5854d130ecc592f6e71bd451b00b0a269c?s=96&d=mm&r=g","url":"https:\/\/secure.gravatar.com\/avatar\/9deac2a1f223165109943c223a975f5854d130ecc592f6e71bd451b00b0a269c?s=96&d=mm&r=g","contentUrl":"https:\/\/secure.gravatar.com\/avatar\/9deac2a1f223165109943c223a975f5854d130ecc592f6e71bd451b00b0a269c?s=96&d=mm&r=g","caption":"Dominique Magnette"}}]}},"_links":{"self":[{"href":"https:\/\/www.streetchildrenofkinshasa.org\/fr\/wp-json\/wp\/v2\/posts\/28615","targetHints":{"allow":["GET"]}}],"collection":[{"href":"https:\/\/www.streetchildrenofkinshasa.org\/fr\/wp-json\/wp\/v2\/posts"}],"about":[{"href":"https:\/\/www.streetchildrenofkinshasa.org\/fr\/wp-json\/wp\/v2\/types\/post"}],"author":[{"embeddable":true,"href":"https:\/\/www.streetchildrenofkinshasa.org\/fr\/wp-json\/wp\/v2\/users\/11"}],"replies":[{"embeddable":true,"href":"https:\/\/www.streetchildrenofkinshasa.org\/fr\/wp-json\/wp\/v2\/comments?post=28615"}],"version-history":[{"count":7,"href":"https:\/\/www.streetchildrenofkinshasa.org\/fr\/wp-json\/wp\/v2\/posts\/28615\/revisions"}],"predecessor-version":[{"id":28859,"href":"https:\/\/www.streetchildrenofkinshasa.org\/fr\/wp-json\/wp\/v2\/posts\/28615\/revisions\/28859"}],"wp:featuredmedia":[{"embeddable":true,"href":"https:\/\/www.streetchildrenofkinshasa.org\/fr\/wp-json\/wp\/v2\/media\/26974"}],"wp:attachment":[{"href":"https:\/\/www.streetchildrenofkinshasa.org\/fr\/wp-json\/wp\/v2\/media?parent=28615"}],"wp:term":[{"taxonomy":"category","embeddable":true,"href":"https:\/\/www.streetchildrenofkinshasa.org\/fr\/wp-json\/wp\/v2\/categories?post=28615"},{"taxonomy":"post_tag","embeddable":true,"href":"https:\/\/www.streetchildrenofkinshasa.org\/fr\/wp-json\/wp\/v2\/tags?post=28615"}],"curies":[{"name":"wp","href":"https:\/\/api.w.org\/{rel}","templated":true}]}}