{"id":28927,"date":"2022-06-24T10:53:13","date_gmt":"2022-06-24T08:53:13","guid":{"rendered":"https:\/\/www.streetchildrenofkinshasa.org\/rencontres-de-jean-pierre-lors-de-son-retour-en-europe\/"},"modified":"2022-06-28T11:11:38","modified_gmt":"2022-06-28T09:11:38","slug":"rencontres-de-jean-pierre-lors-de-son-retour-en-europe","status":"publish","type":"post","link":"https:\/\/www.streetchildrenofkinshasa.org\/en\/rencontres-de-jean-pierre-lors-de-son-retour-en-europe\/","title":{"rendered":"Rencontres avec Jean-Pierre \u00e0 son retour en Europe"},"content":{"rendered":"\n<div class=\"wp-block-columns is-layout-flex wp-container-core-columns-is-layout-9d6595d7 wp-block-columns-is-layout-flex\">\n<div class=\"wp-block-column is-layout-flow wp-block-column-is-layout-flow\">\n<p class=\"has-small-font-size\" style=\"line-height:1.7\">Chers amis, je viens de faire une tourn\u00e9e europ\u00e9enne pendant tout le mois de mai ! Avec la crise corona, cela fait trois ans que je ne suis pas venu en Europe (depuis 2019).<\/p>\n\n\n\n<p class=\"has-small-font-size\" style=\"line-height:1.7\"><\/p>\n\n\n\n<p class=\"has-small-font-size\" style=\"line-height:1.7\"><\/p>\n<\/div>\n<\/div>\n\n\n\n<div class=\"wp-block-columns are-vertically-aligned-center is-layout-flex wp-container-core-columns-is-layout-9d6595d7 wp-block-columns-is-layout-flex\">\n<div class=\"wp-block-column is-vertically-aligned-center is-layout-flow wp-block-column-is-layout-flow\" style=\"flex-basis:66.66%\">\n<p class=\"has-small-font-size\" style=\"line-height:1.7\">Mais je devais aussi profiter de ce voyage pour reprendre contact avec de nombreux amis et partenaires : notre travail avec les enfants des rues est passionnant, chaque enfant r\u00e9uni avec un membre de sa famille est une joie et un espoir, mais aussi un combat ! Et ce travail co\u00fbte cher : notre budget actuel est de 500 000 euros et notre personnel compte 42 personnes, \u00e9ducateurs sociaux, psychologues, infirmi\u00e8res, femmes de m\u00e9nage, cuisiniers, personnel administratif et financier\u2026<\/p>\n\n\n\n<p class=\"has-small-font-size\" style=\"line-height:1.7\">C&#8217;est l&#8217;unit\u00e9 d&#8217;engagement de toutes ces personnes qui nous permet d&#8217;avancer avec chaque enfant et chaque famille.<\/p>\n\n\n\n<p class=\"has-small-font-size\" style=\"line-height:1.7\"><\/p>\n<\/div>\n\n\n\n<div class=\"wp-block-column is-vertically-aligned-center is-layout-flow wp-block-column-is-layout-flow\" style=\"flex-basis:33.33%\">\n<div class=\"wp-block-image\"><figure class=\"aligncenter size-large is-resized\"><img loading=\"lazy\" decoding=\"async\" src=\"https:\/\/www.streetchildrenofkinshasa.org\/wp-content\/uploads\/2022\/06\/Trois-petits-bouts-edited.jpg\" alt=\"\" class=\"wp-image-28703\" width=\"280\" height=\"280\" srcset=\"https:\/\/www.streetchildrenofkinshasa.org\/wp-content\/uploads\/2022\/06\/Trois-petits-bouts-edited.jpg 743w, https:\/\/www.streetchildrenofkinshasa.org\/wp-content\/uploads\/2022\/06\/Trois-petits-bouts-edited-300x300.jpg 300w, https:\/\/www.streetchildrenofkinshasa.org\/wp-content\/uploads\/2022\/06\/Trois-petits-bouts-edited-150x150.jpg 150w\" sizes=\"auto, (max-width: 280px) 100vw, 280px\" \/><\/figure><\/div>\n<\/div>\n<\/div>\n\n\n\n<div class=\"wp-block-columns is-layout-flex wp-container-core-columns-is-layout-9d6595d7 wp-block-columns-is-layout-flex\">\n<div class=\"wp-block-column is-layout-flow wp-block-column-is-layout-flow\" style=\"flex-basis:33.33%\">\n<div class=\"wp-block-image\"><figure class=\"aligncenter size-full is-resized\"><img loading=\"lazy\" decoding=\"async\" src=\"https:\/\/www.streetchildrenofkinshasa.org\/wp-content\/uploads\/2022\/06\/News-de-Maude-edited.jpg\" alt=\"\" class=\"wp-image-28706\" width=\"280\" height=\"280\" srcset=\"https:\/\/www.streetchildrenofkinshasa.org\/wp-content\/uploads\/2022\/06\/News-de-Maude-edited.jpg 450w, https:\/\/www.streetchildrenofkinshasa.org\/wp-content\/uploads\/2022\/06\/News-de-Maude-edited-300x300.jpg 300w, https:\/\/www.streetchildrenofkinshasa.org\/wp-content\/uploads\/2022\/06\/News-de-Maude-edited-150x150.jpg 150w\" sizes=\"auto, (max-width: 280px) 100vw, 280px\" \/><\/figure><\/div>\n<\/div>\n\n\n\n<div class=\"wp-block-column is-vertically-aligned-center is-layout-flow wp-block-column-is-layout-flow\" style=\"flex-basis:66.66%\">\n<p class=\"has-small-font-size\" style=\"line-height:1.7\">C&#8217;est ainsi que j&#8217;ai pu rendre visite non seulement aux fr\u00e8res et s\u0153urs de notre Communaut\u00e9 du Chemin Neuf en Belgique et en France, mais aussi \u00e0 une quinzaine d&#8217;autres partenaires dans quatre pays europ\u00e9ens : notamment Louvain-D\u00e9veloppement, M\u00e9decins du Monde, Caritas et l&#8217;Abbaye de Westmalle en Belgique, Vastenactie aux Pays-Bas, ainsi que la Fondation d&#8217;Auteuil, SOS Enfants, le Secours Catholique en France et Misereor en Allemagne\u2026<\/p>\n\n\n\n<p class=\"has-small-font-size\" style=\"line-height:1.7\"><\/p>\n<\/div>\n<\/div>\n\n\n\n<div class=\"wp-block-columns are-vertically-aligned-center is-layout-flex wp-container-core-columns-is-layout-9d6595d7 wp-block-columns-is-layout-flex\">\n<div class=\"wp-block-column is-vertically-aligned-center is-layout-flow wp-block-column-is-layout-flow\" style=\"flex-basis:66.66%\">\n<p class=\"has-small-font-size\" style=\"line-height:1.7\">A chaque fois, nous avons \u00e9t\u00e9 bien accueillis par des partenaires int\u00e9ress\u00e9s par notre travail qui nous ont pos\u00e9 de nombreuses questions sur la dynamique de notre travail, les conditions de vie difficiles des familles \u00e0 Kinshasa, nos perspectives\u2026 Nous avons notamment pu r\u00e9pondre que nous avions inaugur\u00e9 en janvier notre &#8220;maison d&#8217;insertion professionnelle&#8221; pour les jeunes ayant termin\u00e9 leur formation professionnelle, que nous avons f\u00eat\u00e9 il y a deux mois le dixi\u00e8me anniversaire de notre centre d&#8217;accueil pour les filles de la rue et que dans deux ou trois mois, nous f\u00eaterons la trois milli\u00e8me r\u00e9unification d&#8217;un enfant de la rue avec sa famille par notre organisation depuis nos petits d\u00e9buts en d\u00e9cembre 2004.<\/p>\n\n\n\n<p class=\"has-small-font-size\" style=\"line-height:1.7\"><\/p>\n<\/div>\n\n\n\n<div class=\"wp-block-column is-vertically-aligned-center is-layout-flow wp-block-column-is-layout-flow\" style=\"flex-basis:33.33%\">\n<div class=\"wp-block-image\"><figure class=\"aligncenter size-large is-resized\"><img loading=\"lazy\" decoding=\"async\" src=\"https:\/\/www.streetchildrenofkinshasa.org\/wp-content\/uploads\/2022\/06\/Rencontre-avec-JP-edited.jpg\" alt=\"\" class=\"wp-image-28709\" width=\"280\" height=\"278\"\/><\/figure><\/div>\n<\/div>\n<\/div>\n\n\n\n<div class=\"wp-block-columns is-layout-flex wp-container-core-columns-is-layout-9d6595d7 wp-block-columns-is-layout-flex\">\n<div class=\"wp-block-column is-layout-flow wp-block-column-is-layout-flow\" style=\"flex-basis:33.33%\">\n<div class=\"wp-block-image\"><figure class=\"aligncenter size-full is-resized\"><img loading=\"lazy\" decoding=\"async\" src=\"https:\/\/www.streetchildrenofkinshasa.org\/wp-content\/uploads\/2022\/06\/Sur-le-coeur-de-sa-maman.jpg\" alt=\"\" class=\"wp-image-27819\" width=\"280\" height=\"279\" srcset=\"https:\/\/www.streetchildrenofkinshasa.org\/wp-content\/uploads\/2022\/06\/Sur-le-coeur-de-sa-maman.jpg 698w, https:\/\/www.streetchildrenofkinshasa.org\/wp-content\/uploads\/2022\/06\/Sur-le-coeur-de-sa-maman-300x300.jpg 300w, https:\/\/www.streetchildrenofkinshasa.org\/wp-content\/uploads\/2022\/06\/Sur-le-coeur-de-sa-maman-150x150.jpg 150w\" sizes=\"auto, (max-width: 280px) 100vw, 280px\" \/><\/figure><\/div>\n<\/div>\n\n\n\n<div class=\"wp-block-column is-vertically-aligned-center is-layout-flow wp-block-column-is-layout-flow\" style=\"flex-basis:66.66%\">\n<p class=\"has-small-font-size\" style=\"line-height:1.7\">M\u00eame si aucune organisation ne s&#8217;est engag\u00e9e directement dans un nouveau financement, j&#8217;ai l&#8217;impression que tous nos partenaires sont satisfaits du s\u00e9rieux de notre engagement, int\u00e9ress\u00e9s par la dynamique de notre travail, par les nombreux t\u00e9moignages que nous essayons de transmettre r\u00e9guli\u00e8rement, et qu&#8217;ils souhaitent poursuivre leur soutien afin de nous aider \u00e0 continuer cette ouverture d&#8217;espoir pour les jeunes et les familles en situation difficile \u00e0 Kinshasa.<\/p>\n\n\n\n<p class=\"has-small-font-size\" style=\"line-height:1.7\"><\/p>\n<\/div>\n<\/div>\n\n\n\n<div class=\"wp-block-columns is-layout-flex wp-container-core-columns-is-layout-9d6595d7 wp-block-columns-is-layout-flex\">\n<div class=\"wp-block-column is-vertically-aligned-center is-layout-flow wp-block-column-is-layout-flow\" style=\"flex-basis:66.66%\">\n<p class=\"has-small-font-size\" style=\"line-height:1.7\">J&#8217;ai appris \u00e0 croire que nous avons de nombreux amis dans diff\u00e9rents pays europ\u00e9ens qui pensent \u00e0 nous, prient pour notre travail et nous soutiennent de la meilleure fa\u00e7on possible, ce qui nous donne la joie de continuer et d&#8217;avancer chaque jour avec un ou deux nouveaux enfants \u00e0 accueillir dans les rues, en sachant que nous ne sommes pas seuls dans cet engagement\u2026<\/p>\n\n\n\n<p class=\"has-small-font-size\" style=\"line-height:1.7\"><\/p>\n\n\n\n<p class=\"has-small-font-size\" style=\"line-height:1.7\"><\/p>\n<\/div>\n\n\n\n<div class=\"wp-block-column is-layout-flow wp-block-column-is-layout-flow\" style=\"flex-basis:33.33%\">\n<figure class=\"wp-block-image size-large is-resized\"><img loading=\"lazy\" decoding=\"async\" src=\"https:\/\/www.streetchildrenofkinshasa.org\/wp-content\/uploads\/2022\/06\/Moise-00-edited.jpg\" alt=\"\" class=\"wp-image-28712\" width=\"280\" height=\"280\" srcset=\"https:\/\/www.streetchildrenofkinshasa.org\/wp-content\/uploads\/2022\/06\/Moise-00-edited.jpg 1013w, https:\/\/www.streetchildrenofkinshasa.org\/wp-content\/uploads\/2022\/06\/Moise-00-edited-300x300.jpg 300w, https:\/\/www.streetchildrenofkinshasa.org\/wp-content\/uploads\/2022\/06\/Moise-00-edited-150x150.jpg 150w, https:\/\/www.streetchildrenofkinshasa.org\/wp-content\/uploads\/2022\/06\/Moise-00-edited-768x766.jpg 768w\" sizes=\"auto, (max-width: 280px) 100vw, 280px\" \/><\/figure>\n<\/div>\n<\/div>\n","protected":false},"excerpt":{"rendered":"<p>Notre travail avec les enfants des rues est passionnant, chaque enfant r\u00e9unifi\u00e9 aupr\u00e8s d\u2019un membre de sa famille est une joie et une esp\u00e9rance, mais aussi tout un combat\u00a0! Et ce travail coute cher<\/p>\n","protected":false},"author":11,"featured_media":25921,"comment_status":"open","ping_status":"open","sticky":false,"template":"","format":"standard","meta":{"_acf_changed":false,"footnotes":""},"categories":[41],"tags":[],"class_list":["post-28927","post","type-post","status-publish","format-standard","has-post-thumbnail","hentry","category-uncategorized"],"acf":[],"yoast_head":"<!-- This site is optimized with the Yoast SEO plugin v27.5 - https:\/\/yoast.com\/product\/yoast-seo-wordpress\/ -->\n<title>Rencontres avec Jean-Pierre \u00e0 son retour en Europe - Ndako Ya Biso - Enfants de Kinshasa<\/title>\n<meta name=\"description\" content=\"Notre travail avec les enfants des rues est passionnant, chaque enfant r\u00e9unifi\u00e9 aupr\u00e8s d\u2019un membre de sa famille est une joie et une esp\u00e9rance, mais aussi tout un combat\u00a0! Et ce travail coute cher\" \/>\n<meta name=\"robots\" content=\"index, follow, max-snippet:-1, max-image-preview:large, max-video-preview:-1\" \/>\n<link rel=\"canonical\" href=\"https:\/\/www.streetchildrenofkinshasa.org\/en\/rencontres-de-jean-pierre-lors-de-son-retour-en-europe\/\" \/>\n<meta property=\"og:locale\" content=\"en_GB\" \/>\n<meta property=\"og:type\" content=\"article\" \/>\n<meta property=\"og:title\" content=\"Rencontres avec Jean-Pierre \u00e0 son retour en Europe - Ndako Ya Biso - Enfants de Kinshasa\" \/>\n<meta property=\"og:description\" content=\"Notre travail avec les enfants des rues est passionnant, chaque enfant r\u00e9unifi\u00e9 aupr\u00e8s d\u2019un membre de sa famille est une joie et une esp\u00e9rance, mais aussi tout un combat\u00a0! Et ce travail coute cher\" \/>\n<meta property=\"og:url\" content=\"https:\/\/www.streetchildrenofkinshasa.org\/en\/rencontres-de-jean-pierre-lors-de-son-retour-en-europe\/\" \/>\n<meta property=\"og:site_name\" content=\"Ndako Ya Biso - Enfants de Kinshasa\" \/>\n<meta property=\"article:publisher\" content=\"https:\/\/www.facebook.com\/enfantsdelaruedekinshasa\/\" \/>\n<meta property=\"article:published_time\" content=\"2022-06-24T08:53:13+00:00\" \/>\n<meta property=\"article:modified_time\" content=\"2022-06-28T09:11:38+00:00\" \/>\n<meta property=\"og:image\" content=\"https:\/\/www.streetchildrenofkinshasa.org\/wp-content\/uploads\/2022\/04\/Jean-Pierre-avec-trois-enfants.jpg\" \/>\n\t<meta property=\"og:image:width\" content=\"570\" \/>\n\t<meta property=\"og:image:height\" content=\"570\" \/>\n\t<meta property=\"og:image:type\" content=\"image\/jpeg\" \/>\n<meta name=\"author\" content=\"Dominique Magnette\" \/>\n<meta name=\"twitter:card\" content=\"summary_large_image\" \/>\n<meta name=\"twitter:label1\" content=\"Written by\" \/>\n\t<meta name=\"twitter:data1\" content=\"Dominique Magnette\" \/>\n\t<meta name=\"twitter:label2\" content=\"Estimated reading time\" \/>\n\t<meta name=\"twitter:data2\" content=\"4 minutes\" \/>\n<script type=\"application\/ld+json\" class=\"yoast-schema-graph\">{\"@context\":\"https:\\\/\\\/schema.org\",\"@graph\":[{\"@type\":\"Article\",\"@id\":\"https:\\\/\\\/www.streetchildrenofkinshasa.org\\\/en\\\/rencontres-de-jean-pierre-lors-de-son-retour-en-europe\\\/#article\",\"isPartOf\":{\"@id\":\"https:\\\/\\\/www.streetchildrenofkinshasa.org\\\/en\\\/rencontres-de-jean-pierre-lors-de-son-retour-en-europe\\\/\"},\"author\":{\"name\":\"Dominique Magnette\",\"@id\":\"https:\\\/\\\/www.streetchildrenofkinshasa.org\\\/en\\\/#\\\/schema\\\/person\\\/609205003211bec1a96f666719b12d03\"},\"headline\":\"Rencontres avec Jean-Pierre \u00e0 son retour en Europe\",\"datePublished\":\"2022-06-24T08:53:13+00:00\",\"dateModified\":\"2022-06-28T09:11:38+00:00\",\"mainEntityOfPage\":{\"@id\":\"https:\\\/\\\/www.streetchildrenofkinshasa.org\\\/en\\\/rencontres-de-jean-pierre-lors-de-son-retour-en-europe\\\/\"},\"wordCount\":485,\"commentCount\":0,\"publisher\":{\"@id\":\"https:\\\/\\\/www.streetchildrenofkinshasa.org\\\/en\\\/#organization\"},\"image\":{\"@id\":\"https:\\\/\\\/www.streetchildrenofkinshasa.org\\\/en\\\/rencontres-de-jean-pierre-lors-de-son-retour-en-europe\\\/#primaryimage\"},\"thumbnailUrl\":\"https:\\\/\\\/www.streetchildrenofkinshasa.org\\\/wp-content\\\/uploads\\\/2022\\\/04\\\/Jean-Pierre-avec-trois-enfants.jpg\",\"articleSection\":[\"Uncategorized\"],\"inLanguage\":\"en-GB\",\"potentialAction\":[{\"@type\":\"CommentAction\",\"name\":\"Comment\",\"target\":[\"https:\\\/\\\/www.streetchildrenofkinshasa.org\\\/en\\\/rencontres-de-jean-pierre-lors-de-son-retour-en-europe\\\/#respond\"]}]},{\"@type\":\"WebPage\",\"@id\":\"https:\\\/\\\/www.streetchildrenofkinshasa.org\\\/en\\\/rencontres-de-jean-pierre-lors-de-son-retour-en-europe\\\/\",\"url\":\"https:\\\/\\\/www.streetchildrenofkinshasa.org\\\/en\\\/rencontres-de-jean-pierre-lors-de-son-retour-en-europe\\\/\",\"name\":\"Rencontres avec Jean-Pierre \u00e0 son retour en Europe - Ndako Ya Biso - Enfants de Kinshasa\",\"isPartOf\":{\"@id\":\"https:\\\/\\\/www.streetchildrenofkinshasa.org\\\/en\\\/#website\"},\"primaryImageOfPage\":{\"@id\":\"https:\\\/\\\/www.streetchildrenofkinshasa.org\\\/en\\\/rencontres-de-jean-pierre-lors-de-son-retour-en-europe\\\/#primaryimage\"},\"image\":{\"@id\":\"https:\\\/\\\/www.streetchildrenofkinshasa.org\\\/en\\\/rencontres-de-jean-pierre-lors-de-son-retour-en-europe\\\/#primaryimage\"},\"thumbnailUrl\":\"https:\\\/\\\/www.streetchildrenofkinshasa.org\\\/wp-content\\\/uploads\\\/2022\\\/04\\\/Jean-Pierre-avec-trois-enfants.jpg\",\"datePublished\":\"2022-06-24T08:53:13+00:00\",\"dateModified\":\"2022-06-28T09:11:38+00:00\",\"description\":\"Notre travail avec les enfants des rues est passionnant, chaque enfant r\u00e9unifi\u00e9 aupr\u00e8s d\u2019un membre de sa famille est une joie et une esp\u00e9rance, mais aussi tout un combat\u00a0! Et ce travail coute cher\",\"breadcrumb\":{\"@id\":\"https:\\\/\\\/www.streetchildrenofkinshasa.org\\\/en\\\/rencontres-de-jean-pierre-lors-de-son-retour-en-europe\\\/#breadcrumb\"},\"inLanguage\":\"en-GB\",\"potentialAction\":[{\"@type\":\"ReadAction\",\"target\":[\"https:\\\/\\\/www.streetchildrenofkinshasa.org\\\/en\\\/rencontres-de-jean-pierre-lors-de-son-retour-en-europe\\\/\"]}]},{\"@type\":\"ImageObject\",\"inLanguage\":\"en-GB\",\"@id\":\"https:\\\/\\\/www.streetchildrenofkinshasa.org\\\/en\\\/rencontres-de-jean-pierre-lors-de-son-retour-en-europe\\\/#primaryimage\",\"url\":\"https:\\\/\\\/www.streetchildrenofkinshasa.org\\\/wp-content\\\/uploads\\\/2022\\\/04\\\/Jean-Pierre-avec-trois-enfants.jpg\",\"contentUrl\":\"https:\\\/\\\/www.streetchildrenofkinshasa.org\\\/wp-content\\\/uploads\\\/2022\\\/04\\\/Jean-Pierre-avec-trois-enfants.jpg\",\"width\":570,\"height\":570},{\"@type\":\"BreadcrumbList\",\"@id\":\"https:\\\/\\\/www.streetchildrenofkinshasa.org\\\/en\\\/rencontres-de-jean-pierre-lors-de-son-retour-en-europe\\\/#breadcrumb\",\"itemListElement\":[{\"@type\":\"ListItem\",\"position\":1,\"name\":\"Home\",\"item\":\"https:\\\/\\\/www.streetchildrenofkinshasa.org\\\/en\\\/\"},{\"@type\":\"ListItem\",\"position\":2,\"name\":\"Rencontres avec Jean-Pierre \u00e0 son retour en Europe\"}]},{\"@type\":\"WebSite\",\"@id\":\"https:\\\/\\\/www.streetchildrenofkinshasa.org\\\/en\\\/#website\",\"url\":\"https:\\\/\\\/www.streetchildrenofkinshasa.org\\\/en\\\/\",\"name\":\"Ndako Ya Biso - Enfants de Kinshasa\",\"description\":\"Donnons aux enfants des rues de Kinshasa un espoir et un avenir.\",\"publisher\":{\"@id\":\"https:\\\/\\\/www.streetchildrenofkinshasa.org\\\/en\\\/#organization\"},\"potentialAction\":[{\"@type\":\"SearchAction\",\"target\":{\"@type\":\"EntryPoint\",\"urlTemplate\":\"https:\\\/\\\/www.streetchildrenofkinshasa.org\\\/en\\\/?s={search_term_string}\"},\"query-input\":{\"@type\":\"PropertyValueSpecification\",\"valueRequired\":true,\"valueName\":\"search_term_string\"}}],\"inLanguage\":\"en-GB\"},{\"@type\":\"Organization\",\"@id\":\"https:\\\/\\\/www.streetchildrenofkinshasa.org\\\/en\\\/#organization\",\"name\":\"Communaut\u00e9 du Chemin Neuf\",\"url\":\"https:\\\/\\\/www.streetchildrenofkinshasa.org\\\/en\\\/\",\"logo\":{\"@type\":\"ImageObject\",\"inLanguage\":\"en-GB\",\"@id\":\"https:\\\/\\\/www.streetchildrenofkinshasa.org\\\/en\\\/#\\\/schema\\\/logo\\\/image\\\/\",\"url\":\"https:\\\/\\\/www.streetchildrenofkinshasa.org\\\/wp-content\\\/uploads\\\/2022\\\/05\\\/logo-cte-couleur_evide.png\",\"contentUrl\":\"https:\\\/\\\/www.streetchildrenofkinshasa.org\\\/wp-content\\\/uploads\\\/2022\\\/05\\\/logo-cte-couleur_evide.png\",\"width\":1280,\"height\":736,\"caption\":\"Communaut\u00e9 du Chemin Neuf\"},\"image\":{\"@id\":\"https:\\\/\\\/www.streetchildrenofkinshasa.org\\\/en\\\/#\\\/schema\\\/logo\\\/image\\\/\"},\"sameAs\":[\"https:\\\/\\\/www.facebook.com\\\/enfantsdelaruedekinshasa\\\/\",\"https:\\\/\\\/www.youtube.com\\\/channel\\\/UCIDv6Uc3gdp1RP_HrlK5VHw\"]},{\"@type\":\"Person\",\"@id\":\"https:\\\/\\\/www.streetchildrenofkinshasa.org\\\/en\\\/#\\\/schema\\\/person\\\/609205003211bec1a96f666719b12d03\",\"name\":\"Dominique Magnette\",\"image\":{\"@type\":\"ImageObject\",\"inLanguage\":\"en-GB\",\"@id\":\"https:\\\/\\\/secure.gravatar.com\\\/avatar\\\/9deac2a1f223165109943c223a975f5854d130ecc592f6e71bd451b00b0a269c?s=96&d=mm&r=g\",\"url\":\"https:\\\/\\\/secure.gravatar.com\\\/avatar\\\/9deac2a1f223165109943c223a975f5854d130ecc592f6e71bd451b00b0a269c?s=96&d=mm&r=g\",\"contentUrl\":\"https:\\\/\\\/secure.gravatar.com\\\/avatar\\\/9deac2a1f223165109943c223a975f5854d130ecc592f6e71bd451b00b0a269c?s=96&d=mm&r=g\",\"caption\":\"Dominique Magnette\"}}]}<\/script>\n<!-- \/ Yoast SEO plugin. -->","yoast_head_json":{"title":"Rencontres avec Jean-Pierre \u00e0 son retour en Europe - Ndako Ya Biso - Enfants de Kinshasa","description":"Notre travail avec les enfants des rues est passionnant, chaque enfant r\u00e9unifi\u00e9 aupr\u00e8s d\u2019un membre de sa famille est une joie et une esp\u00e9rance, mais aussi tout un combat\u00a0! Et ce travail coute cher","robots":{"index":"index","follow":"follow","max-snippet":"max-snippet:-1","max-image-preview":"max-image-preview:large","max-video-preview":"max-video-preview:-1"},"canonical":"https:\/\/www.streetchildrenofkinshasa.org\/en\/rencontres-de-jean-pierre-lors-de-son-retour-en-europe\/","og_locale":"en_GB","og_type":"article","og_title":"Rencontres avec Jean-Pierre \u00e0 son retour en Europe - Ndako Ya Biso - Enfants de Kinshasa","og_description":"Notre travail avec les enfants des rues est passionnant, chaque enfant r\u00e9unifi\u00e9 aupr\u00e8s d\u2019un membre de sa famille est une joie et une esp\u00e9rance, mais aussi tout un combat\u00a0! Et ce travail coute cher","og_url":"https:\/\/www.streetchildrenofkinshasa.org\/en\/rencontres-de-jean-pierre-lors-de-son-retour-en-europe\/","og_site_name":"Ndako Ya Biso - Enfants de Kinshasa","article_publisher":"https:\/\/www.facebook.com\/enfantsdelaruedekinshasa\/","article_published_time":"2022-06-24T08:53:13+00:00","article_modified_time":"2022-06-28T09:11:38+00:00","og_image":[{"width":570,"height":570,"url":"https:\/\/www.streetchildrenofkinshasa.org\/wp-content\/uploads\/2022\/04\/Jean-Pierre-avec-trois-enfants.jpg","type":"image\/jpeg"}],"author":"Dominique Magnette","twitter_card":"summary_large_image","twitter_misc":{"Written by":"Dominique Magnette","Estimated reading time":"4 minutes"},"schema":{"@context":"https:\/\/schema.org","@graph":[{"@type":"Article","@id":"https:\/\/www.streetchildrenofkinshasa.org\/en\/rencontres-de-jean-pierre-lors-de-son-retour-en-europe\/#article","isPartOf":{"@id":"https:\/\/www.streetchildrenofkinshasa.org\/en\/rencontres-de-jean-pierre-lors-de-son-retour-en-europe\/"},"author":{"name":"Dominique Magnette","@id":"https:\/\/www.streetchildrenofkinshasa.org\/en\/#\/schema\/person\/609205003211bec1a96f666719b12d03"},"headline":"Rencontres avec Jean-Pierre \u00e0 son retour en Europe","datePublished":"2022-06-24T08:53:13+00:00","dateModified":"2022-06-28T09:11:38+00:00","mainEntityOfPage":{"@id":"https:\/\/www.streetchildrenofkinshasa.org\/en\/rencontres-de-jean-pierre-lors-de-son-retour-en-europe\/"},"wordCount":485,"commentCount":0,"publisher":{"@id":"https:\/\/www.streetchildrenofkinshasa.org\/en\/#organization"},"image":{"@id":"https:\/\/www.streetchildrenofkinshasa.org\/en\/rencontres-de-jean-pierre-lors-de-son-retour-en-europe\/#primaryimage"},"thumbnailUrl":"https:\/\/www.streetchildrenofkinshasa.org\/wp-content\/uploads\/2022\/04\/Jean-Pierre-avec-trois-enfants.jpg","articleSection":["Uncategorized"],"inLanguage":"en-GB","potentialAction":[{"@type":"CommentAction","name":"Comment","target":["https:\/\/www.streetchildrenofkinshasa.org\/en\/rencontres-de-jean-pierre-lors-de-son-retour-en-europe\/#respond"]}]},{"@type":"WebPage","@id":"https:\/\/www.streetchildrenofkinshasa.org\/en\/rencontres-de-jean-pierre-lors-de-son-retour-en-europe\/","url":"https:\/\/www.streetchildrenofkinshasa.org\/en\/rencontres-de-jean-pierre-lors-de-son-retour-en-europe\/","name":"Rencontres avec Jean-Pierre \u00e0 son retour en Europe - Ndako Ya Biso - Enfants de Kinshasa","isPartOf":{"@id":"https:\/\/www.streetchildrenofkinshasa.org\/en\/#website"},"primaryImageOfPage":{"@id":"https:\/\/www.streetchildrenofkinshasa.org\/en\/rencontres-de-jean-pierre-lors-de-son-retour-en-europe\/#primaryimage"},"image":{"@id":"https:\/\/www.streetchildrenofkinshasa.org\/en\/rencontres-de-jean-pierre-lors-de-son-retour-en-europe\/#primaryimage"},"thumbnailUrl":"https:\/\/www.streetchildrenofkinshasa.org\/wp-content\/uploads\/2022\/04\/Jean-Pierre-avec-trois-enfants.jpg","datePublished":"2022-06-24T08:53:13+00:00","dateModified":"2022-06-28T09:11:38+00:00","description":"Notre travail avec les enfants des rues est passionnant, chaque enfant r\u00e9unifi\u00e9 aupr\u00e8s d\u2019un membre de sa famille est une joie et une esp\u00e9rance, mais aussi tout un combat\u00a0! Et ce travail coute cher","breadcrumb":{"@id":"https:\/\/www.streetchildrenofkinshasa.org\/en\/rencontres-de-jean-pierre-lors-de-son-retour-en-europe\/#breadcrumb"},"inLanguage":"en-GB","potentialAction":[{"@type":"ReadAction","target":["https:\/\/www.streetchildrenofkinshasa.org\/en\/rencontres-de-jean-pierre-lors-de-son-retour-en-europe\/"]}]},{"@type":"ImageObject","inLanguage":"en-GB","@id":"https:\/\/www.streetchildrenofkinshasa.org\/en\/rencontres-de-jean-pierre-lors-de-son-retour-en-europe\/#primaryimage","url":"https:\/\/www.streetchildrenofkinshasa.org\/wp-content\/uploads\/2022\/04\/Jean-Pierre-avec-trois-enfants.jpg","contentUrl":"https:\/\/www.streetchildrenofkinshasa.org\/wp-content\/uploads\/2022\/04\/Jean-Pierre-avec-trois-enfants.jpg","width":570,"height":570},{"@type":"BreadcrumbList","@id":"https:\/\/www.streetchildrenofkinshasa.org\/en\/rencontres-de-jean-pierre-lors-de-son-retour-en-europe\/#breadcrumb","itemListElement":[{"@type":"ListItem","position":1,"name":"Home","item":"https:\/\/www.streetchildrenofkinshasa.org\/en\/"},{"@type":"ListItem","position":2,"name":"Rencontres avec Jean-Pierre \u00e0 son retour en Europe"}]},{"@type":"WebSite","@id":"https:\/\/www.streetchildrenofkinshasa.org\/en\/#website","url":"https:\/\/www.streetchildrenofkinshasa.org\/en\/","name":"Ndako Ya Biso - Enfants de Kinshasa","description":"Donnons aux enfants des rues de Kinshasa un espoir et un avenir.","publisher":{"@id":"https:\/\/www.streetchildrenofkinshasa.org\/en\/#organization"},"potentialAction":[{"@type":"SearchAction","target":{"@type":"EntryPoint","urlTemplate":"https:\/\/www.streetchildrenofkinshasa.org\/en\/?s={search_term_string}"},"query-input":{"@type":"PropertyValueSpecification","valueRequired":true,"valueName":"search_term_string"}}],"inLanguage":"en-GB"},{"@type":"Organization","@id":"https:\/\/www.streetchildrenofkinshasa.org\/en\/#organization","name":"Communaut\u00e9 du Chemin Neuf","url":"https:\/\/www.streetchildrenofkinshasa.org\/en\/","logo":{"@type":"ImageObject","inLanguage":"en-GB","@id":"https:\/\/www.streetchildrenofkinshasa.org\/en\/#\/schema\/logo\/image\/","url":"https:\/\/www.streetchildrenofkinshasa.org\/wp-content\/uploads\/2022\/05\/logo-cte-couleur_evide.png","contentUrl":"https:\/\/www.streetchildrenofkinshasa.org\/wp-content\/uploads\/2022\/05\/logo-cte-couleur_evide.png","width":1280,"height":736,"caption":"Communaut\u00e9 du Chemin Neuf"},"image":{"@id":"https:\/\/www.streetchildrenofkinshasa.org\/en\/#\/schema\/logo\/image\/"},"sameAs":["https:\/\/www.facebook.com\/enfantsdelaruedekinshasa\/","https:\/\/www.youtube.com\/channel\/UCIDv6Uc3gdp1RP_HrlK5VHw"]},{"@type":"Person","@id":"https:\/\/www.streetchildrenofkinshasa.org\/en\/#\/schema\/person\/609205003211bec1a96f666719b12d03","name":"Dominique Magnette","image":{"@type":"ImageObject","inLanguage":"en-GB","@id":"https:\/\/secure.gravatar.com\/avatar\/9deac2a1f223165109943c223a975f5854d130ecc592f6e71bd451b00b0a269c?s=96&d=mm&r=g","url":"https:\/\/secure.gravatar.com\/avatar\/9deac2a1f223165109943c223a975f5854d130ecc592f6e71bd451b00b0a269c?s=96&d=mm&r=g","contentUrl":"https:\/\/secure.gravatar.com\/avatar\/9deac2a1f223165109943c223a975f5854d130ecc592f6e71bd451b00b0a269c?s=96&d=mm&r=g","caption":"Dominique Magnette"}}]}},"_links":{"self":[{"href":"https:\/\/www.streetchildrenofkinshasa.org\/en\/wp-json\/wp\/v2\/posts\/28927","targetHints":{"allow":["GET"]}}],"collection":[{"href":"https:\/\/www.streetchildrenofkinshasa.org\/en\/wp-json\/wp\/v2\/posts"}],"about":[{"href":"https:\/\/www.streetchildrenofkinshasa.org\/en\/wp-json\/wp\/v2\/types\/post"}],"author":[{"embeddable":true,"href":"https:\/\/www.streetchildrenofkinshasa.org\/en\/wp-json\/wp\/v2\/users\/11"}],"replies":[{"embeddable":true,"href":"https:\/\/www.streetchildrenofkinshasa.org\/en\/wp-json\/wp\/v2\/comments?post=28927"}],"version-history":[{"count":6,"href":"https:\/\/www.streetchildrenofkinshasa.org\/en\/wp-json\/wp\/v2\/posts\/28927\/revisions"}],"predecessor-version":[{"id":28939,"href":"https:\/\/www.streetchildrenofkinshasa.org\/en\/wp-json\/wp\/v2\/posts\/28927\/revisions\/28939"}],"wp:featuredmedia":[{"embeddable":true,"href":"https:\/\/www.streetchildrenofkinshasa.org\/en\/wp-json\/wp\/v2\/media\/25921"}],"wp:attachment":[{"href":"https:\/\/www.streetchildrenofkinshasa.org\/en\/wp-json\/wp\/v2\/media?parent=28927"}],"wp:term":[{"taxonomy":"category","embeddable":true,"href":"https:\/\/www.streetchildrenofkinshasa.org\/en\/wp-json\/wp\/v2\/categories?post=28927"},{"taxonomy":"post_tag","embeddable":true,"href":"https:\/\/www.streetchildrenofkinshasa.org\/en\/wp-json\/wp\/v2\/tags?post=28927"}],"curies":[{"name":"wp","href":"https:\/\/api.w.org\/{rel}","templated":true}]}}